{"id":10900,"date":"2023-04-11T08:57:40","date_gmt":"2023-04-11T11:57:40","guid":{"rendered":"https:\/\/portalmf.com.br\/?p=10900"},"modified":"2023-04-11T09:28:28","modified_gmt":"2023-04-11T12:28:28","slug":"ivete-sangalo-sera-atracao-da-micareta-de-feira-diz-vice-governador","status":"publish","type":"post","link":"https:\/\/portalmf.com.br\/index.php\/2023\/04\/11\/ivete-sangalo-sera-atracao-da-micareta-de-feira-diz-vice-governador\/","title":{"rendered":"Ivete Sangalo ser\u00e1 atra\u00e7\u00e3o da Micareta de Feira, diz vice-governador"},"content":{"rendered":"\n<p>Mais uma grande atra\u00e7\u00e3o foi confirmada para a Micareta de Feira 2023, na noite desta segunda-feira (10) o vice-governador da Bahia Geraldo J\u00fanior afirmou que Ivete Sangalo ser\u00e1 atra\u00e7\u00e3o da festa para a pipoca.<\/p>\n\n\n\n<p><em>&#8220;S\u00f3 vou anunciar uma atra\u00e7\u00e3o, Ivete Sangalo, t\u00e1 todo mundo perguntando eu eu vou confirmar as outras atra\u00e7\u00f5es ser\u00e3o anunciadas na segunda-feira pelo governador Jer\u00f4nimo Rodrigues na pr\u00f3xima segunda&#8221;,<\/em> disse Geraldo J\u00fanior em entrevista ao PodZ\u00e9 do site BNews<\/p>\n\n\n\n<figure class=\"wp-block-image size-large\"><img fetchpriority=\"high\" decoding=\"async\" width=\"1024\" height=\"564\" src=\"https:\/\/portalmf.com.br\/wp-content\/uploads\/2023\/04\/IMG_20230411_084812-1024x564.jpg\" alt=\"\" class=\"wp-image-10902\" srcset=\"https:\/\/portalmf.com.br\/wp-content\/uploads\/2023\/04\/IMG_20230411_084812-1024x564.jpg 1024w, https:\/\/portalmf.com.br\/wp-content\/uploads\/2023\/04\/IMG_20230411_084812-300x165.jpg 300w, https:\/\/portalmf.com.br\/wp-content\/uploads\/2023\/04\/IMG_20230411_084812-768x423.jpg 768w, https:\/\/portalmf.com.br\/wp-content\/uploads\/2023\/04\/IMG_20230411_084812-1536x846.jpg 1536w, https:\/\/portalmf.com.br\/wp-content\/uploads\/2023\/04\/IMG_20230411_084812-1920x1057.jpg 1920w, https:\/\/portalmf.com.br\/wp-content\/uploads\/2023\/04\/IMG_20230411_084812-1170x644.jpg 1170w, https:\/\/portalmf.com.br\/wp-content\/uploads\/2023\/04\/IMG_20230411_084812-585x322.jpg 585w, https:\/\/portalmf.com.br\/wp-content\/uploads\/2023\/04\/IMG_20230411_084812.jpg 1962w\" sizes=\"(max-width: 1024px) 100vw, 1024px\" \/><\/figure>\n\n\n\n<p>Ainda segundo o vice-governador, pela primeira vez a Micareta de Feira ter\u00e1 atra\u00e7\u00f5es contratadas pelo Ouro Negro.<\/p>\n\n\n\n<p><em>&#8220;Os blocos afros e outras atra\u00e7\u00f5es ser\u00e3o anunciadas na pr\u00f3xima segunda-feira (17) e vou t\u00e1 presente na festa&#8221;, <\/em>disse o vice-governador no PodZ\u00e9.<\/p>\n","protected":false},"excerpt":{"rendered":"<p>Mais uma grande atra\u00e7\u00e3o foi confirmada para a Micareta de Feira 2023, na noite desta segunda-feira (10) o vice-governador da Bahia Geraldo J\u00fanior afirmou que Ivete Sangalo ser\u00e1 atra\u00e7\u00e3o da festa para a pipoca. &#8220;S\u00f3 vou anunciar uma atra\u00e7\u00e3o, Ivete Sangalo, t\u00e1 todo mundo perguntando eu eu vou confirmar as outras atra\u00e7\u00f5es ser\u00e3o anunciadas na [&hellip;]<\/p>\n","protected":false},"author":2,"featured_media":9804,"comment_status":"open","ping_status":"open","sticky":false,"template":"","format":"standard","meta":{"_monsterinsights_skip_tracking":false,"_monsterinsights_sitenote_active":false,"_monsterinsights_sitenote_note":"","_monsterinsights_sitenote_category":0,"footnotes":""},"categories":[47,39],"tags":[],"yoast_head":"<!-- This site is optimized with the Yoast SEO plugin v22.9 - https:\/\/yoast.com\/wordpress\/plugins\/seo\/ -->\n<title>Ivete Sangalo ser\u00e1 atra\u00e7\u00e3o da Micareta de Feira, diz vice-governador - Portal MF<\/title>\n<meta name=\"robots\" content=\"index, follow, max-snippet:-1, max-image-preview:large, max-video-preview:-1\" \/>\n<link rel=\"canonical\" href=\"https:\/\/portalmf.com.br\/index.php\/2023\/04\/11\/ivete-sangalo-sera-atracao-da-micareta-de-feira-diz-vice-governador\/\" \/>\n<meta property=\"og:locale\" content=\"pt_BR\" \/>\n<meta property=\"og:type\" content=\"article\" \/>\n<meta property=\"og:title\" content=\"Ivete Sangalo ser\u00e1 atra\u00e7\u00e3o da Micareta de Feira, diz vice-governador - Portal MF\" \/>\n<meta property=\"og:description\" content=\"Mais uma grande atra\u00e7\u00e3o foi confirmada para a Micareta de Feira 2023, na noite desta segunda-feira (10) o vice-governador da Bahia Geraldo J\u00fanior afirmou que Ivete Sangalo ser\u00e1 atra\u00e7\u00e3o da festa para a pipoca. &#8220;S\u00f3 vou anunciar uma atra\u00e7\u00e3o, Ivete Sangalo, t\u00e1 todo mundo perguntando eu eu vou confirmar as outras atra\u00e7\u00f5es ser\u00e3o anunciadas na [&hellip;]\" \/>\n<meta property=\"og:url\" content=\"https:\/\/portalmf.com.br\/index.php\/2023\/04\/11\/ivete-sangalo-sera-atracao-da-micareta-de-feira-diz-vice-governador\/\" \/>\n<meta property=\"og:site_name\" content=\"Portal MF\" \/>\n<meta property=\"article:author\" content=\"reginaldojrfsa\" \/>\n<meta property=\"article:published_time\" content=\"2023-04-11T11:57:40+00:00\" \/>\n<meta property=\"article:modified_time\" content=\"2023-04-11T12:28:28+00:00\" \/>\n<meta property=\"og:image\" content=\"https:\/\/portalmf.com.br\/wp-content\/uploads\/2023\/03\/ivete-sangalo.jpg\" \/>\n\t<meta property=\"og:image:width\" content=\"1900\" \/>\n\t<meta property=\"og:image:height\" content=\"1069\" \/>\n\t<meta property=\"og:image:type\" content=\"image\/jpeg\" \/>\n<meta name=\"author\" content=\"Reginaldo J\u00fanior\" \/>\n<meta name=\"twitter:card\" content=\"summary_large_image\" \/>\n<meta name=\"twitter:creator\" content=\"@reginaldojrmf\" \/>\n<meta name=\"twitter:label1\" content=\"Escrito por\" \/>\n\t<meta name=\"twitter:data1\" content=\"Reginaldo J\u00fanior\" \/>\n\t<meta name=\"twitter:label2\" content=\"Est. tempo de leitura\" \/>\n\t<meta name=\"twitter:data2\" content=\"1 minuto\" \/>\n<script type=\"application\/ld+json\" class=\"yoast-schema-graph\">{\"@context\":\"https:\/\/schema.org\",\"@graph\":[{\"@type\":\"WebPage\",\"@id\":\"https:\/\/portalmf.com.br\/index.php\/2023\/04\/11\/ivete-sangalo-sera-atracao-da-micareta-de-feira-diz-vice-governador\/\",\"url\":\"https:\/\/portalmf.com.br\/index.php\/2023\/04\/11\/ivete-sangalo-sera-atracao-da-micareta-de-feira-diz-vice-governador\/\",\"name\":\"Ivete Sangalo ser\u00e1 atra\u00e7\u00e3o da Micareta de Feira, diz vice-governador - Portal MF\",\"isPartOf\":{\"@id\":\"https:\/\/portalmf.com.br\/#website\"},\"primaryImageOfPage\":{\"@id\":\"https:\/\/portalmf.com.br\/index.php\/2023\/04\/11\/ivete-sangalo-sera-atracao-da-micareta-de-feira-diz-vice-governador\/#primaryimage\"},\"image\":{\"@id\":\"https:\/\/portalmf.com.br\/index.php\/2023\/04\/11\/ivete-sangalo-sera-atracao-da-micareta-de-feira-diz-vice-governador\/#primaryimage\"},\"thumbnailUrl\":\"https:\/\/portalmf.com.br\/wp-content\/uploads\/2023\/03\/ivete-sangalo.jpg\",\"datePublished\":\"2023-04-11T11:57:40+00:00\",\"dateModified\":\"2023-04-11T12:28:28+00:00\",\"author\":{\"@id\":\"https:\/\/portalmf.com.br\/#\/schema\/person\/11c82086fe8abc05a19147e964587285\"},\"breadcrumb\":{\"@id\":\"https:\/\/portalmf.com.br\/index.php\/2023\/04\/11\/ivete-sangalo-sera-atracao-da-micareta-de-feira-diz-vice-governador\/#breadcrumb\"},\"inLanguage\":\"pt-BR\",\"potentialAction\":[{\"@type\":\"ReadAction\",\"target\":[\"https:\/\/portalmf.com.br\/index.php\/2023\/04\/11\/ivete-sangalo-sera-atracao-da-micareta-de-feira-diz-vice-governador\/\"]}]},{\"@type\":\"ImageObject\",\"inLanguage\":\"pt-BR\",\"@id\":\"https:\/\/portalmf.com.br\/index.php\/2023\/04\/11\/ivete-sangalo-sera-atracao-da-micareta-de-feira-diz-vice-governador\/#primaryimage\",\"url\":\"https:\/\/portalmf.com.br\/wp-content\/uploads\/2023\/03\/ivete-sangalo.jpg\",\"contentUrl\":\"https:\/\/portalmf.com.br\/wp-content\/uploads\/2023\/03\/ivete-sangalo.jpg\",\"width\":1900,\"height\":1069,\"caption\":\"Foto: Rafa Mattei\/Divulga\u00e7\u00e3o\"},{\"@type\":\"BreadcrumbList\",\"@id\":\"https:\/\/portalmf.com.br\/index.php\/2023\/04\/11\/ivete-sangalo-sera-atracao-da-micareta-de-feira-diz-vice-governador\/#breadcrumb\",\"itemListElement\":[{\"@type\":\"ListItem\",\"position\":1,\"name\":\"In\u00edcio\",\"item\":\"https:\/\/portalmf.com.br\/\"},{\"@type\":\"ListItem\",\"position\":2,\"name\":\"Ivete Sangalo ser\u00e1 atra\u00e7\u00e3o da Micareta de Feira, diz vice-governador\"}]},{\"@type\":\"WebSite\",\"@id\":\"https:\/\/portalmf.com.br\/#website\",\"url\":\"https:\/\/portalmf.com.br\/\",\"name\":\"Portal MF\",\"description\":\"Voc\u00ea conectado com a informa\u00e7\u00e3o\",\"potentialAction\":[{\"@type\":\"SearchAction\",\"target\":{\"@type\":\"EntryPoint\",\"urlTemplate\":\"https:\/\/portalmf.com.br\/?s={search_term_string}\"},\"query-input\":\"required name=search_term_string\"}],\"inLanguage\":\"pt-BR\"},{\"@type\":\"Person\",\"@id\":\"https:\/\/portalmf.com.br\/#\/schema\/person\/11c82086fe8abc05a19147e964587285\",\"name\":\"Reginaldo J\u00fanior\",\"image\":{\"@type\":\"ImageObject\",\"inLanguage\":\"pt-BR\",\"@id\":\"https:\/\/portalmf.com.br\/#\/schema\/person\/image\/\",\"url\":\"https:\/\/secure.gravatar.com\/avatar\/32a3c797cd0ac47cc53b8644c62776f9?s=96&d=mm&r=g\",\"contentUrl\":\"https:\/\/secure.gravatar.com\/avatar\/32a3c797cd0ac47cc53b8644c62776f9?s=96&d=mm&r=g\",\"caption\":\"Reginaldo J\u00fanior\"},\"description\":\"Jornalista e idealizador Portal MF\",\"sameAs\":[\"https:\/\/portalmf.com.br\/index.php\/author\/reginaldojr\/\",\"reginaldojrfsa\",\"reginaldojuniormf\",\"https:\/\/x.com\/reginaldojrmf\"],\"url\":\"https:\/\/portalmf.com.br\/index.php\/author\/reginaldojr\/\"}]}<\/script>\n<!-- \/ Yoast SEO plugin. -->","yoast_head_json":{"title":"Ivete Sangalo ser\u00e1 atra\u00e7\u00e3o da Micareta de Feira, diz vice-governador - Portal MF","robots":{"index":"index","follow":"follow","max-snippet":"max-snippet:-1","max-image-preview":"max-image-preview:large","max-video-preview":"max-video-preview:-1"},"canonical":"https:\/\/portalmf.com.br\/index.php\/2023\/04\/11\/ivete-sangalo-sera-atracao-da-micareta-de-feira-diz-vice-governador\/","og_locale":"pt_BR","og_type":"article","og_title":"Ivete Sangalo ser\u00e1 atra\u00e7\u00e3o da Micareta de Feira, diz vice-governador - Portal MF","og_description":"Mais uma grande atra\u00e7\u00e3o foi confirmada para a Micareta de Feira 2023, na noite desta segunda-feira (10) o vice-governador da Bahia Geraldo J\u00fanior afirmou que Ivete Sangalo ser\u00e1 atra\u00e7\u00e3o da festa para a pipoca. &#8220;S\u00f3 vou anunciar uma atra\u00e7\u00e3o, Ivete Sangalo, t\u00e1 todo mundo perguntando eu eu vou confirmar as outras atra\u00e7\u00f5es ser\u00e3o anunciadas na [&hellip;]","og_url":"https:\/\/portalmf.com.br\/index.php\/2023\/04\/11\/ivete-sangalo-sera-atracao-da-micareta-de-feira-diz-vice-governador\/","og_site_name":"Portal MF","article_author":"reginaldojrfsa","article_published_time":"2023-04-11T11:57:40+00:00","article_modified_time":"2023-04-11T12:28:28+00:00","og_image":[{"width":1900,"height":1069,"url":"https:\/\/portalmf.com.br\/wp-content\/uploads\/2023\/03\/ivete-sangalo.jpg","type":"image\/jpeg"}],"author":"Reginaldo J\u00fanior","twitter_card":"summary_large_image","twitter_creator":"@reginaldojrmf","twitter_misc":{"Escrito por":"Reginaldo J\u00fanior","Est. tempo de leitura":"1 minuto"},"schema":{"@context":"https:\/\/schema.org","@graph":[{"@type":"WebPage","@id":"https:\/\/portalmf.com.br\/index.php\/2023\/04\/11\/ivete-sangalo-sera-atracao-da-micareta-de-feira-diz-vice-governador\/","url":"https:\/\/portalmf.com.br\/index.php\/2023\/04\/11\/ivete-sangalo-sera-atracao-da-micareta-de-feira-diz-vice-governador\/","name":"Ivete Sangalo ser\u00e1 atra\u00e7\u00e3o da Micareta de Feira, diz vice-governador - Portal MF","isPartOf":{"@id":"https:\/\/portalmf.com.br\/#website"},"primaryImageOfPage":{"@id":"https:\/\/portalmf.com.br\/index.php\/2023\/04\/11\/ivete-sangalo-sera-atracao-da-micareta-de-feira-diz-vice-governador\/#primaryimage"},"image":{"@id":"https:\/\/portalmf.com.br\/index.php\/2023\/04\/11\/ivete-sangalo-sera-atracao-da-micareta-de-feira-diz-vice-governador\/#primaryimage"},"thumbnailUrl":"https:\/\/portalmf.com.br\/wp-content\/uploads\/2023\/03\/ivete-sangalo.jpg","datePublished":"2023-04-11T11:57:40+00:00","dateModified":"2023-04-11T12:28:28+00:00","author":{"@id":"https:\/\/portalmf.com.br\/#\/schema\/person\/11c82086fe8abc05a19147e964587285"},"breadcrumb":{"@id":"https:\/\/portalmf.com.br\/index.php\/2023\/04\/11\/ivete-sangalo-sera-atracao-da-micareta-de-feira-diz-vice-governador\/#breadcrumb"},"inLanguage":"pt-BR","potentialAction":[{"@type":"ReadAction","target":["https:\/\/portalmf.com.br\/index.php\/2023\/04\/11\/ivete-sangalo-sera-atracao-da-micareta-de-feira-diz-vice-governador\/"]}]},{"@type":"ImageObject","inLanguage":"pt-BR","@id":"https:\/\/portalmf.com.br\/index.php\/2023\/04\/11\/ivete-sangalo-sera-atracao-da-micareta-de-feira-diz-vice-governador\/#primaryimage","url":"https:\/\/portalmf.com.br\/wp-content\/uploads\/2023\/03\/ivete-sangalo.jpg","contentUrl":"https:\/\/portalmf.com.br\/wp-content\/uploads\/2023\/03\/ivete-sangalo.jpg","width":1900,"height":1069,"caption":"Foto: Rafa Mattei\/Divulga\u00e7\u00e3o"},{"@type":"BreadcrumbList","@id":"https:\/\/portalmf.com.br\/index.php\/2023\/04\/11\/ivete-sangalo-sera-atracao-da-micareta-de-feira-diz-vice-governador\/#breadcrumb","itemListElement":[{"@type":"ListItem","position":1,"name":"In\u00edcio","item":"https:\/\/portalmf.com.br\/"},{"@type":"ListItem","position":2,"name":"Ivete Sangalo ser\u00e1 atra\u00e7\u00e3o da Micareta de Feira, diz vice-governador"}]},{"@type":"WebSite","@id":"https:\/\/portalmf.com.br\/#website","url":"https:\/\/portalmf.com.br\/","name":"Portal MF","description":"Voc\u00ea conectado com a informa\u00e7\u00e3o","potentialAction":[{"@type":"SearchAction","target":{"@type":"EntryPoint","urlTemplate":"https:\/\/portalmf.com.br\/?s={search_term_string}"},"query-input":"required name=search_term_string"}],"inLanguage":"pt-BR"},{"@type":"Person","@id":"https:\/\/portalmf.com.br\/#\/schema\/person\/11c82086fe8abc05a19147e964587285","name":"Reginaldo J\u00fanior","image":{"@type":"ImageObject","inLanguage":"pt-BR","@id":"https:\/\/portalmf.com.br\/#\/schema\/person\/image\/","url":"https:\/\/secure.gravatar.com\/avatar\/32a3c797cd0ac47cc53b8644c62776f9?s=96&d=mm&r=g","contentUrl":"https:\/\/secure.gravatar.com\/avatar\/32a3c797cd0ac47cc53b8644c62776f9?s=96&d=mm&r=g","caption":"Reginaldo J\u00fanior"},"description":"Jornalista e idealizador Portal MF","sameAs":["https:\/\/portalmf.com.br\/index.php\/author\/reginaldojr\/","reginaldojrfsa","reginaldojuniormf","https:\/\/x.com\/reginaldojrmf"],"url":"https:\/\/portalmf.com.br\/index.php\/author\/reginaldojr\/"}]}},"_links":{"self":[{"href":"https:\/\/portalmf.com.br\/index.php\/wp-json\/wp\/v2\/posts\/10900"}],"collection":[{"href":"https:\/\/portalmf.com.br\/index.php\/wp-json\/wp\/v2\/posts"}],"about":[{"href":"https:\/\/portalmf.com.br\/index.php\/wp-json\/wp\/v2\/types\/post"}],"author":[{"embeddable":true,"href":"https:\/\/portalmf.com.br\/index.php\/wp-json\/wp\/v2\/users\/2"}],"replies":[{"embeddable":true,"href":"https:\/\/portalmf.com.br\/index.php\/wp-json\/wp\/v2\/comments?post=10900"}],"version-history":[{"count":2,"href":"https:\/\/portalmf.com.br\/index.php\/wp-json\/wp\/v2\/posts\/10900\/revisions"}],"predecessor-version":[{"id":10904,"href":"https:\/\/portalmf.com.br\/index.php\/wp-json\/wp\/v2\/posts\/10900\/revisions\/10904"}],"wp:featuredmedia":[{"embeddable":true,"href":"https:\/\/portalmf.com.br\/index.php\/wp-json\/wp\/v2\/media\/9804"}],"wp:attachment":[{"href":"https:\/\/portalmf.com.br\/index.php\/wp-json\/wp\/v2\/media?parent=10900"}],"wp:term":[{"taxonomy":"category","embeddable":true,"href":"https:\/\/portalmf.com.br\/index.php\/wp-json\/wp\/v2\/categories?post=10900"},{"taxonomy":"post_tag","embeddable":true,"href":"https:\/\/portalmf.com.br\/index.php\/wp-json\/wp\/v2\/tags?post=10900"}],"curies":[{"name":"wp","href":"https:\/\/api.w.org\/{rel}","templated":true}]}}