{"id":10837,"date":"2023-04-10T16:15:00","date_gmt":"2023-04-10T19:15:00","guid":{"rendered":"https:\/\/portalmf.com.br\/?p=10837"},"modified":"2023-04-10T17:18:10","modified_gmt":"2023-04-10T20:18:10","slug":"revolusamba-comemora-30-anos-na-micareta-de-feira-2023","status":"publish","type":"post","link":"https:\/\/portalmf.com.br\/index.php\/2023\/04\/10\/revolusamba-comemora-30-anos-na-micareta-de-feira-2023\/","title":{"rendered":"Revolusamba ir\u00e1 se apresentar na Micareta, nos seus 30 anos"},"content":{"rendered":"\n<p>A Micareta de Feira tr\u00e1s, neste ano, a comemora\u00e7\u00e3o dos 30 anos do Revolusamba. O grupo tipicamente feirense sempre foi presen\u00e7a tradicional na Avenida.<\/p>\n\n\n\n<p>Marquinhos, vocalista do grupo, contou com exclusividade ao Portal MF, que, provavelmente, o revolusamba vai se apresentar no Domingo de Micareta, dia 23\/04.<\/p>\n\n\n\n<p><em>&#8220;O Revolusamba vai sim festejar 30 anos de exist\u00eancia com o seu povo, na Micareta de Feira e em grande estilo<\/em>&#8220;, afirmou Marquinhos ao Portal MF.<\/p>\n\n\n\n<p>O vocalista afirma, tamb\u00e9m, que a banda possui, hoje, pode fazer um show de duas horas, com apenas m\u00fasicas originais do Revolusamba; pois s\u00e3o in\u00fameros sucessos ao longo de 30 anos; como:<em> &#8216;Se ligue Caramba&#8217;, &#8216;Claudete&#8217;, &#8216;O pau comeu&#8217; <\/em>(maior sucesso da hist\u00f3ria do grupo),<em> &#8216;Mole mole&#8217;, &#8216;Descidinha&#8217;, &#8216;T\u00f4 Coladinho&#8217; <\/em>e entre outros sucessos.<\/p>\n\n\n\n<p>O Revolusamba foi uma das primeiras bandas de cidade do interior a ganhar o disco de Ouro, em 1999, com 40 mil c\u00f3pias vendidas da colet\u00e2nea<em> &#8216;Bahia Mania de Pagode&#8217;<\/em>.<\/p>\n\n\n\n<p>Dentro dos 30 anos de Revolusamba referentes a Micareta, cantor lembra com muito carinho: da Get\u00falio Vargas como antigo Circuito da festa; o momento em que foi acolhido pelo Araketu, ap\u00f3s ter o trio quebrado; e o primeiro ano na Av. Presidente Dutra como local da folia, quando o sentido do circuito ainda era Feira \/ Salvador; o inverso do que \u00e9 hoje.<\/p>\n","protected":false},"excerpt":{"rendered":"<p>A Micareta de Feira tr\u00e1s, neste ano, a comemora\u00e7\u00e3o dos 30 anos do Revolusamba. O grupo tipicamente feirense sempre foi presen\u00e7a tradicional na Avenida. Marquinhos, vocalista do grupo, contou com exclusividade ao Portal MF, que, provavelmente, o revolusamba vai se apresentar no Domingo de Micareta, dia 23\/04. &#8220;O Revolusamba vai sim festejar 30 anos de [&hellip;]<\/p>\n","protected":false},"author":4,"featured_media":10852,"comment_status":"open","ping_status":"open","sticky":true,"template":"","format":"standard","meta":{"_monsterinsights_skip_tracking":false,"_monsterinsights_sitenote_active":false,"_monsterinsights_sitenote_note":"","_monsterinsights_sitenote_category":0,"footnotes":""},"categories":[47,39],"tags":[],"yoast_head":"<!-- This site is optimized with the Yoast SEO plugin v22.9 - https:\/\/yoast.com\/wordpress\/plugins\/seo\/ -->\n<title>Revolusamba ir\u00e1 se apresentar na Micareta, nos seus 30 anos - Portal MF<\/title>\n<meta name=\"robots\" content=\"index, follow, max-snippet:-1, max-image-preview:large, max-video-preview:-1\" \/>\n<link rel=\"canonical\" href=\"https:\/\/portalmf.com.br\/index.php\/2023\/04\/10\/revolusamba-comemora-30-anos-na-micareta-de-feira-2023\/\" \/>\n<meta property=\"og:locale\" content=\"pt_BR\" \/>\n<meta property=\"og:type\" content=\"article\" \/>\n<meta property=\"og:title\" content=\"Revolusamba ir\u00e1 se apresentar na Micareta, nos seus 30 anos - Portal MF\" \/>\n<meta property=\"og:description\" content=\"A Micareta de Feira tr\u00e1s, neste ano, a comemora\u00e7\u00e3o dos 30 anos do Revolusamba. O grupo tipicamente feirense sempre foi presen\u00e7a tradicional na Avenida. Marquinhos, vocalista do grupo, contou com exclusividade ao Portal MF, que, provavelmente, o revolusamba vai se apresentar no Domingo de Micareta, dia 23\/04. &#8220;O Revolusamba vai sim festejar 30 anos de [&hellip;]\" \/>\n<meta property=\"og:url\" content=\"https:\/\/portalmf.com.br\/index.php\/2023\/04\/10\/revolusamba-comemora-30-anos-na-micareta-de-feira-2023\/\" \/>\n<meta property=\"og:site_name\" content=\"Portal MF\" \/>\n<meta property=\"article:published_time\" content=\"2023-04-10T19:15:00+00:00\" \/>\n<meta property=\"article:modified_time\" content=\"2023-04-10T20:18:10+00:00\" \/>\n<meta property=\"og:image\" content=\"https:\/\/portalmf.com.br\/wp-content\/uploads\/2023\/04\/revolusamba.jpg\" \/>\n\t<meta property=\"og:image:width\" content=\"640\" \/>\n\t<meta property=\"og:image:height\" content=\"366\" \/>\n\t<meta property=\"og:image:type\" content=\"image\/jpeg\" \/>\n<meta name=\"author\" content=\"Erivelton Costa\" \/>\n<meta name=\"twitter:card\" content=\"summary_large_image\" \/>\n<meta name=\"twitter:label1\" content=\"Escrito por\" \/>\n\t<meta name=\"twitter:data1\" content=\"Erivelton Costa\" \/>\n\t<meta name=\"twitter:label2\" content=\"Est. tempo de leitura\" \/>\n\t<meta name=\"twitter:data2\" content=\"2 minutos\" \/>\n<script type=\"application\/ld+json\" class=\"yoast-schema-graph\">{\"@context\":\"https:\/\/schema.org\",\"@graph\":[{\"@type\":\"WebPage\",\"@id\":\"https:\/\/portalmf.com.br\/index.php\/2023\/04\/10\/revolusamba-comemora-30-anos-na-micareta-de-feira-2023\/\",\"url\":\"https:\/\/portalmf.com.br\/index.php\/2023\/04\/10\/revolusamba-comemora-30-anos-na-micareta-de-feira-2023\/\",\"name\":\"Revolusamba ir\u00e1 se apresentar na Micareta, nos seus 30 anos - Portal MF\",\"isPartOf\":{\"@id\":\"https:\/\/portalmf.com.br\/#website\"},\"primaryImageOfPage\":{\"@id\":\"https:\/\/portalmf.com.br\/index.php\/2023\/04\/10\/revolusamba-comemora-30-anos-na-micareta-de-feira-2023\/#primaryimage\"},\"image\":{\"@id\":\"https:\/\/portalmf.com.br\/index.php\/2023\/04\/10\/revolusamba-comemora-30-anos-na-micareta-de-feira-2023\/#primaryimage\"},\"thumbnailUrl\":\"https:\/\/portalmf.com.br\/wp-content\/uploads\/2023\/04\/revolusamba.jpg\",\"datePublished\":\"2023-04-10T19:15:00+00:00\",\"dateModified\":\"2023-04-10T20:18:10+00:00\",\"author\":{\"@id\":\"https:\/\/portalmf.com.br\/#\/schema\/person\/68a086817af0e8624a5fe3aa1d520a09\"},\"breadcrumb\":{\"@id\":\"https:\/\/portalmf.com.br\/index.php\/2023\/04\/10\/revolusamba-comemora-30-anos-na-micareta-de-feira-2023\/#breadcrumb\"},\"inLanguage\":\"pt-BR\",\"potentialAction\":[{\"@type\":\"ReadAction\",\"target\":[\"https:\/\/portalmf.com.br\/index.php\/2023\/04\/10\/revolusamba-comemora-30-anos-na-micareta-de-feira-2023\/\"]}]},{\"@type\":\"ImageObject\",\"inLanguage\":\"pt-BR\",\"@id\":\"https:\/\/portalmf.com.br\/index.php\/2023\/04\/10\/revolusamba-comemora-30-anos-na-micareta-de-feira-2023\/#primaryimage\",\"url\":\"https:\/\/portalmf.com.br\/wp-content\/uploads\/2023\/04\/revolusamba.jpg\",\"contentUrl\":\"https:\/\/portalmf.com.br\/wp-content\/uploads\/2023\/04\/revolusamba.jpg\",\"width\":640,\"height\":366},{\"@type\":\"BreadcrumbList\",\"@id\":\"https:\/\/portalmf.com.br\/index.php\/2023\/04\/10\/revolusamba-comemora-30-anos-na-micareta-de-feira-2023\/#breadcrumb\",\"itemListElement\":[{\"@type\":\"ListItem\",\"position\":1,\"name\":\"In\u00edcio\",\"item\":\"https:\/\/portalmf.com.br\/\"},{\"@type\":\"ListItem\",\"position\":2,\"name\":\"Revolusamba ir\u00e1 se apresentar na Micareta, nos seus 30 anos\"}]},{\"@type\":\"WebSite\",\"@id\":\"https:\/\/portalmf.com.br\/#website\",\"url\":\"https:\/\/portalmf.com.br\/\",\"name\":\"Portal MF\",\"description\":\"Voc\u00ea conectado com a informa\u00e7\u00e3o\",\"potentialAction\":[{\"@type\":\"SearchAction\",\"target\":{\"@type\":\"EntryPoint\",\"urlTemplate\":\"https:\/\/portalmf.com.br\/?s={search_term_string}\"},\"query-input\":\"required name=search_term_string\"}],\"inLanguage\":\"pt-BR\"},{\"@type\":\"Person\",\"@id\":\"https:\/\/portalmf.com.br\/#\/schema\/person\/68a086817af0e8624a5fe3aa1d520a09\",\"name\":\"Erivelton Costa\",\"image\":{\"@type\":\"ImageObject\",\"inLanguage\":\"pt-BR\",\"@id\":\"https:\/\/portalmf.com.br\/#\/schema\/person\/image\/\",\"url\":\"https:\/\/secure.gravatar.com\/avatar\/568bc70f6528e14005a2e78a0b61ba2e?s=96&d=mm&r=g\",\"contentUrl\":\"https:\/\/secure.gravatar.com\/avatar\/568bc70f6528e14005a2e78a0b61ba2e?s=96&d=mm&r=g\",\"caption\":\"Erivelton Costa\"},\"description\":\"Jornalista\",\"sameAs\":[\"https:\/\/portalmf.com.br\/\",\"toncostaa\"],\"url\":\"https:\/\/portalmf.com.br\/index.php\/author\/eriveltoncosta\/\"}]}<\/script>\n<!-- \/ Yoast SEO plugin. -->","yoast_head_json":{"title":"Revolusamba ir\u00e1 se apresentar na Micareta, nos seus 30 anos - Portal MF","robots":{"index":"index","follow":"follow","max-snippet":"max-snippet:-1","max-image-preview":"max-image-preview:large","max-video-preview":"max-video-preview:-1"},"canonical":"https:\/\/portalmf.com.br\/index.php\/2023\/04\/10\/revolusamba-comemora-30-anos-na-micareta-de-feira-2023\/","og_locale":"pt_BR","og_type":"article","og_title":"Revolusamba ir\u00e1 se apresentar na Micareta, nos seus 30 anos - Portal MF","og_description":"A Micareta de Feira tr\u00e1s, neste ano, a comemora\u00e7\u00e3o dos 30 anos do Revolusamba. O grupo tipicamente feirense sempre foi presen\u00e7a tradicional na Avenida. Marquinhos, vocalista do grupo, contou com exclusividade ao Portal MF, que, provavelmente, o revolusamba vai se apresentar no Domingo de Micareta, dia 23\/04. &#8220;O Revolusamba vai sim festejar 30 anos de [&hellip;]","og_url":"https:\/\/portalmf.com.br\/index.php\/2023\/04\/10\/revolusamba-comemora-30-anos-na-micareta-de-feira-2023\/","og_site_name":"Portal MF","article_published_time":"2023-04-10T19:15:00+00:00","article_modified_time":"2023-04-10T20:18:10+00:00","og_image":[{"width":640,"height":366,"url":"https:\/\/portalmf.com.br\/wp-content\/uploads\/2023\/04\/revolusamba.jpg","type":"image\/jpeg"}],"author":"Erivelton Costa","twitter_card":"summary_large_image","twitter_misc":{"Escrito por":"Erivelton Costa","Est. tempo de leitura":"2 minutos"},"schema":{"@context":"https:\/\/schema.org","@graph":[{"@type":"WebPage","@id":"https:\/\/portalmf.com.br\/index.php\/2023\/04\/10\/revolusamba-comemora-30-anos-na-micareta-de-feira-2023\/","url":"https:\/\/portalmf.com.br\/index.php\/2023\/04\/10\/revolusamba-comemora-30-anos-na-micareta-de-feira-2023\/","name":"Revolusamba ir\u00e1 se apresentar na Micareta, nos seus 30 anos - Portal MF","isPartOf":{"@id":"https:\/\/portalmf.com.br\/#website"},"primaryImageOfPage":{"@id":"https:\/\/portalmf.com.br\/index.php\/2023\/04\/10\/revolusamba-comemora-30-anos-na-micareta-de-feira-2023\/#primaryimage"},"image":{"@id":"https:\/\/portalmf.com.br\/index.php\/2023\/04\/10\/revolusamba-comemora-30-anos-na-micareta-de-feira-2023\/#primaryimage"},"thumbnailUrl":"https:\/\/portalmf.com.br\/wp-content\/uploads\/2023\/04\/revolusamba.jpg","datePublished":"2023-04-10T19:15:00+00:00","dateModified":"2023-04-10T20:18:10+00:00","author":{"@id":"https:\/\/portalmf.com.br\/#\/schema\/person\/68a086817af0e8624a5fe3aa1d520a09"},"breadcrumb":{"@id":"https:\/\/portalmf.com.br\/index.php\/2023\/04\/10\/revolusamba-comemora-30-anos-na-micareta-de-feira-2023\/#breadcrumb"},"inLanguage":"pt-BR","potentialAction":[{"@type":"ReadAction","target":["https:\/\/portalmf.com.br\/index.php\/2023\/04\/10\/revolusamba-comemora-30-anos-na-micareta-de-feira-2023\/"]}]},{"@type":"ImageObject","inLanguage":"pt-BR","@id":"https:\/\/portalmf.com.br\/index.php\/2023\/04\/10\/revolusamba-comemora-30-anos-na-micareta-de-feira-2023\/#primaryimage","url":"https:\/\/portalmf.com.br\/wp-content\/uploads\/2023\/04\/revolusamba.jpg","contentUrl":"https:\/\/portalmf.com.br\/wp-content\/uploads\/2023\/04\/revolusamba.jpg","width":640,"height":366},{"@type":"BreadcrumbList","@id":"https:\/\/portalmf.com.br\/index.php\/2023\/04\/10\/revolusamba-comemora-30-anos-na-micareta-de-feira-2023\/#breadcrumb","itemListElement":[{"@type":"ListItem","position":1,"name":"In\u00edcio","item":"https:\/\/portalmf.com.br\/"},{"@type":"ListItem","position":2,"name":"Revolusamba ir\u00e1 se apresentar na Micareta, nos seus 30 anos"}]},{"@type":"WebSite","@id":"https:\/\/portalmf.com.br\/#website","url":"https:\/\/portalmf.com.br\/","name":"Portal MF","description":"Voc\u00ea conectado com a informa\u00e7\u00e3o","potentialAction":[{"@type":"SearchAction","target":{"@type":"EntryPoint","urlTemplate":"https:\/\/portalmf.com.br\/?s={search_term_string}"},"query-input":"required name=search_term_string"}],"inLanguage":"pt-BR"},{"@type":"Person","@id":"https:\/\/portalmf.com.br\/#\/schema\/person\/68a086817af0e8624a5fe3aa1d520a09","name":"Erivelton Costa","image":{"@type":"ImageObject","inLanguage":"pt-BR","@id":"https:\/\/portalmf.com.br\/#\/schema\/person\/image\/","url":"https:\/\/secure.gravatar.com\/avatar\/568bc70f6528e14005a2e78a0b61ba2e?s=96&d=mm&r=g","contentUrl":"https:\/\/secure.gravatar.com\/avatar\/568bc70f6528e14005a2e78a0b61ba2e?s=96&d=mm&r=g","caption":"Erivelton Costa"},"description":"Jornalista","sameAs":["https:\/\/portalmf.com.br\/","toncostaa"],"url":"https:\/\/portalmf.com.br\/index.php\/author\/eriveltoncosta\/"}]}},"_links":{"self":[{"href":"https:\/\/portalmf.com.br\/index.php\/wp-json\/wp\/v2\/posts\/10837"}],"collection":[{"href":"https:\/\/portalmf.com.br\/index.php\/wp-json\/wp\/v2\/posts"}],"about":[{"href":"https:\/\/portalmf.com.br\/index.php\/wp-json\/wp\/v2\/types\/post"}],"author":[{"embeddable":true,"href":"https:\/\/portalmf.com.br\/index.php\/wp-json\/wp\/v2\/users\/4"}],"replies":[{"embeddable":true,"href":"https:\/\/portalmf.com.br\/index.php\/wp-json\/wp\/v2\/comments?post=10837"}],"version-history":[{"count":2,"href":"https:\/\/portalmf.com.br\/index.php\/wp-json\/wp\/v2\/posts\/10837\/revisions"}],"predecessor-version":[{"id":10853,"href":"https:\/\/portalmf.com.br\/index.php\/wp-json\/wp\/v2\/posts\/10837\/revisions\/10853"}],"wp:featuredmedia":[{"embeddable":true,"href":"https:\/\/portalmf.com.br\/index.php\/wp-json\/wp\/v2\/media\/10852"}],"wp:attachment":[{"href":"https:\/\/portalmf.com.br\/index.php\/wp-json\/wp\/v2\/media?parent=10837"}],"wp:term":[{"taxonomy":"category","embeddable":true,"href":"https:\/\/portalmf.com.br\/index.php\/wp-json\/wp\/v2\/categories?post=10837"},{"taxonomy":"post_tag","embeddable":true,"href":"https:\/\/portalmf.com.br\/index.php\/wp-json\/wp\/v2\/tags?post=10837"}],"curies":[{"name":"wp","href":"https:\/\/api.w.org\/{rel}","templated":true}]}}