{"id":10833,"date":"2023-04-09T15:41:57","date_gmt":"2023-04-09T18:41:57","guid":{"rendered":"https:\/\/portalmf.com.br\/?p=10833"},"modified":"2023-04-10T17:24:22","modified_gmt":"2023-04-10T20:24:22","slug":"audacia-pura-lanca-musica-nova-na-radio-geral","status":"publish","type":"post","link":"https:\/\/portalmf.com.br\/index.php\/2023\/04\/09\/audacia-pura-lanca-musica-nova-na-radio-geral\/","title":{"rendered":"Aud\u00e1cia Pura lan\u00e7a m\u00fasica nova na R\u00e1dio Geral"},"content":{"rendered":"\n<p>Se tem Micareta de volta, n\u00e3o poderia faltar Aud\u00e1cia Pura. O grupo que possui 22 anos de estrada foi uma das primeiras atra\u00e7\u00f5es confirmadas para a primeira Micareta do Brasil.<\/p>\n\n\n\n<p>O vocalista do Aud\u00e1cia, Ney Jamayka, disse, com exclusividade ao Portal MF, que est\u00e1 perto de completar 30 anos de carreira. Ele conta que come\u00e7ou na Banda Elite do Samba e Xod\u00f4 de M\u00e3e.<\/p>\n\n\n\n<p><em>&#8220;Elite do Samba era uma brincadeira entre amigos; j\u00e1 com Xod\u00f4 de M\u00e3e, come\u00e7amos a viajar bastante, fazendo a coisa ficar mais profissional&#8221;<\/em>, relatou ao Portal MF.<\/p>\n\n\n\n<p>E \u00e9 claro que a Micareta de Feira tem muita import\u00e2ncia nas jornadas de Ney e Aud\u00e1cia. Com isso, por exemplo, no primeiro bloco de Samba da hist\u00f3ria da avenida feirense, o Casa de Samba, o Aud\u00e1cia estava presente com Dudu Nobre. Este bloco, que foi fundado na segunda metade da d\u00e9cada de 2000, levava o mesmo nome de uma tradicional cada de show, que ficava pr\u00f3xima ao antigo Feira T\u00eanis Clube, em Feira.<\/p>\n\n\n\n<p>&#8220;<em>O bloco foi um estouro; fomos pioneiros; e hoje, fazemos parte do Unidos pelo Samba, que veio depois<\/em>&#8220;, afirmou ao Portal MF.<\/p>\n\n\n\n<p>E no momento o Aud\u00e1cia Pura est\u00e1 ensaiando para a Micareta no Armaz\u00e9m 75, Petiscaria que fica no antigo Gauch\u00e3o, da Av. Maria Quit\u00e9ria. O grupo est\u00e1 com m\u00fasica nova, intitulada de &#8216;<em>Labirinto<\/em>&#8216;; autoria de Charles Martins. A can\u00e7\u00e3o foi lan\u00e7ada, com exclusividade e em primeira m\u00e3o, na R\u00e1dio Geral; e ser\u00e1 disponibilizada no dia 17\/04, em todas as plataformas digitais; tr\u00eas dias antes da Micareta.<\/p>\n","protected":false},"excerpt":{"rendered":"<p>Se tem Micareta de volta, n\u00e3o poderia faltar Aud\u00e1cia Pura. O grupo que possui 22 anos de estrada foi uma das primeiras atra\u00e7\u00f5es confirmadas para a primeira Micareta do Brasil. O vocalista do Aud\u00e1cia, Ney Jamayka, disse, com exclusividade ao Portal MF, que est\u00e1 perto de completar 30 anos de carreira. Ele conta que come\u00e7ou [&hellip;]<\/p>\n","protected":false},"author":4,"featured_media":10855,"comment_status":"open","ping_status":"open","sticky":true,"template":"","format":"standard","meta":{"_monsterinsights_skip_tracking":false,"_monsterinsights_sitenote_active":false,"_monsterinsights_sitenote_note":"","_monsterinsights_sitenote_category":0,"footnotes":""},"categories":[47,39],"tags":[],"yoast_head":"<!-- This site is optimized with the Yoast SEO plugin v22.9 - https:\/\/yoast.com\/wordpress\/plugins\/seo\/ -->\n<title>Aud\u00e1cia Pura lan\u00e7a m\u00fasica nova na R\u00e1dio Geral - Portal MF<\/title>\n<meta name=\"robots\" content=\"index, follow, max-snippet:-1, max-image-preview:large, max-video-preview:-1\" \/>\n<link rel=\"canonical\" href=\"https:\/\/portalmf.com.br\/index.php\/2023\/04\/09\/audacia-pura-lanca-musica-nova-na-radio-geral\/\" \/>\n<meta property=\"og:locale\" content=\"pt_BR\" \/>\n<meta property=\"og:type\" content=\"article\" \/>\n<meta property=\"og:title\" content=\"Aud\u00e1cia Pura lan\u00e7a m\u00fasica nova na R\u00e1dio Geral - Portal MF\" \/>\n<meta property=\"og:description\" content=\"Se tem Micareta de volta, n\u00e3o poderia faltar Aud\u00e1cia Pura. O grupo que possui 22 anos de estrada foi uma das primeiras atra\u00e7\u00f5es confirmadas para a primeira Micareta do Brasil. O vocalista do Aud\u00e1cia, Ney Jamayka, disse, com exclusividade ao Portal MF, que est\u00e1 perto de completar 30 anos de carreira. Ele conta que come\u00e7ou [&hellip;]\" \/>\n<meta property=\"og:url\" content=\"https:\/\/portalmf.com.br\/index.php\/2023\/04\/09\/audacia-pura-lanca-musica-nova-na-radio-geral\/\" \/>\n<meta property=\"og:site_name\" content=\"Portal MF\" \/>\n<meta property=\"article:published_time\" content=\"2023-04-09T18:41:57+00:00\" \/>\n<meta property=\"article:modified_time\" content=\"2023-04-10T20:24:22+00:00\" \/>\n<meta property=\"og:image\" content=\"https:\/\/portalmf.com.br\/wp-content\/uploads\/2023\/04\/ney_jamayca-scaled.jpg\" \/>\n\t<meta property=\"og:image:width\" content=\"2560\" \/>\n\t<meta property=\"og:image:height\" content=\"1519\" \/>\n\t<meta property=\"og:image:type\" content=\"image\/jpeg\" \/>\n<meta name=\"author\" content=\"Erivelton Costa\" \/>\n<meta name=\"twitter:card\" content=\"summary_large_image\" \/>\n<meta name=\"twitter:label1\" content=\"Escrito por\" \/>\n\t<meta name=\"twitter:data1\" content=\"Erivelton Costa\" \/>\n\t<meta name=\"twitter:label2\" content=\"Est. tempo de leitura\" \/>\n\t<meta name=\"twitter:data2\" content=\"2 minutos\" \/>\n<script type=\"application\/ld+json\" class=\"yoast-schema-graph\">{\"@context\":\"https:\/\/schema.org\",\"@graph\":[{\"@type\":\"WebPage\",\"@id\":\"https:\/\/portalmf.com.br\/index.php\/2023\/04\/09\/audacia-pura-lanca-musica-nova-na-radio-geral\/\",\"url\":\"https:\/\/portalmf.com.br\/index.php\/2023\/04\/09\/audacia-pura-lanca-musica-nova-na-radio-geral\/\",\"name\":\"Aud\u00e1cia Pura lan\u00e7a m\u00fasica nova na R\u00e1dio Geral - Portal MF\",\"isPartOf\":{\"@id\":\"https:\/\/portalmf.com.br\/#website\"},\"primaryImageOfPage\":{\"@id\":\"https:\/\/portalmf.com.br\/index.php\/2023\/04\/09\/audacia-pura-lanca-musica-nova-na-radio-geral\/#primaryimage\"},\"image\":{\"@id\":\"https:\/\/portalmf.com.br\/index.php\/2023\/04\/09\/audacia-pura-lanca-musica-nova-na-radio-geral\/#primaryimage\"},\"thumbnailUrl\":\"https:\/\/portalmf.com.br\/wp-content\/uploads\/2023\/04\/ney_jamayca-scaled.jpg\",\"datePublished\":\"2023-04-09T18:41:57+00:00\",\"dateModified\":\"2023-04-10T20:24:22+00:00\",\"author\":{\"@id\":\"https:\/\/portalmf.com.br\/#\/schema\/person\/68a086817af0e8624a5fe3aa1d520a09\"},\"breadcrumb\":{\"@id\":\"https:\/\/portalmf.com.br\/index.php\/2023\/04\/09\/audacia-pura-lanca-musica-nova-na-radio-geral\/#breadcrumb\"},\"inLanguage\":\"pt-BR\",\"potentialAction\":[{\"@type\":\"ReadAction\",\"target\":[\"https:\/\/portalmf.com.br\/index.php\/2023\/04\/09\/audacia-pura-lanca-musica-nova-na-radio-geral\/\"]}]},{\"@type\":\"ImageObject\",\"inLanguage\":\"pt-BR\",\"@id\":\"https:\/\/portalmf.com.br\/index.php\/2023\/04\/09\/audacia-pura-lanca-musica-nova-na-radio-geral\/#primaryimage\",\"url\":\"https:\/\/portalmf.com.br\/wp-content\/uploads\/2023\/04\/ney_jamayca-scaled.jpg\",\"contentUrl\":\"https:\/\/portalmf.com.br\/wp-content\/uploads\/2023\/04\/ney_jamayca-scaled.jpg\",\"width\":2560,\"height\":1519,\"caption\":\"Foto: Reginaldo Junior \/ Portal MF\"},{\"@type\":\"BreadcrumbList\",\"@id\":\"https:\/\/portalmf.com.br\/index.php\/2023\/04\/09\/audacia-pura-lanca-musica-nova-na-radio-geral\/#breadcrumb\",\"itemListElement\":[{\"@type\":\"ListItem\",\"position\":1,\"name\":\"In\u00edcio\",\"item\":\"https:\/\/portalmf.com.br\/\"},{\"@type\":\"ListItem\",\"position\":2,\"name\":\"Aud\u00e1cia Pura lan\u00e7a m\u00fasica nova na R\u00e1dio Geral\"}]},{\"@type\":\"WebSite\",\"@id\":\"https:\/\/portalmf.com.br\/#website\",\"url\":\"https:\/\/portalmf.com.br\/\",\"name\":\"Portal MF\",\"description\":\"Voc\u00ea conectado com a informa\u00e7\u00e3o\",\"potentialAction\":[{\"@type\":\"SearchAction\",\"target\":{\"@type\":\"EntryPoint\",\"urlTemplate\":\"https:\/\/portalmf.com.br\/?s={search_term_string}\"},\"query-input\":\"required name=search_term_string\"}],\"inLanguage\":\"pt-BR\"},{\"@type\":\"Person\",\"@id\":\"https:\/\/portalmf.com.br\/#\/schema\/person\/68a086817af0e8624a5fe3aa1d520a09\",\"name\":\"Erivelton Costa\",\"image\":{\"@type\":\"ImageObject\",\"inLanguage\":\"pt-BR\",\"@id\":\"https:\/\/portalmf.com.br\/#\/schema\/person\/image\/\",\"url\":\"https:\/\/secure.gravatar.com\/avatar\/568bc70f6528e14005a2e78a0b61ba2e?s=96&d=mm&r=g\",\"contentUrl\":\"https:\/\/secure.gravatar.com\/avatar\/568bc70f6528e14005a2e78a0b61ba2e?s=96&d=mm&r=g\",\"caption\":\"Erivelton Costa\"},\"description\":\"Jornalista\",\"sameAs\":[\"https:\/\/portalmf.com.br\/\",\"toncostaa\"],\"url\":\"https:\/\/portalmf.com.br\/index.php\/author\/eriveltoncosta\/\"}]}<\/script>\n<!-- \/ Yoast SEO plugin. -->","yoast_head_json":{"title":"Aud\u00e1cia Pura lan\u00e7a m\u00fasica nova na R\u00e1dio Geral - Portal MF","robots":{"index":"index","follow":"follow","max-snippet":"max-snippet:-1","max-image-preview":"max-image-preview:large","max-video-preview":"max-video-preview:-1"},"canonical":"https:\/\/portalmf.com.br\/index.php\/2023\/04\/09\/audacia-pura-lanca-musica-nova-na-radio-geral\/","og_locale":"pt_BR","og_type":"article","og_title":"Aud\u00e1cia Pura lan\u00e7a m\u00fasica nova na R\u00e1dio Geral - Portal MF","og_description":"Se tem Micareta de volta, n\u00e3o poderia faltar Aud\u00e1cia Pura. O grupo que possui 22 anos de estrada foi uma das primeiras atra\u00e7\u00f5es confirmadas para a primeira Micareta do Brasil. O vocalista do Aud\u00e1cia, Ney Jamayka, disse, com exclusividade ao Portal MF, que est\u00e1 perto de completar 30 anos de carreira. Ele conta que come\u00e7ou [&hellip;]","og_url":"https:\/\/portalmf.com.br\/index.php\/2023\/04\/09\/audacia-pura-lanca-musica-nova-na-radio-geral\/","og_site_name":"Portal MF","article_published_time":"2023-04-09T18:41:57+00:00","article_modified_time":"2023-04-10T20:24:22+00:00","og_image":[{"width":2560,"height":1519,"url":"https:\/\/portalmf.com.br\/wp-content\/uploads\/2023\/04\/ney_jamayca-scaled.jpg","type":"image\/jpeg"}],"author":"Erivelton Costa","twitter_card":"summary_large_image","twitter_misc":{"Escrito por":"Erivelton Costa","Est. tempo de leitura":"2 minutos"},"schema":{"@context":"https:\/\/schema.org","@graph":[{"@type":"WebPage","@id":"https:\/\/portalmf.com.br\/index.php\/2023\/04\/09\/audacia-pura-lanca-musica-nova-na-radio-geral\/","url":"https:\/\/portalmf.com.br\/index.php\/2023\/04\/09\/audacia-pura-lanca-musica-nova-na-radio-geral\/","name":"Aud\u00e1cia Pura lan\u00e7a m\u00fasica nova na R\u00e1dio Geral - Portal MF","isPartOf":{"@id":"https:\/\/portalmf.com.br\/#website"},"primaryImageOfPage":{"@id":"https:\/\/portalmf.com.br\/index.php\/2023\/04\/09\/audacia-pura-lanca-musica-nova-na-radio-geral\/#primaryimage"},"image":{"@id":"https:\/\/portalmf.com.br\/index.php\/2023\/04\/09\/audacia-pura-lanca-musica-nova-na-radio-geral\/#primaryimage"},"thumbnailUrl":"https:\/\/portalmf.com.br\/wp-content\/uploads\/2023\/04\/ney_jamayca-scaled.jpg","datePublished":"2023-04-09T18:41:57+00:00","dateModified":"2023-04-10T20:24:22+00:00","author":{"@id":"https:\/\/portalmf.com.br\/#\/schema\/person\/68a086817af0e8624a5fe3aa1d520a09"},"breadcrumb":{"@id":"https:\/\/portalmf.com.br\/index.php\/2023\/04\/09\/audacia-pura-lanca-musica-nova-na-radio-geral\/#breadcrumb"},"inLanguage":"pt-BR","potentialAction":[{"@type":"ReadAction","target":["https:\/\/portalmf.com.br\/index.php\/2023\/04\/09\/audacia-pura-lanca-musica-nova-na-radio-geral\/"]}]},{"@type":"ImageObject","inLanguage":"pt-BR","@id":"https:\/\/portalmf.com.br\/index.php\/2023\/04\/09\/audacia-pura-lanca-musica-nova-na-radio-geral\/#primaryimage","url":"https:\/\/portalmf.com.br\/wp-content\/uploads\/2023\/04\/ney_jamayca-scaled.jpg","contentUrl":"https:\/\/portalmf.com.br\/wp-content\/uploads\/2023\/04\/ney_jamayca-scaled.jpg","width":2560,"height":1519,"caption":"Foto: Reginaldo Junior \/ Portal MF"},{"@type":"BreadcrumbList","@id":"https:\/\/portalmf.com.br\/index.php\/2023\/04\/09\/audacia-pura-lanca-musica-nova-na-radio-geral\/#breadcrumb","itemListElement":[{"@type":"ListItem","position":1,"name":"In\u00edcio","item":"https:\/\/portalmf.com.br\/"},{"@type":"ListItem","position":2,"name":"Aud\u00e1cia Pura lan\u00e7a m\u00fasica nova na R\u00e1dio Geral"}]},{"@type":"WebSite","@id":"https:\/\/portalmf.com.br\/#website","url":"https:\/\/portalmf.com.br\/","name":"Portal MF","description":"Voc\u00ea conectado com a informa\u00e7\u00e3o","potentialAction":[{"@type":"SearchAction","target":{"@type":"EntryPoint","urlTemplate":"https:\/\/portalmf.com.br\/?s={search_term_string}"},"query-input":"required name=search_term_string"}],"inLanguage":"pt-BR"},{"@type":"Person","@id":"https:\/\/portalmf.com.br\/#\/schema\/person\/68a086817af0e8624a5fe3aa1d520a09","name":"Erivelton Costa","image":{"@type":"ImageObject","inLanguage":"pt-BR","@id":"https:\/\/portalmf.com.br\/#\/schema\/person\/image\/","url":"https:\/\/secure.gravatar.com\/avatar\/568bc70f6528e14005a2e78a0b61ba2e?s=96&d=mm&r=g","contentUrl":"https:\/\/secure.gravatar.com\/avatar\/568bc70f6528e14005a2e78a0b61ba2e?s=96&d=mm&r=g","caption":"Erivelton Costa"},"description":"Jornalista","sameAs":["https:\/\/portalmf.com.br\/","toncostaa"],"url":"https:\/\/portalmf.com.br\/index.php\/author\/eriveltoncosta\/"}]}},"_links":{"self":[{"href":"https:\/\/portalmf.com.br\/index.php\/wp-json\/wp\/v2\/posts\/10833"}],"collection":[{"href":"https:\/\/portalmf.com.br\/index.php\/wp-json\/wp\/v2\/posts"}],"about":[{"href":"https:\/\/portalmf.com.br\/index.php\/wp-json\/wp\/v2\/types\/post"}],"author":[{"embeddable":true,"href":"https:\/\/portalmf.com.br\/index.php\/wp-json\/wp\/v2\/users\/4"}],"replies":[{"embeddable":true,"href":"https:\/\/portalmf.com.br\/index.php\/wp-json\/wp\/v2\/comments?post=10833"}],"version-history":[{"count":2,"href":"https:\/\/portalmf.com.br\/index.php\/wp-json\/wp\/v2\/posts\/10833\/revisions"}],"predecessor-version":[{"id":10856,"href":"https:\/\/portalmf.com.br\/index.php\/wp-json\/wp\/v2\/posts\/10833\/revisions\/10856"}],"wp:featuredmedia":[{"embeddable":true,"href":"https:\/\/portalmf.com.br\/index.php\/wp-json\/wp\/v2\/media\/10855"}],"wp:attachment":[{"href":"https:\/\/portalmf.com.br\/index.php\/wp-json\/wp\/v2\/media?parent=10833"}],"wp:term":[{"taxonomy":"category","embeddable":true,"href":"https:\/\/portalmf.com.br\/index.php\/wp-json\/wp\/v2\/categories?post=10833"},{"taxonomy":"post_tag","embeddable":true,"href":"https:\/\/portalmf.com.br\/index.php\/wp-json\/wp\/v2\/tags?post=10833"}],"curies":[{"name":"wp","href":"https:\/\/api.w.org\/{rel}","templated":true}]}}