{"id":10830,"date":"2023-04-10T11:52:36","date_gmt":"2023-04-10T14:52:36","guid":{"rendered":"https:\/\/portalmf.com.br\/?p=10830"},"modified":"2023-04-10T17:33:00","modified_gmt":"2023-04-10T20:33:00","slug":"pre-micareta-2023-apresenta-a-feijoada-do-cervejao","status":"publish","type":"post","link":"https:\/\/portalmf.com.br\/index.php\/2023\/04\/10\/pre-micareta-2023-apresenta-a-feijoada-do-cervejao\/","title":{"rendered":"Pr\u00e9-Micareta 2023 apresenta a Feijoada do Cervej\u00e3o"},"content":{"rendered":"\n<p>A Feijoada do Cervej\u00e3o \u00e9 a \u00fanica que vai acontecer na v\u00e9spera da Micareta de Feira; e pra valer. A festa ser\u00e1 no dia 16\/04, 13h, no Nobre&#8217;s Petiscaria (Ville Gourmet).<\/p>\n\n\n\n<p>Segundo Andr\u00e9 Cervej\u00e3o, representante da festa, a Feijoada n\u00e3o ter\u00e1 camisa neste ano. O ingresso pode ser adquirido pelo whatsapp &#8211; ( 75) 99115-1459, com o ingresso sendo entregue por delivery. E a para maiores informa\u00e7\u00f5es o p\u00fablico pode seguir a conta @feijoadadocervejao no Instagram.<\/p>\n\n\n\n<p>As atra\u00e7\u00f5es ser\u00e3o Aud\u00e1cia Pura, Jean Santana, Tico Menezes, F\u00e1bio Bred e outros. E os ingressos, tamb\u00e9m, podem ser adquiridos no Espa\u00e7o Nobre Petiscaria, que fica no Ville Gourmet; e na loja Imp\u00e9rio Celulares, que fica na av. Jo\u00e3o Durval, em frente a igreja Nossa Senhora de F\u00e1tima.<\/p>\n\n\n\n<figure class=\"wp-block-image size-full\"><img fetchpriority=\"high\" decoding=\"async\" width=\"718\" height=\"809\" src=\"https:\/\/portalmf.com.br\/wp-content\/uploads\/2023\/04\/Screenshot_20230409-113810_Instagram.jpg\" alt=\"\" class=\"wp-image-10831\" srcset=\"https:\/\/portalmf.com.br\/wp-content\/uploads\/2023\/04\/Screenshot_20230409-113810_Instagram.jpg 718w, https:\/\/portalmf.com.br\/wp-content\/uploads\/2023\/04\/Screenshot_20230409-113810_Instagram-266x300.jpg 266w, https:\/\/portalmf.com.br\/wp-content\/uploads\/2023\/04\/Screenshot_20230409-113810_Instagram-585x659.jpg 585w\" sizes=\"(max-width: 718px) 100vw, 718px\" \/><\/figure>\n","protected":false},"excerpt":{"rendered":"<p>A Feijoada do Cervej\u00e3o \u00e9 a \u00fanica que vai acontecer na v\u00e9spera da Micareta de Feira; e pra valer. A festa ser\u00e1 no dia 16\/04, 13h, no Nobre&#8217;s Petiscaria (Ville Gourmet). Segundo Andr\u00e9 Cervej\u00e3o, representante da festa, a Feijoada n\u00e3o ter\u00e1 camisa neste ano. O ingresso pode ser adquirido pelo whatsapp &#8211; ( 75) 99115-1459, [&hellip;]<\/p>\n","protected":false},"author":4,"featured_media":10858,"comment_status":"open","ping_status":"open","sticky":true,"template":"","format":"standard","meta":{"_monsterinsights_skip_tracking":false,"_monsterinsights_sitenote_active":false,"_monsterinsights_sitenote_note":"","_monsterinsights_sitenote_category":0,"footnotes":""},"categories":[47,39],"tags":[],"yoast_head":"<!-- This site is optimized with the Yoast SEO plugin v22.9 - https:\/\/yoast.com\/wordpress\/plugins\/seo\/ -->\n<title>Pr\u00e9-Micareta 2023 apresenta a Feijoada do Cervej\u00e3o - Portal MF<\/title>\n<meta name=\"robots\" content=\"index, follow, max-snippet:-1, max-image-preview:large, max-video-preview:-1\" \/>\n<link rel=\"canonical\" href=\"https:\/\/portalmf.com.br\/index.php\/2023\/04\/10\/pre-micareta-2023-apresenta-a-feijoada-do-cervejao\/\" \/>\n<meta property=\"og:locale\" content=\"pt_BR\" \/>\n<meta property=\"og:type\" content=\"article\" \/>\n<meta property=\"og:title\" content=\"Pr\u00e9-Micareta 2023 apresenta a Feijoada do Cervej\u00e3o - Portal MF\" \/>\n<meta property=\"og:description\" content=\"A Feijoada do Cervej\u00e3o \u00e9 a \u00fanica que vai acontecer na v\u00e9spera da Micareta de Feira; e pra valer. A festa ser\u00e1 no dia 16\/04, 13h, no Nobre&#8217;s Petiscaria (Ville Gourmet). Segundo Andr\u00e9 Cervej\u00e3o, representante da festa, a Feijoada n\u00e3o ter\u00e1 camisa neste ano. O ingresso pode ser adquirido pelo whatsapp &#8211; ( 75) 99115-1459, [&hellip;]\" \/>\n<meta property=\"og:url\" content=\"https:\/\/portalmf.com.br\/index.php\/2023\/04\/10\/pre-micareta-2023-apresenta-a-feijoada-do-cervejao\/\" \/>\n<meta property=\"og:site_name\" content=\"Portal MF\" \/>\n<meta property=\"article:published_time\" content=\"2023-04-10T14:52:36+00:00\" \/>\n<meta property=\"article:modified_time\" content=\"2023-04-10T20:33:00+00:00\" \/>\n<meta property=\"og:image\" content=\"https:\/\/portalmf.com.br\/wp-content\/uploads\/2023\/04\/tico_menezes.jpg\" \/>\n\t<meta property=\"og:image:width\" content=\"948\" \/>\n\t<meta property=\"og:image:height\" content=\"607\" \/>\n\t<meta property=\"og:image:type\" content=\"image\/jpeg\" \/>\n<meta name=\"author\" content=\"Erivelton Costa\" \/>\n<meta name=\"twitter:card\" content=\"summary_large_image\" \/>\n<meta name=\"twitter:label1\" content=\"Escrito por\" \/>\n\t<meta name=\"twitter:data1\" content=\"Erivelton Costa\" \/>\n\t<meta name=\"twitter:label2\" content=\"Est. tempo de leitura\" \/>\n\t<meta name=\"twitter:data2\" content=\"1 minuto\" \/>\n<script type=\"application\/ld+json\" class=\"yoast-schema-graph\">{\"@context\":\"https:\/\/schema.org\",\"@graph\":[{\"@type\":\"WebPage\",\"@id\":\"https:\/\/portalmf.com.br\/index.php\/2023\/04\/10\/pre-micareta-2023-apresenta-a-feijoada-do-cervejao\/\",\"url\":\"https:\/\/portalmf.com.br\/index.php\/2023\/04\/10\/pre-micareta-2023-apresenta-a-feijoada-do-cervejao\/\",\"name\":\"Pr\u00e9-Micareta 2023 apresenta a Feijoada do Cervej\u00e3o - Portal MF\",\"isPartOf\":{\"@id\":\"https:\/\/portalmf.com.br\/#website\"},\"primaryImageOfPage\":{\"@id\":\"https:\/\/portalmf.com.br\/index.php\/2023\/04\/10\/pre-micareta-2023-apresenta-a-feijoada-do-cervejao\/#primaryimage\"},\"image\":{\"@id\":\"https:\/\/portalmf.com.br\/index.php\/2023\/04\/10\/pre-micareta-2023-apresenta-a-feijoada-do-cervejao\/#primaryimage\"},\"thumbnailUrl\":\"https:\/\/portalmf.com.br\/wp-content\/uploads\/2023\/04\/tico_menezes.jpg\",\"datePublished\":\"2023-04-10T14:52:36+00:00\",\"dateModified\":\"2023-04-10T20:33:00+00:00\",\"author\":{\"@id\":\"https:\/\/portalmf.com.br\/#\/schema\/person\/68a086817af0e8624a5fe3aa1d520a09\"},\"breadcrumb\":{\"@id\":\"https:\/\/portalmf.com.br\/index.php\/2023\/04\/10\/pre-micareta-2023-apresenta-a-feijoada-do-cervejao\/#breadcrumb\"},\"inLanguage\":\"pt-BR\",\"potentialAction\":[{\"@type\":\"ReadAction\",\"target\":[\"https:\/\/portalmf.com.br\/index.php\/2023\/04\/10\/pre-micareta-2023-apresenta-a-feijoada-do-cervejao\/\"]}]},{\"@type\":\"ImageObject\",\"inLanguage\":\"pt-BR\",\"@id\":\"https:\/\/portalmf.com.br\/index.php\/2023\/04\/10\/pre-micareta-2023-apresenta-a-feijoada-do-cervejao\/#primaryimage\",\"url\":\"https:\/\/portalmf.com.br\/wp-content\/uploads\/2023\/04\/tico_menezes.jpg\",\"contentUrl\":\"https:\/\/portalmf.com.br\/wp-content\/uploads\/2023\/04\/tico_menezes.jpg\",\"width\":948,\"height\":607,\"caption\":\"Foto: Reprodu\u00e7\u00e3o\"},{\"@type\":\"BreadcrumbList\",\"@id\":\"https:\/\/portalmf.com.br\/index.php\/2023\/04\/10\/pre-micareta-2023-apresenta-a-feijoada-do-cervejao\/#breadcrumb\",\"itemListElement\":[{\"@type\":\"ListItem\",\"position\":1,\"name\":\"In\u00edcio\",\"item\":\"https:\/\/portalmf.com.br\/\"},{\"@type\":\"ListItem\",\"position\":2,\"name\":\"Pr\u00e9-Micareta 2023 apresenta a Feijoada do Cervej\u00e3o\"}]},{\"@type\":\"WebSite\",\"@id\":\"https:\/\/portalmf.com.br\/#website\",\"url\":\"https:\/\/portalmf.com.br\/\",\"name\":\"Portal MF\",\"description\":\"Voc\u00ea conectado com a informa\u00e7\u00e3o\",\"potentialAction\":[{\"@type\":\"SearchAction\",\"target\":{\"@type\":\"EntryPoint\",\"urlTemplate\":\"https:\/\/portalmf.com.br\/?s={search_term_string}\"},\"query-input\":\"required name=search_term_string\"}],\"inLanguage\":\"pt-BR\"},{\"@type\":\"Person\",\"@id\":\"https:\/\/portalmf.com.br\/#\/schema\/person\/68a086817af0e8624a5fe3aa1d520a09\",\"name\":\"Erivelton Costa\",\"image\":{\"@type\":\"ImageObject\",\"inLanguage\":\"pt-BR\",\"@id\":\"https:\/\/portalmf.com.br\/#\/schema\/person\/image\/\",\"url\":\"https:\/\/secure.gravatar.com\/avatar\/568bc70f6528e14005a2e78a0b61ba2e?s=96&d=mm&r=g\",\"contentUrl\":\"https:\/\/secure.gravatar.com\/avatar\/568bc70f6528e14005a2e78a0b61ba2e?s=96&d=mm&r=g\",\"caption\":\"Erivelton Costa\"},\"description\":\"Jornalista\",\"sameAs\":[\"https:\/\/portalmf.com.br\/\",\"toncostaa\"],\"url\":\"https:\/\/portalmf.com.br\/index.php\/author\/eriveltoncosta\/\"}]}<\/script>\n<!-- \/ Yoast SEO plugin. -->","yoast_head_json":{"title":"Pr\u00e9-Micareta 2023 apresenta a Feijoada do Cervej\u00e3o - Portal MF","robots":{"index":"index","follow":"follow","max-snippet":"max-snippet:-1","max-image-preview":"max-image-preview:large","max-video-preview":"max-video-preview:-1"},"canonical":"https:\/\/portalmf.com.br\/index.php\/2023\/04\/10\/pre-micareta-2023-apresenta-a-feijoada-do-cervejao\/","og_locale":"pt_BR","og_type":"article","og_title":"Pr\u00e9-Micareta 2023 apresenta a Feijoada do Cervej\u00e3o - Portal MF","og_description":"A Feijoada do Cervej\u00e3o \u00e9 a \u00fanica que vai acontecer na v\u00e9spera da Micareta de Feira; e pra valer. A festa ser\u00e1 no dia 16\/04, 13h, no Nobre&#8217;s Petiscaria (Ville Gourmet). Segundo Andr\u00e9 Cervej\u00e3o, representante da festa, a Feijoada n\u00e3o ter\u00e1 camisa neste ano. O ingresso pode ser adquirido pelo whatsapp &#8211; ( 75) 99115-1459, [&hellip;]","og_url":"https:\/\/portalmf.com.br\/index.php\/2023\/04\/10\/pre-micareta-2023-apresenta-a-feijoada-do-cervejao\/","og_site_name":"Portal MF","article_published_time":"2023-04-10T14:52:36+00:00","article_modified_time":"2023-04-10T20:33:00+00:00","og_image":[{"width":948,"height":607,"url":"https:\/\/portalmf.com.br\/wp-content\/uploads\/2023\/04\/tico_menezes.jpg","type":"image\/jpeg"}],"author":"Erivelton Costa","twitter_card":"summary_large_image","twitter_misc":{"Escrito por":"Erivelton Costa","Est. tempo de leitura":"1 minuto"},"schema":{"@context":"https:\/\/schema.org","@graph":[{"@type":"WebPage","@id":"https:\/\/portalmf.com.br\/index.php\/2023\/04\/10\/pre-micareta-2023-apresenta-a-feijoada-do-cervejao\/","url":"https:\/\/portalmf.com.br\/index.php\/2023\/04\/10\/pre-micareta-2023-apresenta-a-feijoada-do-cervejao\/","name":"Pr\u00e9-Micareta 2023 apresenta a Feijoada do Cervej\u00e3o - Portal MF","isPartOf":{"@id":"https:\/\/portalmf.com.br\/#website"},"primaryImageOfPage":{"@id":"https:\/\/portalmf.com.br\/index.php\/2023\/04\/10\/pre-micareta-2023-apresenta-a-feijoada-do-cervejao\/#primaryimage"},"image":{"@id":"https:\/\/portalmf.com.br\/index.php\/2023\/04\/10\/pre-micareta-2023-apresenta-a-feijoada-do-cervejao\/#primaryimage"},"thumbnailUrl":"https:\/\/portalmf.com.br\/wp-content\/uploads\/2023\/04\/tico_menezes.jpg","datePublished":"2023-04-10T14:52:36+00:00","dateModified":"2023-04-10T20:33:00+00:00","author":{"@id":"https:\/\/portalmf.com.br\/#\/schema\/person\/68a086817af0e8624a5fe3aa1d520a09"},"breadcrumb":{"@id":"https:\/\/portalmf.com.br\/index.php\/2023\/04\/10\/pre-micareta-2023-apresenta-a-feijoada-do-cervejao\/#breadcrumb"},"inLanguage":"pt-BR","potentialAction":[{"@type":"ReadAction","target":["https:\/\/portalmf.com.br\/index.php\/2023\/04\/10\/pre-micareta-2023-apresenta-a-feijoada-do-cervejao\/"]}]},{"@type":"ImageObject","inLanguage":"pt-BR","@id":"https:\/\/portalmf.com.br\/index.php\/2023\/04\/10\/pre-micareta-2023-apresenta-a-feijoada-do-cervejao\/#primaryimage","url":"https:\/\/portalmf.com.br\/wp-content\/uploads\/2023\/04\/tico_menezes.jpg","contentUrl":"https:\/\/portalmf.com.br\/wp-content\/uploads\/2023\/04\/tico_menezes.jpg","width":948,"height":607,"caption":"Foto: Reprodu\u00e7\u00e3o"},{"@type":"BreadcrumbList","@id":"https:\/\/portalmf.com.br\/index.php\/2023\/04\/10\/pre-micareta-2023-apresenta-a-feijoada-do-cervejao\/#breadcrumb","itemListElement":[{"@type":"ListItem","position":1,"name":"In\u00edcio","item":"https:\/\/portalmf.com.br\/"},{"@type":"ListItem","position":2,"name":"Pr\u00e9-Micareta 2023 apresenta a Feijoada do Cervej\u00e3o"}]},{"@type":"WebSite","@id":"https:\/\/portalmf.com.br\/#website","url":"https:\/\/portalmf.com.br\/","name":"Portal MF","description":"Voc\u00ea conectado com a informa\u00e7\u00e3o","potentialAction":[{"@type":"SearchAction","target":{"@type":"EntryPoint","urlTemplate":"https:\/\/portalmf.com.br\/?s={search_term_string}"},"query-input":"required name=search_term_string"}],"inLanguage":"pt-BR"},{"@type":"Person","@id":"https:\/\/portalmf.com.br\/#\/schema\/person\/68a086817af0e8624a5fe3aa1d520a09","name":"Erivelton Costa","image":{"@type":"ImageObject","inLanguage":"pt-BR","@id":"https:\/\/portalmf.com.br\/#\/schema\/person\/image\/","url":"https:\/\/secure.gravatar.com\/avatar\/568bc70f6528e14005a2e78a0b61ba2e?s=96&d=mm&r=g","contentUrl":"https:\/\/secure.gravatar.com\/avatar\/568bc70f6528e14005a2e78a0b61ba2e?s=96&d=mm&r=g","caption":"Erivelton Costa"},"description":"Jornalista","sameAs":["https:\/\/portalmf.com.br\/","toncostaa"],"url":"https:\/\/portalmf.com.br\/index.php\/author\/eriveltoncosta\/"}]}},"_links":{"self":[{"href":"https:\/\/portalmf.com.br\/index.php\/wp-json\/wp\/v2\/posts\/10830"}],"collection":[{"href":"https:\/\/portalmf.com.br\/index.php\/wp-json\/wp\/v2\/posts"}],"about":[{"href":"https:\/\/portalmf.com.br\/index.php\/wp-json\/wp\/v2\/types\/post"}],"author":[{"embeddable":true,"href":"https:\/\/portalmf.com.br\/index.php\/wp-json\/wp\/v2\/users\/4"}],"replies":[{"embeddable":true,"href":"https:\/\/portalmf.com.br\/index.php\/wp-json\/wp\/v2\/comments?post=10830"}],"version-history":[{"count":2,"href":"https:\/\/portalmf.com.br\/index.php\/wp-json\/wp\/v2\/posts\/10830\/revisions"}],"predecessor-version":[{"id":10860,"href":"https:\/\/portalmf.com.br\/index.php\/wp-json\/wp\/v2\/posts\/10830\/revisions\/10860"}],"wp:featuredmedia":[{"embeddable":true,"href":"https:\/\/portalmf.com.br\/index.php\/wp-json\/wp\/v2\/media\/10858"}],"wp:attachment":[{"href":"https:\/\/portalmf.com.br\/index.php\/wp-json\/wp\/v2\/media?parent=10830"}],"wp:term":[{"taxonomy":"category","embeddable":true,"href":"https:\/\/portalmf.com.br\/index.php\/wp-json\/wp\/v2\/categories?post=10830"},{"taxonomy":"post_tag","embeddable":true,"href":"https:\/\/portalmf.com.br\/index.php\/wp-json\/wp\/v2\/tags?post=10830"}],"curies":[{"name":"wp","href":"https:\/\/api.w.org\/{rel}","templated":true}]}}