{"id":10802,"date":"2023-04-07T03:15:47","date_gmt":"2023-04-07T06:15:47","guid":{"rendered":"https:\/\/portalmf.com.br\/?p=10802"},"modified":"2023-04-07T12:10:08","modified_gmt":"2023-04-07T15:10:08","slug":"luciano-mello-fara-evento-com-trio-na-vespera-da-micareta","status":"publish","type":"post","link":"https:\/\/portalmf.com.br\/index.php\/2023\/04\/07\/luciano-mello-fara-evento-com-trio-na-vespera-da-micareta\/","title":{"rendered":"Luciano Mello far\u00e1 evento com trio na v\u00e9spera da Micareta"},"content":{"rendered":"\n<p>Na volta da Micareta de Feira Luciano Mello completa 18 anos com o seu famoso e emblem\u00e1tico palco.<\/p>\n\n\n\n<p>E um gostinho do seu show j\u00e1 poder\u00e1 ser sentido no pr\u00f3ximo dia 16\/04, 08h30, com o Bloquinho do Luciano Melo, com a sua sa\u00edda no shopping Millenium, que fica na av. Fraga Maia.<\/p>\n\n\n\n<p>Para Luciano o foli\u00e3o feirense precisa fortalecer os artistas locais, em detrimento de um crescimento ainda maior da Micareta.<\/p>\n\n\n\n<p>&#8220;<em>A Micareta vai ser linda; \u00e9 o retorno da avenida; e vai ter o palco Luciano Mello com muita dan\u00e7a feliz e espont\u00e2nea, do jeito que o povo gosta&#8221;<\/em>, disse ao Portal MF.<\/p>\n\n\n\n<p>Os ensaios j\u00e1 come\u00e7aram para o Palco Luciano Mello; e o Bloquinho vai ser a introdu\u00e7\u00e3o da Micareta para Luciano. O evento contar\u00e1, tamb\u00e9m, com a participa\u00e7\u00e3o dos professores de dan\u00e7a fitness La\u00e9rcio Vieira e Thaynnan Sena; e ter\u00e1, tamb\u00e9m, bastante p\u00fablico que frequenta as academias de gin\u00e1stica da cidade.<\/p>\n\n\n\n<p>Mello est\u00e1 muito empolgado, como sempre, para a Micareta. Ele relata que est\u00e1 ensaiando muito suas coreografias; apesar do mesmo confessar que o diferencial do seu show \u00e9 a arte do improviso.<\/p>\n\n\n\n<p>E vale lembrar que o Palco Luciano Mello \u00e9 um dos patrim\u00f4nios mais s\u00edmbolos e tradicionais da folia feirense, por sempre despertar a aten\u00e7\u00e3o do p\u00fablico, por sua anima\u00e7\u00e3o, naturalidade e muita dan\u00e7a diferenciada.<\/p>\n\n\n\n<p><strong>Reportagem: Reginaldo J\u00fanior \/ Portal MF<\/strong><\/p>\n\n\n\n<figure class=\"wp-block-image size-full is-resized\"><img fetchpriority=\"high\" decoding=\"async\" src=\"https:\/\/portalmf.com.br\/wp-content\/uploads\/2023\/04\/Screenshot_20230407-030840_WhatsApp.jpg\" alt=\"\" class=\"wp-image-10803\" width=\"717\" height=\"696\" srcset=\"https:\/\/portalmf.com.br\/wp-content\/uploads\/2023\/04\/Screenshot_20230407-030840_WhatsApp.jpg 720w, https:\/\/portalmf.com.br\/wp-content\/uploads\/2023\/04\/Screenshot_20230407-030840_WhatsApp-300x291.jpg 300w, https:\/\/portalmf.com.br\/wp-content\/uploads\/2023\/04\/Screenshot_20230407-030840_WhatsApp-585x568.jpg 585w\" sizes=\"(max-width: 717px) 100vw, 717px\" \/><\/figure>\n","protected":false},"excerpt":{"rendered":"<p>Na volta da Micareta de Feira Luciano Mello completa 18 anos com o seu famoso e emblem\u00e1tico palco. E um gostinho do seu show j\u00e1 poder\u00e1 ser sentido no pr\u00f3ximo dia 16\/04, 08h30, com o Bloquinho do Luciano Melo, com a sua sa\u00edda no shopping Millenium, que fica na av. Fraga Maia. Para Luciano o [&hellip;]<\/p>\n","protected":false},"author":4,"featured_media":10812,"comment_status":"open","ping_status":"open","sticky":true,"template":"","format":"standard","meta":{"_monsterinsights_skip_tracking":false,"_monsterinsights_sitenote_active":false,"_monsterinsights_sitenote_note":"","_monsterinsights_sitenote_category":0,"footnotes":""},"categories":[47,39],"tags":[],"yoast_head":"<!-- This site is optimized with the Yoast SEO plugin v22.9 - https:\/\/yoast.com\/wordpress\/plugins\/seo\/ -->\n<title>Luciano Mello far\u00e1 evento com trio na v\u00e9spera da Micareta - Portal MF<\/title>\n<meta name=\"robots\" content=\"index, follow, max-snippet:-1, max-image-preview:large, max-video-preview:-1\" \/>\n<link rel=\"canonical\" href=\"https:\/\/portalmf.com.br\/index.php\/2023\/04\/07\/luciano-mello-fara-evento-com-trio-na-vespera-da-micareta\/\" \/>\n<meta property=\"og:locale\" content=\"pt_BR\" \/>\n<meta property=\"og:type\" content=\"article\" \/>\n<meta property=\"og:title\" content=\"Luciano Mello far\u00e1 evento com trio na v\u00e9spera da Micareta - Portal MF\" \/>\n<meta property=\"og:description\" content=\"Na volta da Micareta de Feira Luciano Mello completa 18 anos com o seu famoso e emblem\u00e1tico palco. E um gostinho do seu show j\u00e1 poder\u00e1 ser sentido no pr\u00f3ximo dia 16\/04, 08h30, com o Bloquinho do Luciano Melo, com a sua sa\u00edda no shopping Millenium, que fica na av. Fraga Maia. Para Luciano o [&hellip;]\" \/>\n<meta property=\"og:url\" content=\"https:\/\/portalmf.com.br\/index.php\/2023\/04\/07\/luciano-mello-fara-evento-com-trio-na-vespera-da-micareta\/\" \/>\n<meta property=\"og:site_name\" content=\"Portal MF\" \/>\n<meta property=\"article:published_time\" content=\"2023-04-07T06:15:47+00:00\" \/>\n<meta property=\"article:modified_time\" content=\"2023-04-07T15:10:08+00:00\" \/>\n<meta property=\"og:image\" content=\"https:\/\/portalmf.com.br\/wp-content\/uploads\/2023\/04\/Luciano-Mello.jpg\" \/>\n\t<meta property=\"og:image:width\" content=\"960\" \/>\n\t<meta property=\"og:image:height\" content=\"595\" \/>\n\t<meta property=\"og:image:type\" content=\"image\/jpeg\" \/>\n<meta name=\"author\" content=\"Erivelton Costa\" \/>\n<meta name=\"twitter:card\" content=\"summary_large_image\" \/>\n<meta name=\"twitter:label1\" content=\"Escrito por\" \/>\n\t<meta name=\"twitter:data1\" content=\"Erivelton Costa\" \/>\n\t<meta name=\"twitter:label2\" content=\"Est. tempo de leitura\" \/>\n\t<meta name=\"twitter:data2\" content=\"2 minutos\" \/>\n<script type=\"application\/ld+json\" class=\"yoast-schema-graph\">{\"@context\":\"https:\/\/schema.org\",\"@graph\":[{\"@type\":\"WebPage\",\"@id\":\"https:\/\/portalmf.com.br\/index.php\/2023\/04\/07\/luciano-mello-fara-evento-com-trio-na-vespera-da-micareta\/\",\"url\":\"https:\/\/portalmf.com.br\/index.php\/2023\/04\/07\/luciano-mello-fara-evento-com-trio-na-vespera-da-micareta\/\",\"name\":\"Luciano Mello far\u00e1 evento com trio na v\u00e9spera da Micareta - Portal MF\",\"isPartOf\":{\"@id\":\"https:\/\/portalmf.com.br\/#website\"},\"primaryImageOfPage\":{\"@id\":\"https:\/\/portalmf.com.br\/index.php\/2023\/04\/07\/luciano-mello-fara-evento-com-trio-na-vespera-da-micareta\/#primaryimage\"},\"image\":{\"@id\":\"https:\/\/portalmf.com.br\/index.php\/2023\/04\/07\/luciano-mello-fara-evento-com-trio-na-vespera-da-micareta\/#primaryimage\"},\"thumbnailUrl\":\"https:\/\/portalmf.com.br\/wp-content\/uploads\/2023\/04\/Luciano-Mello.jpg\",\"datePublished\":\"2023-04-07T06:15:47+00:00\",\"dateModified\":\"2023-04-07T15:10:08+00:00\",\"author\":{\"@id\":\"https:\/\/portalmf.com.br\/#\/schema\/person\/68a086817af0e8624a5fe3aa1d520a09\"},\"breadcrumb\":{\"@id\":\"https:\/\/portalmf.com.br\/index.php\/2023\/04\/07\/luciano-mello-fara-evento-com-trio-na-vespera-da-micareta\/#breadcrumb\"},\"inLanguage\":\"pt-BR\",\"potentialAction\":[{\"@type\":\"ReadAction\",\"target\":[\"https:\/\/portalmf.com.br\/index.php\/2023\/04\/07\/luciano-mello-fara-evento-com-trio-na-vespera-da-micareta\/\"]}]},{\"@type\":\"ImageObject\",\"inLanguage\":\"pt-BR\",\"@id\":\"https:\/\/portalmf.com.br\/index.php\/2023\/04\/07\/luciano-mello-fara-evento-com-trio-na-vespera-da-micareta\/#primaryimage\",\"url\":\"https:\/\/portalmf.com.br\/wp-content\/uploads\/2023\/04\/Luciano-Mello.jpg\",\"contentUrl\":\"https:\/\/portalmf.com.br\/wp-content\/uploads\/2023\/04\/Luciano-Mello.jpg\",\"width\":960,\"height\":595},{\"@type\":\"BreadcrumbList\",\"@id\":\"https:\/\/portalmf.com.br\/index.php\/2023\/04\/07\/luciano-mello-fara-evento-com-trio-na-vespera-da-micareta\/#breadcrumb\",\"itemListElement\":[{\"@type\":\"ListItem\",\"position\":1,\"name\":\"In\u00edcio\",\"item\":\"https:\/\/portalmf.com.br\/\"},{\"@type\":\"ListItem\",\"position\":2,\"name\":\"Luciano Mello far\u00e1 evento com trio na v\u00e9spera da Micareta\"}]},{\"@type\":\"WebSite\",\"@id\":\"https:\/\/portalmf.com.br\/#website\",\"url\":\"https:\/\/portalmf.com.br\/\",\"name\":\"Portal MF\",\"description\":\"Voc\u00ea conectado com a informa\u00e7\u00e3o\",\"potentialAction\":[{\"@type\":\"SearchAction\",\"target\":{\"@type\":\"EntryPoint\",\"urlTemplate\":\"https:\/\/portalmf.com.br\/?s={search_term_string}\"},\"query-input\":\"required name=search_term_string\"}],\"inLanguage\":\"pt-BR\"},{\"@type\":\"Person\",\"@id\":\"https:\/\/portalmf.com.br\/#\/schema\/person\/68a086817af0e8624a5fe3aa1d520a09\",\"name\":\"Erivelton Costa\",\"image\":{\"@type\":\"ImageObject\",\"inLanguage\":\"pt-BR\",\"@id\":\"https:\/\/portalmf.com.br\/#\/schema\/person\/image\/\",\"url\":\"https:\/\/secure.gravatar.com\/avatar\/568bc70f6528e14005a2e78a0b61ba2e?s=96&d=mm&r=g\",\"contentUrl\":\"https:\/\/secure.gravatar.com\/avatar\/568bc70f6528e14005a2e78a0b61ba2e?s=96&d=mm&r=g\",\"caption\":\"Erivelton Costa\"},\"description\":\"Jornalista\",\"sameAs\":[\"https:\/\/portalmf.com.br\/\",\"toncostaa\"],\"url\":\"https:\/\/portalmf.com.br\/index.php\/author\/eriveltoncosta\/\"}]}<\/script>\n<!-- \/ Yoast SEO plugin. -->","yoast_head_json":{"title":"Luciano Mello far\u00e1 evento com trio na v\u00e9spera da Micareta - Portal MF","robots":{"index":"index","follow":"follow","max-snippet":"max-snippet:-1","max-image-preview":"max-image-preview:large","max-video-preview":"max-video-preview:-1"},"canonical":"https:\/\/portalmf.com.br\/index.php\/2023\/04\/07\/luciano-mello-fara-evento-com-trio-na-vespera-da-micareta\/","og_locale":"pt_BR","og_type":"article","og_title":"Luciano Mello far\u00e1 evento com trio na v\u00e9spera da Micareta - Portal MF","og_description":"Na volta da Micareta de Feira Luciano Mello completa 18 anos com o seu famoso e emblem\u00e1tico palco. E um gostinho do seu show j\u00e1 poder\u00e1 ser sentido no pr\u00f3ximo dia 16\/04, 08h30, com o Bloquinho do Luciano Melo, com a sua sa\u00edda no shopping Millenium, que fica na av. Fraga Maia. Para Luciano o [&hellip;]","og_url":"https:\/\/portalmf.com.br\/index.php\/2023\/04\/07\/luciano-mello-fara-evento-com-trio-na-vespera-da-micareta\/","og_site_name":"Portal MF","article_published_time":"2023-04-07T06:15:47+00:00","article_modified_time":"2023-04-07T15:10:08+00:00","og_image":[{"width":960,"height":595,"url":"https:\/\/portalmf.com.br\/wp-content\/uploads\/2023\/04\/Luciano-Mello.jpg","type":"image\/jpeg"}],"author":"Erivelton Costa","twitter_card":"summary_large_image","twitter_misc":{"Escrito por":"Erivelton Costa","Est. tempo de leitura":"2 minutos"},"schema":{"@context":"https:\/\/schema.org","@graph":[{"@type":"WebPage","@id":"https:\/\/portalmf.com.br\/index.php\/2023\/04\/07\/luciano-mello-fara-evento-com-trio-na-vespera-da-micareta\/","url":"https:\/\/portalmf.com.br\/index.php\/2023\/04\/07\/luciano-mello-fara-evento-com-trio-na-vespera-da-micareta\/","name":"Luciano Mello far\u00e1 evento com trio na v\u00e9spera da Micareta - Portal MF","isPartOf":{"@id":"https:\/\/portalmf.com.br\/#website"},"primaryImageOfPage":{"@id":"https:\/\/portalmf.com.br\/index.php\/2023\/04\/07\/luciano-mello-fara-evento-com-trio-na-vespera-da-micareta\/#primaryimage"},"image":{"@id":"https:\/\/portalmf.com.br\/index.php\/2023\/04\/07\/luciano-mello-fara-evento-com-trio-na-vespera-da-micareta\/#primaryimage"},"thumbnailUrl":"https:\/\/portalmf.com.br\/wp-content\/uploads\/2023\/04\/Luciano-Mello.jpg","datePublished":"2023-04-07T06:15:47+00:00","dateModified":"2023-04-07T15:10:08+00:00","author":{"@id":"https:\/\/portalmf.com.br\/#\/schema\/person\/68a086817af0e8624a5fe3aa1d520a09"},"breadcrumb":{"@id":"https:\/\/portalmf.com.br\/index.php\/2023\/04\/07\/luciano-mello-fara-evento-com-trio-na-vespera-da-micareta\/#breadcrumb"},"inLanguage":"pt-BR","potentialAction":[{"@type":"ReadAction","target":["https:\/\/portalmf.com.br\/index.php\/2023\/04\/07\/luciano-mello-fara-evento-com-trio-na-vespera-da-micareta\/"]}]},{"@type":"ImageObject","inLanguage":"pt-BR","@id":"https:\/\/portalmf.com.br\/index.php\/2023\/04\/07\/luciano-mello-fara-evento-com-trio-na-vespera-da-micareta\/#primaryimage","url":"https:\/\/portalmf.com.br\/wp-content\/uploads\/2023\/04\/Luciano-Mello.jpg","contentUrl":"https:\/\/portalmf.com.br\/wp-content\/uploads\/2023\/04\/Luciano-Mello.jpg","width":960,"height":595},{"@type":"BreadcrumbList","@id":"https:\/\/portalmf.com.br\/index.php\/2023\/04\/07\/luciano-mello-fara-evento-com-trio-na-vespera-da-micareta\/#breadcrumb","itemListElement":[{"@type":"ListItem","position":1,"name":"In\u00edcio","item":"https:\/\/portalmf.com.br\/"},{"@type":"ListItem","position":2,"name":"Luciano Mello far\u00e1 evento com trio na v\u00e9spera da Micareta"}]},{"@type":"WebSite","@id":"https:\/\/portalmf.com.br\/#website","url":"https:\/\/portalmf.com.br\/","name":"Portal MF","description":"Voc\u00ea conectado com a informa\u00e7\u00e3o","potentialAction":[{"@type":"SearchAction","target":{"@type":"EntryPoint","urlTemplate":"https:\/\/portalmf.com.br\/?s={search_term_string}"},"query-input":"required name=search_term_string"}],"inLanguage":"pt-BR"},{"@type":"Person","@id":"https:\/\/portalmf.com.br\/#\/schema\/person\/68a086817af0e8624a5fe3aa1d520a09","name":"Erivelton Costa","image":{"@type":"ImageObject","inLanguage":"pt-BR","@id":"https:\/\/portalmf.com.br\/#\/schema\/person\/image\/","url":"https:\/\/secure.gravatar.com\/avatar\/568bc70f6528e14005a2e78a0b61ba2e?s=96&d=mm&r=g","contentUrl":"https:\/\/secure.gravatar.com\/avatar\/568bc70f6528e14005a2e78a0b61ba2e?s=96&d=mm&r=g","caption":"Erivelton Costa"},"description":"Jornalista","sameAs":["https:\/\/portalmf.com.br\/","toncostaa"],"url":"https:\/\/portalmf.com.br\/index.php\/author\/eriveltoncosta\/"}]}},"_links":{"self":[{"href":"https:\/\/portalmf.com.br\/index.php\/wp-json\/wp\/v2\/posts\/10802"}],"collection":[{"href":"https:\/\/portalmf.com.br\/index.php\/wp-json\/wp\/v2\/posts"}],"about":[{"href":"https:\/\/portalmf.com.br\/index.php\/wp-json\/wp\/v2\/types\/post"}],"author":[{"embeddable":true,"href":"https:\/\/portalmf.com.br\/index.php\/wp-json\/wp\/v2\/users\/4"}],"replies":[{"embeddable":true,"href":"https:\/\/portalmf.com.br\/index.php\/wp-json\/wp\/v2\/comments?post=10802"}],"version-history":[{"count":4,"href":"https:\/\/portalmf.com.br\/index.php\/wp-json\/wp\/v2\/posts\/10802\/revisions"}],"predecessor-version":[{"id":10819,"href":"https:\/\/portalmf.com.br\/index.php\/wp-json\/wp\/v2\/posts\/10802\/revisions\/10819"}],"wp:featuredmedia":[{"embeddable":true,"href":"https:\/\/portalmf.com.br\/index.php\/wp-json\/wp\/v2\/media\/10812"}],"wp:attachment":[{"href":"https:\/\/portalmf.com.br\/index.php\/wp-json\/wp\/v2\/media?parent=10802"}],"wp:term":[{"taxonomy":"category","embeddable":true,"href":"https:\/\/portalmf.com.br\/index.php\/wp-json\/wp\/v2\/categories?post=10802"},{"taxonomy":"post_tag","embeddable":true,"href":"https:\/\/portalmf.com.br\/index.php\/wp-json\/wp\/v2\/tags?post=10802"}],"curies":[{"name":"wp","href":"https:\/\/api.w.org\/{rel}","templated":true}]}}