{"id":10759,"date":"2023-04-05T15:42:46","date_gmt":"2023-04-05T18:42:46","guid":{"rendered":"https:\/\/portalmf.com.br\/?p=10759"},"modified":"2023-04-05T15:42:52","modified_gmt":"2023-04-05T18:42:52","slug":"mais-24-atracoes-sao-confirmadas-na-micareta-de-feira-2023","status":"publish","type":"post","link":"https:\/\/portalmf.com.br\/index.php\/2023\/04\/05\/mais-24-atracoes-sao-confirmadas-na-micareta-de-feira-2023\/","title":{"rendered":"Mais 24 atra\u00e7\u00f5es s\u00e3o confirmadas na Micareta de Feira 2023"},"content":{"rendered":"\n<p>Na manh\u00e3 deste quarta-feira (05) no Museu Parque do Saber, o prefeito Colbert Martins divulgou o nome de novas atra\u00e7\u00f5es que animaram a Micareta de Feira de Santana, que acontece entre os dias 20 a 23 de abril no circuito Maneca Ferreira.<\/p>\n\n\n\n<p>Algumas atra\u00e7\u00f5es anunciadas pelo Governo Municipal para sacudir o Circuito Maneca Ferreira foram Bell Marques, Aud\u00e1cia Pura, Libu do Reggae, Claudia Leitte, Tonho Dionorina, Timbalada, L\u00e9o Santana, Ger\u00f4nimo, Tayrone, Thiago Aquino, Psirico, Jau, Xanddy Harmonia, Solange Almeida<\/p>\n\n\n\n<p>Al\u00e9m das 44 atra\u00e7\u00f5es para animar o foli\u00e3o na primeira Micareta do Brasil outras novidades foram anunciadas a exemplo do circuito mais amplo, programa\u00e7\u00e3o diurna, pra\u00e7a de alimenta\u00e7\u00e3o, espa\u00e7o pet e Pipoca Infantil.<\/p>\n\n\n\n<figure class=\"wp-block-image size-large\"><img fetchpriority=\"high\" decoding=\"async\" width=\"1024\" height=\"461\" src=\"https:\/\/portalmf.com.br\/wp-content\/uploads\/2023\/04\/LANCAMENTO-DA-MICARETA-FOTO-REGINALDO-JUNIOR-1024x461.jpg\" alt=\"\" class=\"wp-image-10761\" srcset=\"https:\/\/portalmf.com.br\/wp-content\/uploads\/2023\/04\/LANCAMENTO-DA-MICARETA-FOTO-REGINALDO-JUNIOR-1024x461.jpg 1024w, https:\/\/portalmf.com.br\/wp-content\/uploads\/2023\/04\/LANCAMENTO-DA-MICARETA-FOTO-REGINALDO-JUNIOR-300x135.jpg 300w, https:\/\/portalmf.com.br\/wp-content\/uploads\/2023\/04\/LANCAMENTO-DA-MICARETA-FOTO-REGINALDO-JUNIOR-768x346.jpg 768w, https:\/\/portalmf.com.br\/wp-content\/uploads\/2023\/04\/LANCAMENTO-DA-MICARETA-FOTO-REGINALDO-JUNIOR-1536x691.jpg 1536w, https:\/\/portalmf.com.br\/wp-content\/uploads\/2023\/04\/LANCAMENTO-DA-MICARETA-FOTO-REGINALDO-JUNIOR-1170x527.jpg 1170w, https:\/\/portalmf.com.br\/wp-content\/uploads\/2023\/04\/LANCAMENTO-DA-MICARETA-FOTO-REGINALDO-JUNIOR-585x263.jpg 585w, https:\/\/portalmf.com.br\/wp-content\/uploads\/2023\/04\/LANCAMENTO-DA-MICARETA-FOTO-REGINALDO-JUNIOR.jpg 1600w\" sizes=\"(max-width: 1024px) 100vw, 1024px\" \/><figcaption class=\"wp-element-caption\"><strong><em>Foto: Reginaldo Junior \/ Portal MF<\/em><\/strong><\/figcaption><\/figure>\n\n\n\n<p>Logo no in\u00edcio do circuito, na avenida Presidente Dutra, ser\u00e1 montada uma estrutura no canteiro central com palco para DJs, o palco After Universit\u00e1rio. Na sequ\u00eancia o Point Universit\u00e1rio, os camarotes dos ve\u00edculos de comunica\u00e7\u00e3o e o palco do Reggae Vibes em homenagem a Jota Morbeck, proporcionando a diversidade musical e cultural do reggae, funk e hip hop.<\/p>\n\n\n\n<p>As barracas de comida e bebidas estar\u00e3o posicionadas nas ruas transversais, assim como os food trucks. No palco Luciano Melo muitas coreografias para o p\u00fablico.<\/p>\n\n\n\n<p>Foram confirmadas as seguintes atra\u00e7\u00f5es:<\/p>\n\n\n\n<p>1.BELL MARQUES;<\/p>\n\n\n\n<p>2.CLAUDIA LEITTE;<\/p>\n\n\n\n<p>3.XANDDY HARMONIA;<\/p>\n\n\n\n<p>4.IGOR KANN\u00c1RIO;<\/p>\n\n\n\n<p>5.OH POL\u00caMICO;<\/p>\n\n\n\n<p>6.THIAGO AQUINO;<\/p>\n\n\n\n<p>7.PSIRICO;<\/p>\n\n\n\n<p>8.EDSON GOMES;<\/p>\n\n\n\n<p>9.OLODUM;<\/p>\n\n\n\n<p>10.L\u00c9O SANTANA;<\/p>\n\n\n\n<p>11.JOVEM DEX;<\/p>\n\n\n\n<p>12.LA&nbsp;F\u00daRIA;<\/p>\n\n\n\n<p>13.TAYRONE;<\/p>\n\n\n\n<p>14.AUD\u00c1CIA PURA;<\/p>\n\n\n\n<p>15.TIMBALADA;<\/p>\n\n\n\n<p>16.MARCIA PORTO;<\/p>\n\n\n\n<p>17.PAULLO BIND\u00c1;<\/p>\n\n\n\n<p>18.DIONORINA;<\/p>\n\n\n\n<p>19.LIB\u00da DO REGGAE;<\/p>\n\n\n\n<p>20.RAFA E PIPO;<\/p>\n\n\n\n<p>21.DJALMA FERREIRA;<\/p>\n\n\n\n<p>22.LUIZ CALDAS;<\/p>\n\n\n\n<p>23.GER\u00d4NIMO;<\/p>\n\n\n\n<p>24.JAU;<\/p>\n\n\n\n<p>25.ESCANDURRAS;<\/p>\n\n\n\n<p>26.MARYZELIA;<\/p>\n\n\n\n<p>27.COMPANHIA DO PAGODE;<\/p>\n\n\n\n<p>28.BABADO NOVO;<\/p>\n\n\n\n<p>29.DURVAL LELYS;<\/p>\n\n\n\n<p>30.PAPAZONI;<\/p>\n\n\n\n<p>31.NEGRA COR;<\/p>\n\n\n\n<p>32.JORGE DE ANG\u00c9LICA;<\/p>\n\n\n\n<p>33.OS CLONES;<\/p>\n\n\n\n<p>34.LINCOLN;<\/p>\n\n\n\n<p>35.FILHOS DE JORGE;<\/p>\n\n\n\n<p>36.KLESSINHA;<\/p>\n\n\n\n<p>37.\u00c9 O TCHAN;<\/p>\n\n\n\n<p>38.QUIXABEIRA DA MATINHA;<\/p>\n\n\n\n<p>39.PAGODE DO SEGREDO;<\/p>\n\n\n\n<p>40.SOLANGE ALMEIDA;<\/p>\n\n\n\n<p>41.BRISA STAR;<\/p>\n\n\n\n<p>42.SILVANNO SALLES;<\/p>\n\n\n\n<p>43.PARANGOL\u00c9;<\/p>\n\n\n\n<p>44.ANDREW TOSH!<\/p>\n","protected":false},"excerpt":{"rendered":"<p>Na manh\u00e3 deste quarta-feira (05) no Museu Parque do Saber, o prefeito Colbert Martins divulgou o nome de novas atra\u00e7\u00f5es que animaram a Micareta de Feira de Santana, que acontece entre os dias 20 a 23 de abril no circuito Maneca Ferreira. Algumas atra\u00e7\u00f5es anunciadas pelo Governo Municipal para sacudir o Circuito Maneca Ferreira foram [&hellip;]<\/p>\n","protected":false},"author":2,"featured_media":10760,"comment_status":"open","ping_status":"open","sticky":false,"template":"","format":"standard","meta":{"_monsterinsights_skip_tracking":false,"_monsterinsights_sitenote_active":false,"_monsterinsights_sitenote_note":"","_monsterinsights_sitenote_category":0,"footnotes":""},"categories":[47,39],"tags":[],"yoast_head":"<!-- This site is optimized with the Yoast SEO plugin v22.9 - https:\/\/yoast.com\/wordpress\/plugins\/seo\/ -->\n<title>Mais 24 atra\u00e7\u00f5es s\u00e3o confirmadas na Micareta de Feira 2023 - Portal MF<\/title>\n<meta name=\"robots\" content=\"index, follow, max-snippet:-1, max-image-preview:large, max-video-preview:-1\" \/>\n<link rel=\"canonical\" href=\"https:\/\/portalmf.com.br\/index.php\/2023\/04\/05\/mais-24-atracoes-sao-confirmadas-na-micareta-de-feira-2023\/\" \/>\n<meta property=\"og:locale\" content=\"pt_BR\" \/>\n<meta property=\"og:type\" content=\"article\" \/>\n<meta property=\"og:title\" content=\"Mais 24 atra\u00e7\u00f5es s\u00e3o confirmadas na Micareta de Feira 2023 - Portal MF\" \/>\n<meta property=\"og:description\" content=\"Na manh\u00e3 deste quarta-feira (05) no Museu Parque do Saber, o prefeito Colbert Martins divulgou o nome de novas atra\u00e7\u00f5es que animaram a Micareta de Feira de Santana, que acontece entre os dias 20 a 23 de abril no circuito Maneca Ferreira. Algumas atra\u00e7\u00f5es anunciadas pelo Governo Municipal para sacudir o Circuito Maneca Ferreira foram [&hellip;]\" \/>\n<meta property=\"og:url\" content=\"https:\/\/portalmf.com.br\/index.php\/2023\/04\/05\/mais-24-atracoes-sao-confirmadas-na-micareta-de-feira-2023\/\" \/>\n<meta property=\"og:site_name\" content=\"Portal MF\" \/>\n<meta property=\"article:author\" content=\"reginaldojrfsa\" \/>\n<meta property=\"article:published_time\" content=\"2023-04-05T18:42:46+00:00\" \/>\n<meta property=\"article:modified_time\" content=\"2023-04-05T18:42:52+00:00\" \/>\n<meta property=\"og:image\" content=\"https:\/\/portalmf.com.br\/wp-content\/uploads\/2023\/04\/atracoes_micareta_2023_artemf1.jpg\" \/>\n\t<meta property=\"og:image:width\" content=\"999\" \/>\n\t<meta property=\"og:image:height\" content=\"617\" \/>\n\t<meta property=\"og:image:type\" content=\"image\/jpeg\" \/>\n<meta name=\"author\" content=\"Reginaldo J\u00fanior\" \/>\n<meta name=\"twitter:card\" content=\"summary_large_image\" \/>\n<meta name=\"twitter:creator\" content=\"@reginaldojrmf\" \/>\n<meta name=\"twitter:label1\" content=\"Escrito por\" \/>\n\t<meta name=\"twitter:data1\" content=\"Reginaldo J\u00fanior\" \/>\n\t<meta name=\"twitter:label2\" content=\"Est. tempo de leitura\" \/>\n\t<meta name=\"twitter:data2\" content=\"2 minutos\" \/>\n<script type=\"application\/ld+json\" class=\"yoast-schema-graph\">{\"@context\":\"https:\/\/schema.org\",\"@graph\":[{\"@type\":\"WebPage\",\"@id\":\"https:\/\/portalmf.com.br\/index.php\/2023\/04\/05\/mais-24-atracoes-sao-confirmadas-na-micareta-de-feira-2023\/\",\"url\":\"https:\/\/portalmf.com.br\/index.php\/2023\/04\/05\/mais-24-atracoes-sao-confirmadas-na-micareta-de-feira-2023\/\",\"name\":\"Mais 24 atra\u00e7\u00f5es s\u00e3o confirmadas na Micareta de Feira 2023 - Portal MF\",\"isPartOf\":{\"@id\":\"https:\/\/portalmf.com.br\/#website\"},\"primaryImageOfPage\":{\"@id\":\"https:\/\/portalmf.com.br\/index.php\/2023\/04\/05\/mais-24-atracoes-sao-confirmadas-na-micareta-de-feira-2023\/#primaryimage\"},\"image\":{\"@id\":\"https:\/\/portalmf.com.br\/index.php\/2023\/04\/05\/mais-24-atracoes-sao-confirmadas-na-micareta-de-feira-2023\/#primaryimage\"},\"thumbnailUrl\":\"https:\/\/portalmf.com.br\/wp-content\/uploads\/2023\/04\/atracoes_micareta_2023_artemf1.jpg\",\"datePublished\":\"2023-04-05T18:42:46+00:00\",\"dateModified\":\"2023-04-05T18:42:52+00:00\",\"author\":{\"@id\":\"https:\/\/portalmf.com.br\/#\/schema\/person\/11c82086fe8abc05a19147e964587285\"},\"breadcrumb\":{\"@id\":\"https:\/\/portalmf.com.br\/index.php\/2023\/04\/05\/mais-24-atracoes-sao-confirmadas-na-micareta-de-feira-2023\/#breadcrumb\"},\"inLanguage\":\"pt-BR\",\"potentialAction\":[{\"@type\":\"ReadAction\",\"target\":[\"https:\/\/portalmf.com.br\/index.php\/2023\/04\/05\/mais-24-atracoes-sao-confirmadas-na-micareta-de-feira-2023\/\"]}]},{\"@type\":\"ImageObject\",\"inLanguage\":\"pt-BR\",\"@id\":\"https:\/\/portalmf.com.br\/index.php\/2023\/04\/05\/mais-24-atracoes-sao-confirmadas-na-micareta-de-feira-2023\/#primaryimage\",\"url\":\"https:\/\/portalmf.com.br\/wp-content\/uploads\/2023\/04\/atracoes_micareta_2023_artemf1.jpg\",\"contentUrl\":\"https:\/\/portalmf.com.br\/wp-content\/uploads\/2023\/04\/atracoes_micareta_2023_artemf1.jpg\",\"width\":999,\"height\":617},{\"@type\":\"BreadcrumbList\",\"@id\":\"https:\/\/portalmf.com.br\/index.php\/2023\/04\/05\/mais-24-atracoes-sao-confirmadas-na-micareta-de-feira-2023\/#breadcrumb\",\"itemListElement\":[{\"@type\":\"ListItem\",\"position\":1,\"name\":\"In\u00edcio\",\"item\":\"https:\/\/portalmf.com.br\/\"},{\"@type\":\"ListItem\",\"position\":2,\"name\":\"Mais 24 atra\u00e7\u00f5es s\u00e3o confirmadas na Micareta de Feira 2023\"}]},{\"@type\":\"WebSite\",\"@id\":\"https:\/\/portalmf.com.br\/#website\",\"url\":\"https:\/\/portalmf.com.br\/\",\"name\":\"Portal MF\",\"description\":\"Voc\u00ea conectado com a informa\u00e7\u00e3o\",\"potentialAction\":[{\"@type\":\"SearchAction\",\"target\":{\"@type\":\"EntryPoint\",\"urlTemplate\":\"https:\/\/portalmf.com.br\/?s={search_term_string}\"},\"query-input\":\"required name=search_term_string\"}],\"inLanguage\":\"pt-BR\"},{\"@type\":\"Person\",\"@id\":\"https:\/\/portalmf.com.br\/#\/schema\/person\/11c82086fe8abc05a19147e964587285\",\"name\":\"Reginaldo J\u00fanior\",\"image\":{\"@type\":\"ImageObject\",\"inLanguage\":\"pt-BR\",\"@id\":\"https:\/\/portalmf.com.br\/#\/schema\/person\/image\/\",\"url\":\"https:\/\/secure.gravatar.com\/avatar\/32a3c797cd0ac47cc53b8644c62776f9?s=96&d=mm&r=g\",\"contentUrl\":\"https:\/\/secure.gravatar.com\/avatar\/32a3c797cd0ac47cc53b8644c62776f9?s=96&d=mm&r=g\",\"caption\":\"Reginaldo J\u00fanior\"},\"description\":\"Jornalista e idealizador Portal MF\",\"sameAs\":[\"https:\/\/portalmf.com.br\/index.php\/author\/reginaldojr\/\",\"reginaldojrfsa\",\"reginaldojuniormf\",\"https:\/\/x.com\/reginaldojrmf\"],\"url\":\"https:\/\/portalmf.com.br\/index.php\/author\/reginaldojr\/\"}]}<\/script>\n<!-- \/ Yoast SEO plugin. -->","yoast_head_json":{"title":"Mais 24 atra\u00e7\u00f5es s\u00e3o confirmadas na Micareta de Feira 2023 - Portal MF","robots":{"index":"index","follow":"follow","max-snippet":"max-snippet:-1","max-image-preview":"max-image-preview:large","max-video-preview":"max-video-preview:-1"},"canonical":"https:\/\/portalmf.com.br\/index.php\/2023\/04\/05\/mais-24-atracoes-sao-confirmadas-na-micareta-de-feira-2023\/","og_locale":"pt_BR","og_type":"article","og_title":"Mais 24 atra\u00e7\u00f5es s\u00e3o confirmadas na Micareta de Feira 2023 - Portal MF","og_description":"Na manh\u00e3 deste quarta-feira (05) no Museu Parque do Saber, o prefeito Colbert Martins divulgou o nome de novas atra\u00e7\u00f5es que animaram a Micareta de Feira de Santana, que acontece entre os dias 20 a 23 de abril no circuito Maneca Ferreira. Algumas atra\u00e7\u00f5es anunciadas pelo Governo Municipal para sacudir o Circuito Maneca Ferreira foram [&hellip;]","og_url":"https:\/\/portalmf.com.br\/index.php\/2023\/04\/05\/mais-24-atracoes-sao-confirmadas-na-micareta-de-feira-2023\/","og_site_name":"Portal MF","article_author":"reginaldojrfsa","article_published_time":"2023-04-05T18:42:46+00:00","article_modified_time":"2023-04-05T18:42:52+00:00","og_image":[{"width":999,"height":617,"url":"https:\/\/portalmf.com.br\/wp-content\/uploads\/2023\/04\/atracoes_micareta_2023_artemf1.jpg","type":"image\/jpeg"}],"author":"Reginaldo J\u00fanior","twitter_card":"summary_large_image","twitter_creator":"@reginaldojrmf","twitter_misc":{"Escrito por":"Reginaldo J\u00fanior","Est. tempo de leitura":"2 minutos"},"schema":{"@context":"https:\/\/schema.org","@graph":[{"@type":"WebPage","@id":"https:\/\/portalmf.com.br\/index.php\/2023\/04\/05\/mais-24-atracoes-sao-confirmadas-na-micareta-de-feira-2023\/","url":"https:\/\/portalmf.com.br\/index.php\/2023\/04\/05\/mais-24-atracoes-sao-confirmadas-na-micareta-de-feira-2023\/","name":"Mais 24 atra\u00e7\u00f5es s\u00e3o confirmadas na Micareta de Feira 2023 - Portal MF","isPartOf":{"@id":"https:\/\/portalmf.com.br\/#website"},"primaryImageOfPage":{"@id":"https:\/\/portalmf.com.br\/index.php\/2023\/04\/05\/mais-24-atracoes-sao-confirmadas-na-micareta-de-feira-2023\/#primaryimage"},"image":{"@id":"https:\/\/portalmf.com.br\/index.php\/2023\/04\/05\/mais-24-atracoes-sao-confirmadas-na-micareta-de-feira-2023\/#primaryimage"},"thumbnailUrl":"https:\/\/portalmf.com.br\/wp-content\/uploads\/2023\/04\/atracoes_micareta_2023_artemf1.jpg","datePublished":"2023-04-05T18:42:46+00:00","dateModified":"2023-04-05T18:42:52+00:00","author":{"@id":"https:\/\/portalmf.com.br\/#\/schema\/person\/11c82086fe8abc05a19147e964587285"},"breadcrumb":{"@id":"https:\/\/portalmf.com.br\/index.php\/2023\/04\/05\/mais-24-atracoes-sao-confirmadas-na-micareta-de-feira-2023\/#breadcrumb"},"inLanguage":"pt-BR","potentialAction":[{"@type":"ReadAction","target":["https:\/\/portalmf.com.br\/index.php\/2023\/04\/05\/mais-24-atracoes-sao-confirmadas-na-micareta-de-feira-2023\/"]}]},{"@type":"ImageObject","inLanguage":"pt-BR","@id":"https:\/\/portalmf.com.br\/index.php\/2023\/04\/05\/mais-24-atracoes-sao-confirmadas-na-micareta-de-feira-2023\/#primaryimage","url":"https:\/\/portalmf.com.br\/wp-content\/uploads\/2023\/04\/atracoes_micareta_2023_artemf1.jpg","contentUrl":"https:\/\/portalmf.com.br\/wp-content\/uploads\/2023\/04\/atracoes_micareta_2023_artemf1.jpg","width":999,"height":617},{"@type":"BreadcrumbList","@id":"https:\/\/portalmf.com.br\/index.php\/2023\/04\/05\/mais-24-atracoes-sao-confirmadas-na-micareta-de-feira-2023\/#breadcrumb","itemListElement":[{"@type":"ListItem","position":1,"name":"In\u00edcio","item":"https:\/\/portalmf.com.br\/"},{"@type":"ListItem","position":2,"name":"Mais 24 atra\u00e7\u00f5es s\u00e3o confirmadas na Micareta de Feira 2023"}]},{"@type":"WebSite","@id":"https:\/\/portalmf.com.br\/#website","url":"https:\/\/portalmf.com.br\/","name":"Portal MF","description":"Voc\u00ea conectado com a informa\u00e7\u00e3o","potentialAction":[{"@type":"SearchAction","target":{"@type":"EntryPoint","urlTemplate":"https:\/\/portalmf.com.br\/?s={search_term_string}"},"query-input":"required name=search_term_string"}],"inLanguage":"pt-BR"},{"@type":"Person","@id":"https:\/\/portalmf.com.br\/#\/schema\/person\/11c82086fe8abc05a19147e964587285","name":"Reginaldo J\u00fanior","image":{"@type":"ImageObject","inLanguage":"pt-BR","@id":"https:\/\/portalmf.com.br\/#\/schema\/person\/image\/","url":"https:\/\/secure.gravatar.com\/avatar\/32a3c797cd0ac47cc53b8644c62776f9?s=96&d=mm&r=g","contentUrl":"https:\/\/secure.gravatar.com\/avatar\/32a3c797cd0ac47cc53b8644c62776f9?s=96&d=mm&r=g","caption":"Reginaldo J\u00fanior"},"description":"Jornalista e idealizador Portal MF","sameAs":["https:\/\/portalmf.com.br\/index.php\/author\/reginaldojr\/","reginaldojrfsa","reginaldojuniormf","https:\/\/x.com\/reginaldojrmf"],"url":"https:\/\/portalmf.com.br\/index.php\/author\/reginaldojr\/"}]}},"_links":{"self":[{"href":"https:\/\/portalmf.com.br\/index.php\/wp-json\/wp\/v2\/posts\/10759"}],"collection":[{"href":"https:\/\/portalmf.com.br\/index.php\/wp-json\/wp\/v2\/posts"}],"about":[{"href":"https:\/\/portalmf.com.br\/index.php\/wp-json\/wp\/v2\/types\/post"}],"author":[{"embeddable":true,"href":"https:\/\/portalmf.com.br\/index.php\/wp-json\/wp\/v2\/users\/2"}],"replies":[{"embeddable":true,"href":"https:\/\/portalmf.com.br\/index.php\/wp-json\/wp\/v2\/comments?post=10759"}],"version-history":[{"count":1,"href":"https:\/\/portalmf.com.br\/index.php\/wp-json\/wp\/v2\/posts\/10759\/revisions"}],"predecessor-version":[{"id":10762,"href":"https:\/\/portalmf.com.br\/index.php\/wp-json\/wp\/v2\/posts\/10759\/revisions\/10762"}],"wp:featuredmedia":[{"embeddable":true,"href":"https:\/\/portalmf.com.br\/index.php\/wp-json\/wp\/v2\/media\/10760"}],"wp:attachment":[{"href":"https:\/\/portalmf.com.br\/index.php\/wp-json\/wp\/v2\/media?parent=10759"}],"wp:term":[{"taxonomy":"category","embeddable":true,"href":"https:\/\/portalmf.com.br\/index.php\/wp-json\/wp\/v2\/categories?post=10759"},{"taxonomy":"post_tag","embeddable":true,"href":"https:\/\/portalmf.com.br\/index.php\/wp-json\/wp\/v2\/tags?post=10759"}],"curies":[{"name":"wp","href":"https:\/\/api.w.org\/{rel}","templated":true}]}}