{"id":10739,"date":"2023-04-05T01:12:14","date_gmt":"2023-04-05T04:12:14","guid":{"rendered":"https:\/\/portalmf.com.br\/?p=10739"},"modified":"2023-04-05T01:12:20","modified_gmt":"2023-04-05T04:12:20","slug":"jau-confirma-presenca-na-micareta-de-feira-2023","status":"publish","type":"post","link":"https:\/\/portalmf.com.br\/index.php\/2023\/04\/05\/jau-confirma-presenca-na-micareta-de-feira-2023\/","title":{"rendered":"Jau confirma presen\u00e7a na Micareta de Feira 2023"},"content":{"rendered":"\n<p>Jau confirma, com exclusividade ao Portal MF, presen\u00e7a na Micareta de Feira 2023. O cantor revelou que se sente feirense, pois \u00e9 sempre um grande prazer tocar na cidade.<\/p>\n\n\n\n<p><em>&#8220;Eu estou sempre em Feira; me sinto muito feliz na cidade; o p\u00fablico feirense \u00e9 muito receptivo&#8221;<\/em>, disse ao Portal MF.<\/p>\n\n\n\n<p>Jau relata que ainda n\u00e3o sabe qual dia vai tocar na avenida; mas que em breve o p\u00fablico da Micareta de Feira vai ficar sabendo.<\/p>\n\n\n\n<p>Jau define o atual momento de sua carreira como mais leve, pleno e sublime. Ele acredita que, ap\u00f3s a pandemia, est\u00e1 conseguindo valorizar mais a vida; curtir momentos mais simples; e transmitir tudo isto ao seu p\u00fablico, que o espera de forma vibrante para a Micareta de Feira 2023.<\/p>\n\n\n\n<p>E vale lembrar que Jauper\u00ed foi a primeira atra\u00e7\u00e3o confirmada pela prefeitura de Feira para a Micareta feirense de 2020, que n\u00e3o aconteceu, por conta da Pandemia. E, agora, sim ele ir\u00e1 nos presentear com a sua presen\u00e7a, na primeira folia da Princesa do Sert\u00e3o, ap\u00f3s a sua paralisa\u00e7\u00e3o de tr\u00eas anos.<\/p>\n","protected":false},"excerpt":{"rendered":"<p>Jau confirma, com exclusividade ao Portal MF, presen\u00e7a na Micareta de Feira 2023. O cantor revelou que se sente feirense, pois \u00e9 sempre um grande prazer tocar na cidade. &#8220;Eu estou sempre em Feira; me sinto muito feliz na cidade; o p\u00fablico feirense \u00e9 muito receptivo&#8221;, disse ao Portal MF. Jau relata que ainda n\u00e3o [&hellip;]<\/p>\n","protected":false},"author":4,"featured_media":10740,"comment_status":"open","ping_status":"open","sticky":true,"template":"","format":"standard","meta":{"_monsterinsights_skip_tracking":false,"_monsterinsights_sitenote_active":false,"_monsterinsights_sitenote_note":"","_monsterinsights_sitenote_category":0,"footnotes":""},"categories":[47,39],"tags":[],"yoast_head":"<!-- This site is optimized with the Yoast SEO plugin v22.9 - https:\/\/yoast.com\/wordpress\/plugins\/seo\/ -->\n<title>Jau confirma presen\u00e7a na Micareta de Feira 2023 - Portal MF<\/title>\n<meta name=\"robots\" content=\"index, follow, max-snippet:-1, max-image-preview:large, max-video-preview:-1\" \/>\n<link rel=\"canonical\" href=\"https:\/\/portalmf.com.br\/index.php\/2023\/04\/05\/jau-confirma-presenca-na-micareta-de-feira-2023\/\" \/>\n<meta property=\"og:locale\" content=\"pt_BR\" \/>\n<meta property=\"og:type\" content=\"article\" \/>\n<meta property=\"og:title\" content=\"Jau confirma presen\u00e7a na Micareta de Feira 2023 - Portal MF\" \/>\n<meta property=\"og:description\" content=\"Jau confirma, com exclusividade ao Portal MF, presen\u00e7a na Micareta de Feira 2023. O cantor revelou que se sente feirense, pois \u00e9 sempre um grande prazer tocar na cidade. &#8220;Eu estou sempre em Feira; me sinto muito feliz na cidade; o p\u00fablico feirense \u00e9 muito receptivo&#8221;, disse ao Portal MF. Jau relata que ainda n\u00e3o [&hellip;]\" \/>\n<meta property=\"og:url\" content=\"https:\/\/portalmf.com.br\/index.php\/2023\/04\/05\/jau-confirma-presenca-na-micareta-de-feira-2023\/\" \/>\n<meta property=\"og:site_name\" content=\"Portal MF\" \/>\n<meta property=\"article:published_time\" content=\"2023-04-05T04:12:14+00:00\" \/>\n<meta property=\"article:modified_time\" content=\"2023-04-05T04:12:20+00:00\" \/>\n<meta property=\"og:image\" content=\"https:\/\/portalmf.com.br\/wp-content\/uploads\/2023\/04\/IMG_20230402_202041_005-1.jpg\" \/>\n\t<meta property=\"og:image:width\" content=\"1376\" \/>\n\t<meta property=\"og:image:height\" content=\"720\" \/>\n\t<meta property=\"og:image:type\" content=\"image\/jpeg\" \/>\n<meta name=\"author\" content=\"Erivelton Costa\" \/>\n<meta name=\"twitter:card\" content=\"summary_large_image\" \/>\n<meta name=\"twitter:label1\" content=\"Escrito por\" \/>\n\t<meta name=\"twitter:data1\" content=\"Erivelton Costa\" \/>\n\t<meta name=\"twitter:label2\" content=\"Est. tempo de leitura\" \/>\n\t<meta name=\"twitter:data2\" content=\"1 minuto\" \/>\n<script type=\"application\/ld+json\" class=\"yoast-schema-graph\">{\"@context\":\"https:\/\/schema.org\",\"@graph\":[{\"@type\":\"WebPage\",\"@id\":\"https:\/\/portalmf.com.br\/index.php\/2023\/04\/05\/jau-confirma-presenca-na-micareta-de-feira-2023\/\",\"url\":\"https:\/\/portalmf.com.br\/index.php\/2023\/04\/05\/jau-confirma-presenca-na-micareta-de-feira-2023\/\",\"name\":\"Jau confirma presen\u00e7a na Micareta de Feira 2023 - Portal MF\",\"isPartOf\":{\"@id\":\"https:\/\/portalmf.com.br\/#website\"},\"primaryImageOfPage\":{\"@id\":\"https:\/\/portalmf.com.br\/index.php\/2023\/04\/05\/jau-confirma-presenca-na-micareta-de-feira-2023\/#primaryimage\"},\"image\":{\"@id\":\"https:\/\/portalmf.com.br\/index.php\/2023\/04\/05\/jau-confirma-presenca-na-micareta-de-feira-2023\/#primaryimage\"},\"thumbnailUrl\":\"https:\/\/portalmf.com.br\/wp-content\/uploads\/2023\/04\/IMG_20230402_202041_005-1.jpg\",\"datePublished\":\"2023-04-05T04:12:14+00:00\",\"dateModified\":\"2023-04-05T04:12:20+00:00\",\"author\":{\"@id\":\"https:\/\/portalmf.com.br\/#\/schema\/person\/68a086817af0e8624a5fe3aa1d520a09\"},\"breadcrumb\":{\"@id\":\"https:\/\/portalmf.com.br\/index.php\/2023\/04\/05\/jau-confirma-presenca-na-micareta-de-feira-2023\/#breadcrumb\"},\"inLanguage\":\"pt-BR\",\"potentialAction\":[{\"@type\":\"ReadAction\",\"target\":[\"https:\/\/portalmf.com.br\/index.php\/2023\/04\/05\/jau-confirma-presenca-na-micareta-de-feira-2023\/\"]}]},{\"@type\":\"ImageObject\",\"inLanguage\":\"pt-BR\",\"@id\":\"https:\/\/portalmf.com.br\/index.php\/2023\/04\/05\/jau-confirma-presenca-na-micareta-de-feira-2023\/#primaryimage\",\"url\":\"https:\/\/portalmf.com.br\/wp-content\/uploads\/2023\/04\/IMG_20230402_202041_005-1.jpg\",\"contentUrl\":\"https:\/\/portalmf.com.br\/wp-content\/uploads\/2023\/04\/IMG_20230402_202041_005-1.jpg\",\"width\":1376,\"height\":720},{\"@type\":\"BreadcrumbList\",\"@id\":\"https:\/\/portalmf.com.br\/index.php\/2023\/04\/05\/jau-confirma-presenca-na-micareta-de-feira-2023\/#breadcrumb\",\"itemListElement\":[{\"@type\":\"ListItem\",\"position\":1,\"name\":\"In\u00edcio\",\"item\":\"https:\/\/portalmf.com.br\/\"},{\"@type\":\"ListItem\",\"position\":2,\"name\":\"Jau confirma presen\u00e7a na Micareta de Feira 2023\"}]},{\"@type\":\"WebSite\",\"@id\":\"https:\/\/portalmf.com.br\/#website\",\"url\":\"https:\/\/portalmf.com.br\/\",\"name\":\"Portal MF\",\"description\":\"Voc\u00ea conectado com a informa\u00e7\u00e3o\",\"potentialAction\":[{\"@type\":\"SearchAction\",\"target\":{\"@type\":\"EntryPoint\",\"urlTemplate\":\"https:\/\/portalmf.com.br\/?s={search_term_string}\"},\"query-input\":\"required name=search_term_string\"}],\"inLanguage\":\"pt-BR\"},{\"@type\":\"Person\",\"@id\":\"https:\/\/portalmf.com.br\/#\/schema\/person\/68a086817af0e8624a5fe3aa1d520a09\",\"name\":\"Erivelton Costa\",\"image\":{\"@type\":\"ImageObject\",\"inLanguage\":\"pt-BR\",\"@id\":\"https:\/\/portalmf.com.br\/#\/schema\/person\/image\/\",\"url\":\"https:\/\/secure.gravatar.com\/avatar\/568bc70f6528e14005a2e78a0b61ba2e?s=96&d=mm&r=g\",\"contentUrl\":\"https:\/\/secure.gravatar.com\/avatar\/568bc70f6528e14005a2e78a0b61ba2e?s=96&d=mm&r=g\",\"caption\":\"Erivelton Costa\"},\"description\":\"Jornalista\",\"sameAs\":[\"https:\/\/portalmf.com.br\/\",\"toncostaa\"],\"url\":\"https:\/\/portalmf.com.br\/index.php\/author\/eriveltoncosta\/\"}]}<\/script>\n<!-- \/ Yoast SEO plugin. -->","yoast_head_json":{"title":"Jau confirma presen\u00e7a na Micareta de Feira 2023 - Portal MF","robots":{"index":"index","follow":"follow","max-snippet":"max-snippet:-1","max-image-preview":"max-image-preview:large","max-video-preview":"max-video-preview:-1"},"canonical":"https:\/\/portalmf.com.br\/index.php\/2023\/04\/05\/jau-confirma-presenca-na-micareta-de-feira-2023\/","og_locale":"pt_BR","og_type":"article","og_title":"Jau confirma presen\u00e7a na Micareta de Feira 2023 - Portal MF","og_description":"Jau confirma, com exclusividade ao Portal MF, presen\u00e7a na Micareta de Feira 2023. O cantor revelou que se sente feirense, pois \u00e9 sempre um grande prazer tocar na cidade. &#8220;Eu estou sempre em Feira; me sinto muito feliz na cidade; o p\u00fablico feirense \u00e9 muito receptivo&#8221;, disse ao Portal MF. Jau relata que ainda n\u00e3o [&hellip;]","og_url":"https:\/\/portalmf.com.br\/index.php\/2023\/04\/05\/jau-confirma-presenca-na-micareta-de-feira-2023\/","og_site_name":"Portal MF","article_published_time":"2023-04-05T04:12:14+00:00","article_modified_time":"2023-04-05T04:12:20+00:00","og_image":[{"width":1376,"height":720,"url":"https:\/\/portalmf.com.br\/wp-content\/uploads\/2023\/04\/IMG_20230402_202041_005-1.jpg","type":"image\/jpeg"}],"author":"Erivelton Costa","twitter_card":"summary_large_image","twitter_misc":{"Escrito por":"Erivelton Costa","Est. tempo de leitura":"1 minuto"},"schema":{"@context":"https:\/\/schema.org","@graph":[{"@type":"WebPage","@id":"https:\/\/portalmf.com.br\/index.php\/2023\/04\/05\/jau-confirma-presenca-na-micareta-de-feira-2023\/","url":"https:\/\/portalmf.com.br\/index.php\/2023\/04\/05\/jau-confirma-presenca-na-micareta-de-feira-2023\/","name":"Jau confirma presen\u00e7a na Micareta de Feira 2023 - Portal MF","isPartOf":{"@id":"https:\/\/portalmf.com.br\/#website"},"primaryImageOfPage":{"@id":"https:\/\/portalmf.com.br\/index.php\/2023\/04\/05\/jau-confirma-presenca-na-micareta-de-feira-2023\/#primaryimage"},"image":{"@id":"https:\/\/portalmf.com.br\/index.php\/2023\/04\/05\/jau-confirma-presenca-na-micareta-de-feira-2023\/#primaryimage"},"thumbnailUrl":"https:\/\/portalmf.com.br\/wp-content\/uploads\/2023\/04\/IMG_20230402_202041_005-1.jpg","datePublished":"2023-04-05T04:12:14+00:00","dateModified":"2023-04-05T04:12:20+00:00","author":{"@id":"https:\/\/portalmf.com.br\/#\/schema\/person\/68a086817af0e8624a5fe3aa1d520a09"},"breadcrumb":{"@id":"https:\/\/portalmf.com.br\/index.php\/2023\/04\/05\/jau-confirma-presenca-na-micareta-de-feira-2023\/#breadcrumb"},"inLanguage":"pt-BR","potentialAction":[{"@type":"ReadAction","target":["https:\/\/portalmf.com.br\/index.php\/2023\/04\/05\/jau-confirma-presenca-na-micareta-de-feira-2023\/"]}]},{"@type":"ImageObject","inLanguage":"pt-BR","@id":"https:\/\/portalmf.com.br\/index.php\/2023\/04\/05\/jau-confirma-presenca-na-micareta-de-feira-2023\/#primaryimage","url":"https:\/\/portalmf.com.br\/wp-content\/uploads\/2023\/04\/IMG_20230402_202041_005-1.jpg","contentUrl":"https:\/\/portalmf.com.br\/wp-content\/uploads\/2023\/04\/IMG_20230402_202041_005-1.jpg","width":1376,"height":720},{"@type":"BreadcrumbList","@id":"https:\/\/portalmf.com.br\/index.php\/2023\/04\/05\/jau-confirma-presenca-na-micareta-de-feira-2023\/#breadcrumb","itemListElement":[{"@type":"ListItem","position":1,"name":"In\u00edcio","item":"https:\/\/portalmf.com.br\/"},{"@type":"ListItem","position":2,"name":"Jau confirma presen\u00e7a na Micareta de Feira 2023"}]},{"@type":"WebSite","@id":"https:\/\/portalmf.com.br\/#website","url":"https:\/\/portalmf.com.br\/","name":"Portal MF","description":"Voc\u00ea conectado com a informa\u00e7\u00e3o","potentialAction":[{"@type":"SearchAction","target":{"@type":"EntryPoint","urlTemplate":"https:\/\/portalmf.com.br\/?s={search_term_string}"},"query-input":"required name=search_term_string"}],"inLanguage":"pt-BR"},{"@type":"Person","@id":"https:\/\/portalmf.com.br\/#\/schema\/person\/68a086817af0e8624a5fe3aa1d520a09","name":"Erivelton Costa","image":{"@type":"ImageObject","inLanguage":"pt-BR","@id":"https:\/\/portalmf.com.br\/#\/schema\/person\/image\/","url":"https:\/\/secure.gravatar.com\/avatar\/568bc70f6528e14005a2e78a0b61ba2e?s=96&d=mm&r=g","contentUrl":"https:\/\/secure.gravatar.com\/avatar\/568bc70f6528e14005a2e78a0b61ba2e?s=96&d=mm&r=g","caption":"Erivelton Costa"},"description":"Jornalista","sameAs":["https:\/\/portalmf.com.br\/","toncostaa"],"url":"https:\/\/portalmf.com.br\/index.php\/author\/eriveltoncosta\/"}]}},"_links":{"self":[{"href":"https:\/\/portalmf.com.br\/index.php\/wp-json\/wp\/v2\/posts\/10739"}],"collection":[{"href":"https:\/\/portalmf.com.br\/index.php\/wp-json\/wp\/v2\/posts"}],"about":[{"href":"https:\/\/portalmf.com.br\/index.php\/wp-json\/wp\/v2\/types\/post"}],"author":[{"embeddable":true,"href":"https:\/\/portalmf.com.br\/index.php\/wp-json\/wp\/v2\/users\/4"}],"replies":[{"embeddable":true,"href":"https:\/\/portalmf.com.br\/index.php\/wp-json\/wp\/v2\/comments?post=10739"}],"version-history":[{"count":1,"href":"https:\/\/portalmf.com.br\/index.php\/wp-json\/wp\/v2\/posts\/10739\/revisions"}],"predecessor-version":[{"id":10741,"href":"https:\/\/portalmf.com.br\/index.php\/wp-json\/wp\/v2\/posts\/10739\/revisions\/10741"}],"wp:featuredmedia":[{"embeddable":true,"href":"https:\/\/portalmf.com.br\/index.php\/wp-json\/wp\/v2\/media\/10740"}],"wp:attachment":[{"href":"https:\/\/portalmf.com.br\/index.php\/wp-json\/wp\/v2\/media?parent=10739"}],"wp:term":[{"taxonomy":"category","embeddable":true,"href":"https:\/\/portalmf.com.br\/index.php\/wp-json\/wp\/v2\/categories?post=10739"},{"taxonomy":"post_tag","embeddable":true,"href":"https:\/\/portalmf.com.br\/index.php\/wp-json\/wp\/v2\/tags?post=10739"}],"curies":[{"name":"wp","href":"https:\/\/api.w.org\/{rel}","templated":true}]}}