{"id":10682,"date":"2023-04-01T23:25:00","date_gmt":"2023-04-02T02:25:00","guid":{"rendered":"https:\/\/portalmf.com.br\/?p=10682"},"modified":"2023-04-03T18:34:12","modified_gmt":"2023-04-03T21:34:12","slug":"democracia-e-diversidade-esquenta-micareta-reuniu-todas-as-idades-e-estilos-em-edicao-historica","status":"publish","type":"post","link":"https:\/\/portalmf.com.br\/index.php\/2023\/04\/01\/democracia-e-diversidade-esquenta-micareta-reuniu-todas-as-idades-e-estilos-em-edicao-historica\/","title":{"rendered":"Democracia e diversidade, esquenta micareta reuniu todas as idades e estilos em edi\u00e7\u00e3o hist\u00f3rica"},"content":{"rendered":"\n<p><strong>Por: Adriele Merc\u00eas<\/strong><\/p>\n\n\n\n<p>A micareta come\u00e7a oficialmente no dia 20 de abril, mas, neste domingo (2), quem passou pela Avenida Fraga Maia, p\u00f4de sentir o gostinho do evento mais esperado da cidade e comprovar que n\u00e3o importa quanto tempo passe, o esp\u00edrito do feirense \u00e9 mesmo micareteiro.<\/p>\n\n\n\n<p>O Esquenta Micareta \u00e9 o primeiro grito da festa, e al\u00e9m de matar as saudades de estar na rua, ao som de marchinhas e fanfarras, preparando os cora\u00e7\u00f5es para a Micareta de Feira, neste ano, teve novidade. A festa que acontecia tradicionalmente na rua S\u00e3o Domingos tomou amplitude, e nesta edi\u00e7\u00e3o, foi realizada na Avenida Fraga Maia.<\/p>\n\n\n\n<p>Nas ruas da Fraga Maia, jovens, idosos e crian\u00e7as se espalharam. A festa, al\u00e9m de se mostrar democr\u00e1tica, por abrigar todos os gostos e idades, tirou de casa fam\u00edlias inteiras, que puderam se divertir, cada um do seu jeito. Quem tinha d\u00favidas se a Micareta 2023 ia mesmo atrair o p\u00fablico, p\u00f4de sentir, ap\u00f3s o Esquenta, que o circuito Manteca Ferreira continuar\u00e1 sendo local de viver a primeira micareta do Brasil, em grande estilo.<\/p>\n\n\n\n<figure class=\"wp-block-image size-large\"><img fetchpriority=\"high\" decoding=\"async\" width=\"1024\" height=\"461\" src=\"https:\/\/portalmf.com.br\/wp-content\/uploads\/2023\/04\/ESQUENTA-MICARETA-3-1024x461.jpg\" alt=\"\" class=\"wp-image-10658\" srcset=\"https:\/\/portalmf.com.br\/wp-content\/uploads\/2023\/04\/ESQUENTA-MICARETA-3-1024x461.jpg 1024w, https:\/\/portalmf.com.br\/wp-content\/uploads\/2023\/04\/ESQUENTA-MICARETA-3-300x135.jpg 300w, https:\/\/portalmf.com.br\/wp-content\/uploads\/2023\/04\/ESQUENTA-MICARETA-3-768x346.jpg 768w, https:\/\/portalmf.com.br\/wp-content\/uploads\/2023\/04\/ESQUENTA-MICARETA-3-1536x691.jpg 1536w, https:\/\/portalmf.com.br\/wp-content\/uploads\/2023\/04\/ESQUENTA-MICARETA-3-1170x527.jpg 1170w, https:\/\/portalmf.com.br\/wp-content\/uploads\/2023\/04\/ESQUENTA-MICARETA-3-585x263.jpg 585w, https:\/\/portalmf.com.br\/wp-content\/uploads\/2023\/04\/ESQUENTA-MICARETA-3.jpg 1600w\" sizes=\"(max-width: 1024px) 100vw, 1024px\" \/><figcaption class=\"wp-element-caption\">Foto: Reginaldo J\u00fanior \/  Portal MF<\/figcaption><\/figure>\n\n\n\n<p><em>\u201cMeu neto sempre vai para todas as festas, quando ele falou que essa ia ser na rua, que ia ter fanfarra, eu logo falei que queria acompanhar, meu filho e minha nora tamb\u00e9m se animaram e a gente trouxe at\u00e9 minha neta mais nova, de 6 anos. Meu neto est\u00e1 caminhando por a\u00ed com os amigos, e n\u00f3s estamos curtindo por aqui, vendo as pessoas, sentindo liberdade, sentindo que a micareta est\u00e1 de volta e amando tudo isso\u201d<\/em>, a declara\u00e7\u00e3o \u00e9 de Maria Cec\u00edlia, de 78 anos, que distribuiu sorrisos numa das barracas espalhadas pelo circuito.<\/p>\n\n\n\n<p><strong>Com\u00e9rcio<\/strong><\/p>\n\n\n\n<p>\u201cN\u00f3s amamos o espa\u00e7o! N\u00e3o est\u00e1 apertado, a localiza\u00e7\u00e3o \u00e9 \u00f3tima, cabe mais gente, ent\u00e3o, s\u00e3o mais clientes\u2026 n\u00e3o tem do que reclamar\u201d, foi o que disse Jo\u00e3o Aquino, que comercializa drinks em eventos, mais conhecido como \u201ccapeteiro\u201d.<\/p>\n\n\n\n<p>Na barraca de seu Jo\u00e3o tinha de tudo. O famoso \u2018capeta\u2019, nevada, sangria e diversas op\u00e7\u00f5es que o fizeram trabalhar desde o come\u00e7o da festa, ao meio dia, at\u00e9 o final da tarde, quando tudo acabou. <\/p>\n\n\n\n<p><em>\u201cO lucro de hoje vai ajudar a comprar mais mat\u00e9ria prima para vendermos as bebidas na micareta, coisa que antes do Esquenta, a gente n\u00e3o tinha. Era fazendo empr\u00e9stimos e dando um jeitinho, coisas que neste ano, n\u00e3o precisamos fazer mais, essa festa aqui ajudou\u201d,<\/em> contou o comerciante.<\/p>\n\n\n\n<p>Esta foi uma previa de como vai ser a Micareta 2023, que pelo visto, vai ser uma edi\u00e7\u00e3o de tirar o f\u00f4lego.<\/p>\n","protected":false},"excerpt":{"rendered":"<p>Por: Adriele Merc\u00eas A micareta come\u00e7a oficialmente no dia 20 de abril, mas, neste domingo (2), quem passou pela Avenida Fraga Maia, p\u00f4de sentir o gostinho do evento mais esperado da cidade e comprovar que n\u00e3o importa quanto tempo passe, o esp\u00edrito do feirense \u00e9 mesmo micareteiro. O Esquenta Micareta \u00e9 o primeiro grito da [&hellip;]<\/p>\n","protected":false},"author":3,"featured_media":10656,"comment_status":"open","ping_status":"open","sticky":false,"template":"","format":"standard","meta":{"_monsterinsights_skip_tracking":false,"_monsterinsights_sitenote_active":false,"_monsterinsights_sitenote_note":"","_monsterinsights_sitenote_category":0,"footnotes":""},"categories":[47,39],"tags":[],"yoast_head":"<!-- This site is optimized with the Yoast SEO plugin v22.9 - https:\/\/yoast.com\/wordpress\/plugins\/seo\/ -->\n<title>Democracia e diversidade, esquenta micareta reuniu todas as idades e estilos em edi\u00e7\u00e3o hist\u00f3rica - Portal MF<\/title>\n<meta name=\"robots\" content=\"index, follow, max-snippet:-1, max-image-preview:large, max-video-preview:-1\" \/>\n<link rel=\"canonical\" href=\"https:\/\/portalmf.com.br\/index.php\/2023\/04\/01\/democracia-e-diversidade-esquenta-micareta-reuniu-todas-as-idades-e-estilos-em-edicao-historica\/\" \/>\n<meta property=\"og:locale\" content=\"pt_BR\" \/>\n<meta property=\"og:type\" content=\"article\" \/>\n<meta property=\"og:title\" content=\"Democracia e diversidade, esquenta micareta reuniu todas as idades e estilos em edi\u00e7\u00e3o hist\u00f3rica - Portal MF\" \/>\n<meta property=\"og:description\" content=\"Por: Adriele Merc\u00eas A micareta come\u00e7a oficialmente no dia 20 de abril, mas, neste domingo (2), quem passou pela Avenida Fraga Maia, p\u00f4de sentir o gostinho do evento mais esperado da cidade e comprovar que n\u00e3o importa quanto tempo passe, o esp\u00edrito do feirense \u00e9 mesmo micareteiro. O Esquenta Micareta \u00e9 o primeiro grito da [&hellip;]\" \/>\n<meta property=\"og:url\" content=\"https:\/\/portalmf.com.br\/index.php\/2023\/04\/01\/democracia-e-diversidade-esquenta-micareta-reuniu-todas-as-idades-e-estilos-em-edicao-historica\/\" \/>\n<meta property=\"og:site_name\" content=\"Portal MF\" \/>\n<meta property=\"article:author\" content=\"https:\/\/www.facebook.com\/portalmfoficial\" \/>\n<meta property=\"article:published_time\" content=\"2023-04-02T02:25:00+00:00\" \/>\n<meta property=\"article:modified_time\" content=\"2023-04-03T21:34:12+00:00\" \/>\n<meta property=\"og:image\" content=\"https:\/\/portalmf.com.br\/wp-content\/uploads\/2023\/04\/ESQUENTA-MICARETA-1.jpg\" \/>\n\t<meta property=\"og:image:width\" content=\"1599\" \/>\n\t<meta property=\"og:image:height\" content=\"899\" \/>\n\t<meta property=\"og:image:type\" content=\"image\/jpeg\" \/>\n<meta name=\"author\" content=\"Reda\u00e7\u00e3o Portal MF\" \/>\n<meta name=\"twitter:card\" content=\"summary_large_image\" \/>\n<meta name=\"twitter:creator\" content=\"@https:\/\/x.com\/portalmfoficial\" \/>\n<meta name=\"twitter:label1\" content=\"Escrito por\" \/>\n\t<meta name=\"twitter:data1\" content=\"Reda\u00e7\u00e3o Portal MF\" \/>\n\t<meta name=\"twitter:label2\" content=\"Est. tempo de leitura\" \/>\n\t<meta name=\"twitter:data2\" content=\"3 minutos\" \/>\n<script type=\"application\/ld+json\" class=\"yoast-schema-graph\">{\"@context\":\"https:\/\/schema.org\",\"@graph\":[{\"@type\":\"WebPage\",\"@id\":\"https:\/\/portalmf.com.br\/index.php\/2023\/04\/01\/democracia-e-diversidade-esquenta-micareta-reuniu-todas-as-idades-e-estilos-em-edicao-historica\/\",\"url\":\"https:\/\/portalmf.com.br\/index.php\/2023\/04\/01\/democracia-e-diversidade-esquenta-micareta-reuniu-todas-as-idades-e-estilos-em-edicao-historica\/\",\"name\":\"Democracia e diversidade, esquenta micareta reuniu todas as idades e estilos em edi\u00e7\u00e3o hist\u00f3rica - Portal MF\",\"isPartOf\":{\"@id\":\"https:\/\/portalmf.com.br\/#website\"},\"primaryImageOfPage\":{\"@id\":\"https:\/\/portalmf.com.br\/index.php\/2023\/04\/01\/democracia-e-diversidade-esquenta-micareta-reuniu-todas-as-idades-e-estilos-em-edicao-historica\/#primaryimage\"},\"image\":{\"@id\":\"https:\/\/portalmf.com.br\/index.php\/2023\/04\/01\/democracia-e-diversidade-esquenta-micareta-reuniu-todas-as-idades-e-estilos-em-edicao-historica\/#primaryimage\"},\"thumbnailUrl\":\"https:\/\/portalmf.com.br\/wp-content\/uploads\/2023\/04\/ESQUENTA-MICARETA-1.jpg\",\"datePublished\":\"2023-04-02T02:25:00+00:00\",\"dateModified\":\"2023-04-03T21:34:12+00:00\",\"author\":{\"@id\":\"https:\/\/portalmf.com.br\/#\/schema\/person\/9ec101baf56233e53520c26de5d6f6f0\"},\"breadcrumb\":{\"@id\":\"https:\/\/portalmf.com.br\/index.php\/2023\/04\/01\/democracia-e-diversidade-esquenta-micareta-reuniu-todas-as-idades-e-estilos-em-edicao-historica\/#breadcrumb\"},\"inLanguage\":\"pt-BR\",\"potentialAction\":[{\"@type\":\"ReadAction\",\"target\":[\"https:\/\/portalmf.com.br\/index.php\/2023\/04\/01\/democracia-e-diversidade-esquenta-micareta-reuniu-todas-as-idades-e-estilos-em-edicao-historica\/\"]}]},{\"@type\":\"ImageObject\",\"inLanguage\":\"pt-BR\",\"@id\":\"https:\/\/portalmf.com.br\/index.php\/2023\/04\/01\/democracia-e-diversidade-esquenta-micareta-reuniu-todas-as-idades-e-estilos-em-edicao-historica\/#primaryimage\",\"url\":\"https:\/\/portalmf.com.br\/wp-content\/uploads\/2023\/04\/ESQUENTA-MICARETA-1.jpg\",\"contentUrl\":\"https:\/\/portalmf.com.br\/wp-content\/uploads\/2023\/04\/ESQUENTA-MICARETA-1.jpg\",\"width\":1599,\"height\":899,\"caption\":\"Foto: Reginaldo J\u00fanior \/ Portal MF\"},{\"@type\":\"BreadcrumbList\",\"@id\":\"https:\/\/portalmf.com.br\/index.php\/2023\/04\/01\/democracia-e-diversidade-esquenta-micareta-reuniu-todas-as-idades-e-estilos-em-edicao-historica\/#breadcrumb\",\"itemListElement\":[{\"@type\":\"ListItem\",\"position\":1,\"name\":\"In\u00edcio\",\"item\":\"https:\/\/portalmf.com.br\/\"},{\"@type\":\"ListItem\",\"position\":2,\"name\":\"Democracia e diversidade, esquenta micareta reuniu todas as idades e estilos em edi\u00e7\u00e3o hist\u00f3rica\"}]},{\"@type\":\"WebSite\",\"@id\":\"https:\/\/portalmf.com.br\/#website\",\"url\":\"https:\/\/portalmf.com.br\/\",\"name\":\"Portal MF\",\"description\":\"Voc\u00ea conectado com a informa\u00e7\u00e3o\",\"potentialAction\":[{\"@type\":\"SearchAction\",\"target\":{\"@type\":\"EntryPoint\",\"urlTemplate\":\"https:\/\/portalmf.com.br\/?s={search_term_string}\"},\"query-input\":\"required name=search_term_string\"}],\"inLanguage\":\"pt-BR\"},{\"@type\":\"Person\",\"@id\":\"https:\/\/portalmf.com.br\/#\/schema\/person\/9ec101baf56233e53520c26de5d6f6f0\",\"name\":\"Reda\u00e7\u00e3o Portal MF\",\"image\":{\"@type\":\"ImageObject\",\"inLanguage\":\"pt-BR\",\"@id\":\"https:\/\/portalmf.com.br\/#\/schema\/person\/image\/\",\"url\":\"https:\/\/secure.gravatar.com\/avatar\/41b9aaeb2100835f7c64362330f74c7f?s=96&d=mm&r=g\",\"contentUrl\":\"https:\/\/secure.gravatar.com\/avatar\/41b9aaeb2100835f7c64362330f74c7f?s=96&d=mm&r=g\",\"caption\":\"Reda\u00e7\u00e3o Portal MF\"},\"description\":\"Sejam bem-vindos o portal de informa\u00e7\u00f5es de entretenimento de Feira de Santana, desde 2006 realiza coberturas dos principais eventos com entrevistas exclusivas com as principais personalidades mundiais. Fique conectado tamb\u00e9m nas redes sociais.\",\"sameAs\":[\"http:\/\/www.portalmf.com.br\/\",\"https:\/\/www.facebook.com\/portalmfoficial\",\"https:\/\/www.instagram.com\/portalmf\/\",\"https:\/\/x.com\/https:\/\/x.com\/portalmfoficial\",\"https:\/\/www.youtube.com\/@portalmfoficial\"],\"url\":\"https:\/\/portalmf.com.br\/index.php\/author\/junior\/\"}]}<\/script>\n<!-- \/ Yoast SEO plugin. -->","yoast_head_json":{"title":"Democracia e diversidade, esquenta micareta reuniu todas as idades e estilos em edi\u00e7\u00e3o hist\u00f3rica - Portal MF","robots":{"index":"index","follow":"follow","max-snippet":"max-snippet:-1","max-image-preview":"max-image-preview:large","max-video-preview":"max-video-preview:-1"},"canonical":"https:\/\/portalmf.com.br\/index.php\/2023\/04\/01\/democracia-e-diversidade-esquenta-micareta-reuniu-todas-as-idades-e-estilos-em-edicao-historica\/","og_locale":"pt_BR","og_type":"article","og_title":"Democracia e diversidade, esquenta micareta reuniu todas as idades e estilos em edi\u00e7\u00e3o hist\u00f3rica - Portal MF","og_description":"Por: Adriele Merc\u00eas A micareta come\u00e7a oficialmente no dia 20 de abril, mas, neste domingo (2), quem passou pela Avenida Fraga Maia, p\u00f4de sentir o gostinho do evento mais esperado da cidade e comprovar que n\u00e3o importa quanto tempo passe, o esp\u00edrito do feirense \u00e9 mesmo micareteiro. O Esquenta Micareta \u00e9 o primeiro grito da [&hellip;]","og_url":"https:\/\/portalmf.com.br\/index.php\/2023\/04\/01\/democracia-e-diversidade-esquenta-micareta-reuniu-todas-as-idades-e-estilos-em-edicao-historica\/","og_site_name":"Portal MF","article_author":"https:\/\/www.facebook.com\/portalmfoficial","article_published_time":"2023-04-02T02:25:00+00:00","article_modified_time":"2023-04-03T21:34:12+00:00","og_image":[{"width":1599,"height":899,"url":"https:\/\/portalmf.com.br\/wp-content\/uploads\/2023\/04\/ESQUENTA-MICARETA-1.jpg","type":"image\/jpeg"}],"author":"Reda\u00e7\u00e3o Portal MF","twitter_card":"summary_large_image","twitter_creator":"@https:\/\/x.com\/portalmfoficial","twitter_misc":{"Escrito por":"Reda\u00e7\u00e3o Portal MF","Est. tempo de leitura":"3 minutos"},"schema":{"@context":"https:\/\/schema.org","@graph":[{"@type":"WebPage","@id":"https:\/\/portalmf.com.br\/index.php\/2023\/04\/01\/democracia-e-diversidade-esquenta-micareta-reuniu-todas-as-idades-e-estilos-em-edicao-historica\/","url":"https:\/\/portalmf.com.br\/index.php\/2023\/04\/01\/democracia-e-diversidade-esquenta-micareta-reuniu-todas-as-idades-e-estilos-em-edicao-historica\/","name":"Democracia e diversidade, esquenta micareta reuniu todas as idades e estilos em edi\u00e7\u00e3o hist\u00f3rica - Portal MF","isPartOf":{"@id":"https:\/\/portalmf.com.br\/#website"},"primaryImageOfPage":{"@id":"https:\/\/portalmf.com.br\/index.php\/2023\/04\/01\/democracia-e-diversidade-esquenta-micareta-reuniu-todas-as-idades-e-estilos-em-edicao-historica\/#primaryimage"},"image":{"@id":"https:\/\/portalmf.com.br\/index.php\/2023\/04\/01\/democracia-e-diversidade-esquenta-micareta-reuniu-todas-as-idades-e-estilos-em-edicao-historica\/#primaryimage"},"thumbnailUrl":"https:\/\/portalmf.com.br\/wp-content\/uploads\/2023\/04\/ESQUENTA-MICARETA-1.jpg","datePublished":"2023-04-02T02:25:00+00:00","dateModified":"2023-04-03T21:34:12+00:00","author":{"@id":"https:\/\/portalmf.com.br\/#\/schema\/person\/9ec101baf56233e53520c26de5d6f6f0"},"breadcrumb":{"@id":"https:\/\/portalmf.com.br\/index.php\/2023\/04\/01\/democracia-e-diversidade-esquenta-micareta-reuniu-todas-as-idades-e-estilos-em-edicao-historica\/#breadcrumb"},"inLanguage":"pt-BR","potentialAction":[{"@type":"ReadAction","target":["https:\/\/portalmf.com.br\/index.php\/2023\/04\/01\/democracia-e-diversidade-esquenta-micareta-reuniu-todas-as-idades-e-estilos-em-edicao-historica\/"]}]},{"@type":"ImageObject","inLanguage":"pt-BR","@id":"https:\/\/portalmf.com.br\/index.php\/2023\/04\/01\/democracia-e-diversidade-esquenta-micareta-reuniu-todas-as-idades-e-estilos-em-edicao-historica\/#primaryimage","url":"https:\/\/portalmf.com.br\/wp-content\/uploads\/2023\/04\/ESQUENTA-MICARETA-1.jpg","contentUrl":"https:\/\/portalmf.com.br\/wp-content\/uploads\/2023\/04\/ESQUENTA-MICARETA-1.jpg","width":1599,"height":899,"caption":"Foto: Reginaldo J\u00fanior \/ Portal MF"},{"@type":"BreadcrumbList","@id":"https:\/\/portalmf.com.br\/index.php\/2023\/04\/01\/democracia-e-diversidade-esquenta-micareta-reuniu-todas-as-idades-e-estilos-em-edicao-historica\/#breadcrumb","itemListElement":[{"@type":"ListItem","position":1,"name":"In\u00edcio","item":"https:\/\/portalmf.com.br\/"},{"@type":"ListItem","position":2,"name":"Democracia e diversidade, esquenta micareta reuniu todas as idades e estilos em edi\u00e7\u00e3o hist\u00f3rica"}]},{"@type":"WebSite","@id":"https:\/\/portalmf.com.br\/#website","url":"https:\/\/portalmf.com.br\/","name":"Portal MF","description":"Voc\u00ea conectado com a informa\u00e7\u00e3o","potentialAction":[{"@type":"SearchAction","target":{"@type":"EntryPoint","urlTemplate":"https:\/\/portalmf.com.br\/?s={search_term_string}"},"query-input":"required name=search_term_string"}],"inLanguage":"pt-BR"},{"@type":"Person","@id":"https:\/\/portalmf.com.br\/#\/schema\/person\/9ec101baf56233e53520c26de5d6f6f0","name":"Reda\u00e7\u00e3o Portal MF","image":{"@type":"ImageObject","inLanguage":"pt-BR","@id":"https:\/\/portalmf.com.br\/#\/schema\/person\/image\/","url":"https:\/\/secure.gravatar.com\/avatar\/41b9aaeb2100835f7c64362330f74c7f?s=96&d=mm&r=g","contentUrl":"https:\/\/secure.gravatar.com\/avatar\/41b9aaeb2100835f7c64362330f74c7f?s=96&d=mm&r=g","caption":"Reda\u00e7\u00e3o Portal MF"},"description":"Sejam bem-vindos o portal de informa\u00e7\u00f5es de entretenimento de Feira de Santana, desde 2006 realiza coberturas dos principais eventos com entrevistas exclusivas com as principais personalidades mundiais. Fique conectado tamb\u00e9m nas redes sociais.","sameAs":["http:\/\/www.portalmf.com.br\/","https:\/\/www.facebook.com\/portalmfoficial","https:\/\/www.instagram.com\/portalmf\/","https:\/\/x.com\/https:\/\/x.com\/portalmfoficial","https:\/\/www.youtube.com\/@portalmfoficial"],"url":"https:\/\/portalmf.com.br\/index.php\/author\/junior\/"}]}},"_links":{"self":[{"href":"https:\/\/portalmf.com.br\/index.php\/wp-json\/wp\/v2\/posts\/10682"}],"collection":[{"href":"https:\/\/portalmf.com.br\/index.php\/wp-json\/wp\/v2\/posts"}],"about":[{"href":"https:\/\/portalmf.com.br\/index.php\/wp-json\/wp\/v2\/types\/post"}],"author":[{"embeddable":true,"href":"https:\/\/portalmf.com.br\/index.php\/wp-json\/wp\/v2\/users\/3"}],"replies":[{"embeddable":true,"href":"https:\/\/portalmf.com.br\/index.php\/wp-json\/wp\/v2\/comments?post=10682"}],"version-history":[{"count":2,"href":"https:\/\/portalmf.com.br\/index.php\/wp-json\/wp\/v2\/posts\/10682\/revisions"}],"predecessor-version":[{"id":10685,"href":"https:\/\/portalmf.com.br\/index.php\/wp-json\/wp\/v2\/posts\/10682\/revisions\/10685"}],"wp:featuredmedia":[{"embeddable":true,"href":"https:\/\/portalmf.com.br\/index.php\/wp-json\/wp\/v2\/media\/10656"}],"wp:attachment":[{"href":"https:\/\/portalmf.com.br\/index.php\/wp-json\/wp\/v2\/media?parent=10682"}],"wp:term":[{"taxonomy":"category","embeddable":true,"href":"https:\/\/portalmf.com.br\/index.php\/wp-json\/wp\/v2\/categories?post=10682"},{"taxonomy":"post_tag","embeddable":true,"href":"https:\/\/portalmf.com.br\/index.php\/wp-json\/wp\/v2\/tags?post=10682"}],"curies":[{"name":"wp","href":"https:\/\/api.w.org\/{rel}","templated":true}]}}