{"id":10655,"date":"2023-04-02T23:06:00","date_gmt":"2023-04-03T02:06:00","guid":{"rendered":"https:\/\/portalmf.com.br\/?p=10655"},"modified":"2023-04-03T18:36:13","modified_gmt":"2023-04-03T21:36:13","slug":"folioes-comemoram-retorno-da-folia-no-esquenta-micareta","status":"publish","type":"post","link":"https:\/\/portalmf.com.br\/index.php\/2023\/04\/02\/folioes-comemoram-retorno-da-folia-no-esquenta-micareta\/","title":{"rendered":"Foli\u00f5es comemoram retorno da folia no Esquenta Micareta"},"content":{"rendered":"\n<p>O clima da folia tomou conta da avenida Francisco Fraga Maia na tarde deste domingo, 02 de abril, em Feira de Santana. O Esquenta Micareta, que prepara o foli\u00e3o para o maior carnaval fora de \u00e9poca do Brasil, reuniu milhares de pessoas, de variadas idades, para celebrar o retorno da festa, ap\u00f3s tr\u00eas anos de suspens\u00e3o por conta da pandemia de Covid-19.<\/p>\n\n\n\n<p>O Esquenta Micareta, que historicamente era realizado na rua S\u00e3o Domingos, este ano aconteceu em novo local. O Secret\u00e1rio de Cultura Esporte e Lazer de Feira de Santana, Jairo Carneiro Filho, contou que a mudan\u00e7a para a avenida Fraga Maia foi positiva.<\/p>\n\n\n\n<p><em>\u201c\u00c9 um novo momento. Mudan\u00e7a de local traz essa expectativa para todos que fazem parte da festa e estamos verificando, de forma presencial, um domingo ensolarado de lazer, onde voc\u00ea tem mais espa\u00e7o na avenida. Vemos aqui fam\u00edlias, crian\u00e7as e idosos. Um momento muito bacana. Aqui n\u00f3s temos uma \u00e1rea arborizada, muito mais larga que a S\u00e3o Domingos e isso deixa o ambiente muito mais confort\u00e1vel\u201d,<\/em> afirmou.<\/p>\n\n\n\n<figure class=\"wp-block-image size-large\"><img fetchpriority=\"high\" decoding=\"async\" width=\"1024\" height=\"461\" src=\"https:\/\/portalmf.com.br\/wp-content\/uploads\/2023\/04\/ESQUENTA-MICARETA-2-1024x461.jpg\" alt=\"\" class=\"wp-image-10657\" srcset=\"https:\/\/portalmf.com.br\/wp-content\/uploads\/2023\/04\/ESQUENTA-MICARETA-2-1024x461.jpg 1024w, https:\/\/portalmf.com.br\/wp-content\/uploads\/2023\/04\/ESQUENTA-MICARETA-2-300x135.jpg 300w, https:\/\/portalmf.com.br\/wp-content\/uploads\/2023\/04\/ESQUENTA-MICARETA-2-768x346.jpg 768w, https:\/\/portalmf.com.br\/wp-content\/uploads\/2023\/04\/ESQUENTA-MICARETA-2-1536x691.jpg 1536w, https:\/\/portalmf.com.br\/wp-content\/uploads\/2023\/04\/ESQUENTA-MICARETA-2-1170x527.jpg 1170w, https:\/\/portalmf.com.br\/wp-content\/uploads\/2023\/04\/ESQUENTA-MICARETA-2-585x263.jpg 585w, https:\/\/portalmf.com.br\/wp-content\/uploads\/2023\/04\/ESQUENTA-MICARETA-2.jpg 1600w\" sizes=\"(max-width: 1024px) 100vw, 1024px\" \/><figcaption class=\"wp-element-caption\">Foto: Reginaldo J\u00fanior \/  Portal MF<\/figcaption><\/figure>\n\n\n\n<p><em>\u201cA gente precisa fazer da Micareta uma festa diurna. Houve uma \u00e9poca em que os clubes de Feira de Santana faziam a Micareta de dia e j\u00e1 n\u00e3o temos mais isso. T\u00e1 na hora da gente ocupar esse espa\u00e7o. O carnaval mostrou que a festa de dia \u00e9 melhor\u201d, <\/em>explicou o prefeito Colbert Martins Filho, ao destacar o sucesso do Esquenta.<\/p>\n\n\n\n<p>Logo no in\u00edcio da tarde, \u00e0s 13h, a primeira atra\u00e7\u00e3o do dia, o Rix\u00f4 El\u00e9trico, passou pela avenida, com m\u00fasicas de antigos carnavais. Outros grupos da cidade tamb\u00e9m se apresentaram, como o Bando das Bara\u00fanas, a Pandeirada Tambores Urbanos, o bloco Mistura Publicit\u00e1ria e a Sociedade Filarm\u00f4nica.<\/p>\n\n\n\n<figure class=\"wp-block-image size-large\"><img decoding=\"async\" width=\"1024\" height=\"461\" src=\"https:\/\/portalmf.com.br\/wp-content\/uploads\/2023\/04\/ESQUENTA-MICARETA-3-1024x461.jpg\" alt=\"\" class=\"wp-image-10658\" srcset=\"https:\/\/portalmf.com.br\/wp-content\/uploads\/2023\/04\/ESQUENTA-MICARETA-3-1024x461.jpg 1024w, https:\/\/portalmf.com.br\/wp-content\/uploads\/2023\/04\/ESQUENTA-MICARETA-3-300x135.jpg 300w, https:\/\/portalmf.com.br\/wp-content\/uploads\/2023\/04\/ESQUENTA-MICARETA-3-768x346.jpg 768w, https:\/\/portalmf.com.br\/wp-content\/uploads\/2023\/04\/ESQUENTA-MICARETA-3-1536x691.jpg 1536w, https:\/\/portalmf.com.br\/wp-content\/uploads\/2023\/04\/ESQUENTA-MICARETA-3-1170x527.jpg 1170w, https:\/\/portalmf.com.br\/wp-content\/uploads\/2023\/04\/ESQUENTA-MICARETA-3-585x263.jpg 585w, https:\/\/portalmf.com.br\/wp-content\/uploads\/2023\/04\/ESQUENTA-MICARETA-3.jpg 1600w\" sizes=\"(max-width: 1024px) 100vw, 1024px\" \/><figcaption class=\"wp-element-caption\">Foto: Reginaldo J\u00fanior \/  Portal MF<\/figcaption><\/figure>\n\n\n\n<p>H\u00e1 23 anos curtindo Micaretas, a promotora de vendas Daiane Lima, moradora da regi\u00e3o da Fraga Maia, comemorou a realiza\u00e7\u00e3o da festa<em>. \u201cMaravilhoso. Na esquina da minha casa. Aqui \u00e9 espa\u00e7oso, fica todo mundo em casa. Este \u00e9 um evento que faz a gente reencontrar os amigos. Curto micareta desde os 16 anos e gostei muito da grade de atra\u00e7\u00f5es da Micareta deste ano\u201d,<\/em> disse.<\/p>\n\n\n\n<figure class=\"wp-block-embed is-type-video is-provider-youtube wp-block-embed-youtube wp-embed-aspect-16-9 wp-has-aspect-ratio\"><div class=\"wp-block-embed__wrapper\">\n<iframe title=\"Foli\u00f5es celebram retorno do Esquenta Micareta - TvGeral.com.br\" width=\"696\" height=\"392\" src=\"https:\/\/www.youtube.com\/embed\/WUiCw7qyEv0?feature=oembed\" frameborder=\"0\" allow=\"accelerometer; autoplay; clipboard-write; encrypted-media; gyroscope; picture-in-picture; web-share\" allowfullscreen><\/iframe>\n<\/div><\/figure>\n\n\n\n<p>Com informa\u00e7\u00f5es da Secom<\/p>\n","protected":false},"excerpt":{"rendered":"<p>O clima da folia tomou conta da avenida Francisco Fraga Maia na tarde deste domingo, 02 de abril, em Feira de Santana. O Esquenta Micareta, que prepara o foli\u00e3o para o maior carnaval fora de \u00e9poca do Brasil, reuniu milhares de pessoas, de variadas idades, para celebrar o retorno da festa, ap\u00f3s tr\u00eas anos de [&hellip;]<\/p>\n","protected":false},"author":3,"featured_media":10656,"comment_status":"open","ping_status":"open","sticky":false,"template":"","format":"standard","meta":{"_monsterinsights_skip_tracking":false,"_monsterinsights_sitenote_active":false,"_monsterinsights_sitenote_note":"","_monsterinsights_sitenote_category":0,"footnotes":""},"categories":[39],"tags":[],"yoast_head":"<!-- This site is optimized with the Yoast SEO plugin v22.9 - https:\/\/yoast.com\/wordpress\/plugins\/seo\/ -->\n<title>Foli\u00f5es comemoram retorno da folia no Esquenta Micareta - Portal MF<\/title>\n<meta name=\"robots\" content=\"index, follow, max-snippet:-1, max-image-preview:large, max-video-preview:-1\" \/>\n<link rel=\"canonical\" href=\"https:\/\/portalmf.com.br\/index.php\/2023\/04\/02\/folioes-comemoram-retorno-da-folia-no-esquenta-micareta\/\" \/>\n<meta property=\"og:locale\" content=\"pt_BR\" \/>\n<meta property=\"og:type\" content=\"article\" \/>\n<meta property=\"og:title\" content=\"Foli\u00f5es comemoram retorno da folia no Esquenta Micareta - Portal MF\" \/>\n<meta property=\"og:description\" content=\"O clima da folia tomou conta da avenida Francisco Fraga Maia na tarde deste domingo, 02 de abril, em Feira de Santana. O Esquenta Micareta, que prepara o foli\u00e3o para o maior carnaval fora de \u00e9poca do Brasil, reuniu milhares de pessoas, de variadas idades, para celebrar o retorno da festa, ap\u00f3s tr\u00eas anos de [&hellip;]\" \/>\n<meta property=\"og:url\" content=\"https:\/\/portalmf.com.br\/index.php\/2023\/04\/02\/folioes-comemoram-retorno-da-folia-no-esquenta-micareta\/\" \/>\n<meta property=\"og:site_name\" content=\"Portal MF\" \/>\n<meta property=\"article:author\" content=\"https:\/\/www.facebook.com\/portalmfoficial\" \/>\n<meta property=\"article:published_time\" content=\"2023-04-03T02:06:00+00:00\" \/>\n<meta property=\"article:modified_time\" content=\"2023-04-03T21:36:13+00:00\" \/>\n<meta property=\"og:image\" content=\"https:\/\/portalmf.com.br\/wp-content\/uploads\/2023\/04\/ESQUENTA-MICARETA-1.jpg\" \/>\n\t<meta property=\"og:image:width\" content=\"1599\" \/>\n\t<meta property=\"og:image:height\" content=\"899\" \/>\n\t<meta property=\"og:image:type\" content=\"image\/jpeg\" \/>\n<meta name=\"author\" content=\"Reda\u00e7\u00e3o Portal MF\" \/>\n<meta name=\"twitter:card\" content=\"summary_large_image\" \/>\n<meta name=\"twitter:creator\" content=\"@https:\/\/x.com\/portalmfoficial\" \/>\n<meta name=\"twitter:label1\" content=\"Escrito por\" \/>\n\t<meta name=\"twitter:data1\" content=\"Reda\u00e7\u00e3o Portal MF\" \/>\n\t<meta name=\"twitter:label2\" content=\"Est. tempo de leitura\" \/>\n\t<meta name=\"twitter:data2\" content=\"3 minutos\" \/>\n<script type=\"application\/ld+json\" class=\"yoast-schema-graph\">{\"@context\":\"https:\/\/schema.org\",\"@graph\":[{\"@type\":\"WebPage\",\"@id\":\"https:\/\/portalmf.com.br\/index.php\/2023\/04\/02\/folioes-comemoram-retorno-da-folia-no-esquenta-micareta\/\",\"url\":\"https:\/\/portalmf.com.br\/index.php\/2023\/04\/02\/folioes-comemoram-retorno-da-folia-no-esquenta-micareta\/\",\"name\":\"Foli\u00f5es comemoram retorno da folia no Esquenta Micareta - Portal MF\",\"isPartOf\":{\"@id\":\"https:\/\/portalmf.com.br\/#website\"},\"primaryImageOfPage\":{\"@id\":\"https:\/\/portalmf.com.br\/index.php\/2023\/04\/02\/folioes-comemoram-retorno-da-folia-no-esquenta-micareta\/#primaryimage\"},\"image\":{\"@id\":\"https:\/\/portalmf.com.br\/index.php\/2023\/04\/02\/folioes-comemoram-retorno-da-folia-no-esquenta-micareta\/#primaryimage\"},\"thumbnailUrl\":\"https:\/\/portalmf.com.br\/wp-content\/uploads\/2023\/04\/ESQUENTA-MICARETA-1.jpg\",\"datePublished\":\"2023-04-03T02:06:00+00:00\",\"dateModified\":\"2023-04-03T21:36:13+00:00\",\"author\":{\"@id\":\"https:\/\/portalmf.com.br\/#\/schema\/person\/9ec101baf56233e53520c26de5d6f6f0\"},\"breadcrumb\":{\"@id\":\"https:\/\/portalmf.com.br\/index.php\/2023\/04\/02\/folioes-comemoram-retorno-da-folia-no-esquenta-micareta\/#breadcrumb\"},\"inLanguage\":\"pt-BR\",\"potentialAction\":[{\"@type\":\"ReadAction\",\"target\":[\"https:\/\/portalmf.com.br\/index.php\/2023\/04\/02\/folioes-comemoram-retorno-da-folia-no-esquenta-micareta\/\"]}]},{\"@type\":\"ImageObject\",\"inLanguage\":\"pt-BR\",\"@id\":\"https:\/\/portalmf.com.br\/index.php\/2023\/04\/02\/folioes-comemoram-retorno-da-folia-no-esquenta-micareta\/#primaryimage\",\"url\":\"https:\/\/portalmf.com.br\/wp-content\/uploads\/2023\/04\/ESQUENTA-MICARETA-1.jpg\",\"contentUrl\":\"https:\/\/portalmf.com.br\/wp-content\/uploads\/2023\/04\/ESQUENTA-MICARETA-1.jpg\",\"width\":1599,\"height\":899,\"caption\":\"Foto: Reginaldo J\u00fanior \/ Portal MF\"},{\"@type\":\"BreadcrumbList\",\"@id\":\"https:\/\/portalmf.com.br\/index.php\/2023\/04\/02\/folioes-comemoram-retorno-da-folia-no-esquenta-micareta\/#breadcrumb\",\"itemListElement\":[{\"@type\":\"ListItem\",\"position\":1,\"name\":\"In\u00edcio\",\"item\":\"https:\/\/portalmf.com.br\/\"},{\"@type\":\"ListItem\",\"position\":2,\"name\":\"Foli\u00f5es comemoram retorno da folia no Esquenta Micareta\"}]},{\"@type\":\"WebSite\",\"@id\":\"https:\/\/portalmf.com.br\/#website\",\"url\":\"https:\/\/portalmf.com.br\/\",\"name\":\"Portal MF\",\"description\":\"Voc\u00ea conectado com a informa\u00e7\u00e3o\",\"potentialAction\":[{\"@type\":\"SearchAction\",\"target\":{\"@type\":\"EntryPoint\",\"urlTemplate\":\"https:\/\/portalmf.com.br\/?s={search_term_string}\"},\"query-input\":\"required name=search_term_string\"}],\"inLanguage\":\"pt-BR\"},{\"@type\":\"Person\",\"@id\":\"https:\/\/portalmf.com.br\/#\/schema\/person\/9ec101baf56233e53520c26de5d6f6f0\",\"name\":\"Reda\u00e7\u00e3o Portal MF\",\"image\":{\"@type\":\"ImageObject\",\"inLanguage\":\"pt-BR\",\"@id\":\"https:\/\/portalmf.com.br\/#\/schema\/person\/image\/\",\"url\":\"https:\/\/secure.gravatar.com\/avatar\/41b9aaeb2100835f7c64362330f74c7f?s=96&d=mm&r=g\",\"contentUrl\":\"https:\/\/secure.gravatar.com\/avatar\/41b9aaeb2100835f7c64362330f74c7f?s=96&d=mm&r=g\",\"caption\":\"Reda\u00e7\u00e3o Portal MF\"},\"description\":\"Sejam bem-vindos o portal de informa\u00e7\u00f5es de entretenimento de Feira de Santana, desde 2006 realiza coberturas dos principais eventos com entrevistas exclusivas com as principais personalidades mundiais. Fique conectado tamb\u00e9m nas redes sociais.\",\"sameAs\":[\"http:\/\/www.portalmf.com.br\/\",\"https:\/\/www.facebook.com\/portalmfoficial\",\"https:\/\/www.instagram.com\/portalmf\/\",\"https:\/\/x.com\/https:\/\/x.com\/portalmfoficial\",\"https:\/\/www.youtube.com\/@portalmfoficial\"],\"url\":\"https:\/\/portalmf.com.br\/index.php\/author\/junior\/\"}]}<\/script>\n<!-- \/ Yoast SEO plugin. -->","yoast_head_json":{"title":"Foli\u00f5es comemoram retorno da folia no Esquenta Micareta - Portal MF","robots":{"index":"index","follow":"follow","max-snippet":"max-snippet:-1","max-image-preview":"max-image-preview:large","max-video-preview":"max-video-preview:-1"},"canonical":"https:\/\/portalmf.com.br\/index.php\/2023\/04\/02\/folioes-comemoram-retorno-da-folia-no-esquenta-micareta\/","og_locale":"pt_BR","og_type":"article","og_title":"Foli\u00f5es comemoram retorno da folia no Esquenta Micareta - Portal MF","og_description":"O clima da folia tomou conta da avenida Francisco Fraga Maia na tarde deste domingo, 02 de abril, em Feira de Santana. O Esquenta Micareta, que prepara o foli\u00e3o para o maior carnaval fora de \u00e9poca do Brasil, reuniu milhares de pessoas, de variadas idades, para celebrar o retorno da festa, ap\u00f3s tr\u00eas anos de [&hellip;]","og_url":"https:\/\/portalmf.com.br\/index.php\/2023\/04\/02\/folioes-comemoram-retorno-da-folia-no-esquenta-micareta\/","og_site_name":"Portal MF","article_author":"https:\/\/www.facebook.com\/portalmfoficial","article_published_time":"2023-04-03T02:06:00+00:00","article_modified_time":"2023-04-03T21:36:13+00:00","og_image":[{"width":1599,"height":899,"url":"https:\/\/portalmf.com.br\/wp-content\/uploads\/2023\/04\/ESQUENTA-MICARETA-1.jpg","type":"image\/jpeg"}],"author":"Reda\u00e7\u00e3o Portal MF","twitter_card":"summary_large_image","twitter_creator":"@https:\/\/x.com\/portalmfoficial","twitter_misc":{"Escrito por":"Reda\u00e7\u00e3o Portal MF","Est. tempo de leitura":"3 minutos"},"schema":{"@context":"https:\/\/schema.org","@graph":[{"@type":"WebPage","@id":"https:\/\/portalmf.com.br\/index.php\/2023\/04\/02\/folioes-comemoram-retorno-da-folia-no-esquenta-micareta\/","url":"https:\/\/portalmf.com.br\/index.php\/2023\/04\/02\/folioes-comemoram-retorno-da-folia-no-esquenta-micareta\/","name":"Foli\u00f5es comemoram retorno da folia no Esquenta Micareta - Portal MF","isPartOf":{"@id":"https:\/\/portalmf.com.br\/#website"},"primaryImageOfPage":{"@id":"https:\/\/portalmf.com.br\/index.php\/2023\/04\/02\/folioes-comemoram-retorno-da-folia-no-esquenta-micareta\/#primaryimage"},"image":{"@id":"https:\/\/portalmf.com.br\/index.php\/2023\/04\/02\/folioes-comemoram-retorno-da-folia-no-esquenta-micareta\/#primaryimage"},"thumbnailUrl":"https:\/\/portalmf.com.br\/wp-content\/uploads\/2023\/04\/ESQUENTA-MICARETA-1.jpg","datePublished":"2023-04-03T02:06:00+00:00","dateModified":"2023-04-03T21:36:13+00:00","author":{"@id":"https:\/\/portalmf.com.br\/#\/schema\/person\/9ec101baf56233e53520c26de5d6f6f0"},"breadcrumb":{"@id":"https:\/\/portalmf.com.br\/index.php\/2023\/04\/02\/folioes-comemoram-retorno-da-folia-no-esquenta-micareta\/#breadcrumb"},"inLanguage":"pt-BR","potentialAction":[{"@type":"ReadAction","target":["https:\/\/portalmf.com.br\/index.php\/2023\/04\/02\/folioes-comemoram-retorno-da-folia-no-esquenta-micareta\/"]}]},{"@type":"ImageObject","inLanguage":"pt-BR","@id":"https:\/\/portalmf.com.br\/index.php\/2023\/04\/02\/folioes-comemoram-retorno-da-folia-no-esquenta-micareta\/#primaryimage","url":"https:\/\/portalmf.com.br\/wp-content\/uploads\/2023\/04\/ESQUENTA-MICARETA-1.jpg","contentUrl":"https:\/\/portalmf.com.br\/wp-content\/uploads\/2023\/04\/ESQUENTA-MICARETA-1.jpg","width":1599,"height":899,"caption":"Foto: Reginaldo J\u00fanior \/ Portal MF"},{"@type":"BreadcrumbList","@id":"https:\/\/portalmf.com.br\/index.php\/2023\/04\/02\/folioes-comemoram-retorno-da-folia-no-esquenta-micareta\/#breadcrumb","itemListElement":[{"@type":"ListItem","position":1,"name":"In\u00edcio","item":"https:\/\/portalmf.com.br\/"},{"@type":"ListItem","position":2,"name":"Foli\u00f5es comemoram retorno da folia no Esquenta Micareta"}]},{"@type":"WebSite","@id":"https:\/\/portalmf.com.br\/#website","url":"https:\/\/portalmf.com.br\/","name":"Portal MF","description":"Voc\u00ea conectado com a informa\u00e7\u00e3o","potentialAction":[{"@type":"SearchAction","target":{"@type":"EntryPoint","urlTemplate":"https:\/\/portalmf.com.br\/?s={search_term_string}"},"query-input":"required name=search_term_string"}],"inLanguage":"pt-BR"},{"@type":"Person","@id":"https:\/\/portalmf.com.br\/#\/schema\/person\/9ec101baf56233e53520c26de5d6f6f0","name":"Reda\u00e7\u00e3o Portal MF","image":{"@type":"ImageObject","inLanguage":"pt-BR","@id":"https:\/\/portalmf.com.br\/#\/schema\/person\/image\/","url":"https:\/\/secure.gravatar.com\/avatar\/41b9aaeb2100835f7c64362330f74c7f?s=96&d=mm&r=g","contentUrl":"https:\/\/secure.gravatar.com\/avatar\/41b9aaeb2100835f7c64362330f74c7f?s=96&d=mm&r=g","caption":"Reda\u00e7\u00e3o Portal MF"},"description":"Sejam bem-vindos o portal de informa\u00e7\u00f5es de entretenimento de Feira de Santana, desde 2006 realiza coberturas dos principais eventos com entrevistas exclusivas com as principais personalidades mundiais. Fique conectado tamb\u00e9m nas redes sociais.","sameAs":["http:\/\/www.portalmf.com.br\/","https:\/\/www.facebook.com\/portalmfoficial","https:\/\/www.instagram.com\/portalmf\/","https:\/\/x.com\/https:\/\/x.com\/portalmfoficial","https:\/\/www.youtube.com\/@portalmfoficial"],"url":"https:\/\/portalmf.com.br\/index.php\/author\/junior\/"}]}},"_links":{"self":[{"href":"https:\/\/portalmf.com.br\/index.php\/wp-json\/wp\/v2\/posts\/10655"}],"collection":[{"href":"https:\/\/portalmf.com.br\/index.php\/wp-json\/wp\/v2\/posts"}],"about":[{"href":"https:\/\/portalmf.com.br\/index.php\/wp-json\/wp\/v2\/types\/post"}],"author":[{"embeddable":true,"href":"https:\/\/portalmf.com.br\/index.php\/wp-json\/wp\/v2\/users\/3"}],"replies":[{"embeddable":true,"href":"https:\/\/portalmf.com.br\/index.php\/wp-json\/wp\/v2\/comments?post=10655"}],"version-history":[{"count":2,"href":"https:\/\/portalmf.com.br\/index.php\/wp-json\/wp\/v2\/posts\/10655\/revisions"}],"predecessor-version":[{"id":10677,"href":"https:\/\/portalmf.com.br\/index.php\/wp-json\/wp\/v2\/posts\/10655\/revisions\/10677"}],"wp:featuredmedia":[{"embeddable":true,"href":"https:\/\/portalmf.com.br\/index.php\/wp-json\/wp\/v2\/media\/10656"}],"wp:attachment":[{"href":"https:\/\/portalmf.com.br\/index.php\/wp-json\/wp\/v2\/media?parent=10655"}],"wp:term":[{"taxonomy":"category","embeddable":true,"href":"https:\/\/portalmf.com.br\/index.php\/wp-json\/wp\/v2\/categories?post=10655"},{"taxonomy":"post_tag","embeddable":true,"href":"https:\/\/portalmf.com.br\/index.php\/wp-json\/wp\/v2\/tags?post=10655"}],"curies":[{"name":"wp","href":"https:\/\/api.w.org\/{rel}","templated":true}]}}