{"id":10641,"date":"2023-04-03T03:22:55","date_gmt":"2023-04-03T06:22:55","guid":{"rendered":"https:\/\/portalmf.com.br\/?p=10641"},"modified":"2023-04-03T17:19:44","modified_gmt":"2023-04-03T20:19:44","slug":"atracao-rouba-a-cena-na-15a-feijoada-do-nilsao","status":"publish","type":"post","link":"https:\/\/portalmf.com.br\/index.php\/2023\/04\/03\/atracao-rouba-a-cena-na-15a-feijoada-do-nilsao\/","title":{"rendered":"Grandes atra\u00e7\u00f5es celebram a 15\u00aa Feijoada do Nils\u00e3o"},"content":{"rendered":"\n<p>O p\u00fablico de Feira adora uma boa festa. E \u00e9 por isto que ele lotou o Zilas neste Domingo, dia 02\/04, para prestigiar as atra\u00e7\u00f5es que por l\u00e1 passaram.<\/p>\n\n\n\n<p>Jean Santana foi o primeiro a subir no palco; e com muita simpatia, iniciou os trabalhos. Desta vez ele resolveu fazer um repert\u00f3rio mais rom\u00e2ntico para a festa. E o seu show acabou sendo um aquecimento para o que estava por vir.<\/p>\n\n\n\n<figure class=\"wp-block-image size-large\"><img fetchpriority=\"high\" decoding=\"async\" width=\"1024\" height=\"393\" src=\"https:\/\/portalmf.com.br\/wp-content\/uploads\/2023\/04\/20230402_141231-1024x393.jpg\" alt=\"\" class=\"wp-image-10644\" srcset=\"https:\/\/portalmf.com.br\/wp-content\/uploads\/2023\/04\/20230402_141231-1024x393.jpg 1024w, https:\/\/portalmf.com.br\/wp-content\/uploads\/2023\/04\/20230402_141231-300x115.jpg 300w, https:\/\/portalmf.com.br\/wp-content\/uploads\/2023\/04\/20230402_141231-768x295.jpg 768w, https:\/\/portalmf.com.br\/wp-content\/uploads\/2023\/04\/20230402_141231-1536x590.jpg 1536w, https:\/\/portalmf.com.br\/wp-content\/uploads\/2023\/04\/20230402_141231-2048x787.jpg 2048w, https:\/\/portalmf.com.br\/wp-content\/uploads\/2023\/04\/20230402_141231-1920x738.jpg 1920w, https:\/\/portalmf.com.br\/wp-content\/uploads\/2023\/04\/20230402_141231-1170x450.jpg 1170w, https:\/\/portalmf.com.br\/wp-content\/uploads\/2023\/04\/20230402_141231-585x225.jpg 585w\" sizes=\"(max-width: 1024px) 100vw, 1024px\" \/><figcaption class=\"wp-element-caption\"><strong><em>Foto: Erivelton Costa<\/em> \/  Portal MF<\/strong><\/figcaption><\/figure>\n\n\n\n<p>J\u00e1 o Pagode do Segredo chegou incendiando o Zillas; a banda focou no pagod\u00e3o e colocou todo mundo para dan\u00e7ar. O grupo impressiona por possuir um esp\u00edrito de leveza e resenha incr\u00edvel. E j\u00e1 no camarim o esquenta come\u00e7a para eles; isso com caixa de som, cerveja, muita gente reunida, muita resenha e descontra\u00e7\u00e3o.<\/p>\n\n\n\n<p>&#8220;<em>Na verdade a gente n\u00e3o tem no\u00e7\u00e3o do quanto o p\u00fablico se identifica com este jeito descontra\u00eddo nosso, pois \u00e9 tudo natural; de verdade; \u00e9 tudo muito espont\u00e2neo&#8221;<\/em>, disse Ed, vocalista do grupo, ao Portal MF.<\/p>\n\n\n\n<figure class=\"wp-block-image size-large\"><img decoding=\"async\" width=\"1024\" height=\"995\" src=\"https:\/\/portalmf.com.br\/wp-content\/uploads\/2023\/04\/20230402_160448-1024x995.jpg\" alt=\"\" class=\"wp-image-10645\" srcset=\"https:\/\/portalmf.com.br\/wp-content\/uploads\/2023\/04\/20230402_160448-1024x995.jpg 1024w, https:\/\/portalmf.com.br\/wp-content\/uploads\/2023\/04\/20230402_160448-300x291.jpg 300w, https:\/\/portalmf.com.br\/wp-content\/uploads\/2023\/04\/20230402_160448-768x746.jpg 768w, https:\/\/portalmf.com.br\/wp-content\/uploads\/2023\/04\/20230402_160448-1536x1492.jpg 1536w, https:\/\/portalmf.com.br\/wp-content\/uploads\/2023\/04\/20230402_160448-1170x1136.jpg 1170w, https:\/\/portalmf.com.br\/wp-content\/uploads\/2023\/04\/20230402_160448-585x568.jpg 585w, https:\/\/portalmf.com.br\/wp-content\/uploads\/2023\/04\/20230402_160448.jpg 1844w\" sizes=\"(max-width: 1024px) 100vw, 1024px\" \/><figcaption class=\"wp-element-caption\"><strong><em>Foto: Erivelton Costa<\/em> \/  Portal MF<\/strong><\/figcaption><\/figure>\n\n\n\n<p>O terceiro a subir no palco foi Jau, com seu estilo \u00fanico. O m\u00fasico colocou todo mundo para cantar todas as suas m\u00fasicas; ao mesmo tempo que, as vezes, saboreava de leve seu vinho sentado, em um banco colocado no palco.<\/p>\n\n\n\n<figure class=\"wp-block-image size-large\"><img decoding=\"async\" width=\"1024\" height=\"536\" src=\"https:\/\/portalmf.com.br\/wp-content\/uploads\/2023\/04\/IMG_20230402_202041_005-1024x536.jpg\" alt=\"\" class=\"wp-image-10648\" srcset=\"https:\/\/portalmf.com.br\/wp-content\/uploads\/2023\/04\/IMG_20230402_202041_005-1024x536.jpg 1024w, https:\/\/portalmf.com.br\/wp-content\/uploads\/2023\/04\/IMG_20230402_202041_005-300x157.jpg 300w, https:\/\/portalmf.com.br\/wp-content\/uploads\/2023\/04\/IMG_20230402_202041_005-768x402.jpg 768w, https:\/\/portalmf.com.br\/wp-content\/uploads\/2023\/04\/IMG_20230402_202041_005-1170x612.jpg 1170w, https:\/\/portalmf.com.br\/wp-content\/uploads\/2023\/04\/IMG_20230402_202041_005-585x306.jpg 585w, https:\/\/portalmf.com.br\/wp-content\/uploads\/2023\/04\/IMG_20230402_202041_005.jpg 1376w\" sizes=\"(max-width: 1024px) 100vw, 1024px\" \/><figcaption class=\"wp-element-caption\"><strong><em>Jau sendo entrevistado pelo jornalista Erivelton Costa do Portal MF &#8211; Foto: Reginaldo J\u00fanior<\/em><\/strong><\/figcaption><\/figure>\n\n\n\n<p>E o \u00faltimo a se apresentar foi Rock Sales; cantor de arrocha, que roubou a cena na festa, por chamar a aten\u00e7\u00e3o pela sua simpatia, carisma, presen\u00e7a de palco e desenvoltura na intera\u00e7\u00e3o com o p\u00fablico. Rock foi bastante tietado por f\u00e3s no camarim e no palco; ele fez quest\u00e3o de tirar fotos com todos e todas; al\u00e9m de fazer, tamb\u00e9m, o p\u00fablico esperar, fielmente, pela sua apresenta\u00e7\u00e3o.<\/p>\n\n\n\n<p>Rock chama a aten\u00e7\u00e3o tamb\u00e9m por ter abra\u00e7ado a ideia do p\u00fablico sobre a semelhan\u00e7a da sua voz com a de Silvano Sales; isto n\u00e3o s\u00f3 cantando algumas de suas m\u00fasicas. Ele come\u00e7ou a ser chamado de Rock Sales por todos e foi a\u00ed que o sobrenome pegou; e o sucesso veio tamb\u00e9m, para o cantor, que diz j\u00e1 ter trabalhado de um pouco de cada coisa, antes da m\u00fasica; e que se orgulha de ser &#8220;o camel\u00f4 apaixonado&#8221;.<\/p>\n\n\n\n<figure class=\"wp-block-image size-large\"><img loading=\"lazy\" decoding=\"async\" width=\"1024\" height=\"635\" src=\"https:\/\/portalmf.com.br\/wp-content\/uploads\/2023\/04\/20230402_211731-1024x635.jpg\" alt=\"\" class=\"wp-image-10646\" srcset=\"https:\/\/portalmf.com.br\/wp-content\/uploads\/2023\/04\/20230402_211731-1024x635.jpg 1024w, https:\/\/portalmf.com.br\/wp-content\/uploads\/2023\/04\/20230402_211731-300x186.jpg 300w, https:\/\/portalmf.com.br\/wp-content\/uploads\/2023\/04\/20230402_211731-768x476.jpg 768w, https:\/\/portalmf.com.br\/wp-content\/uploads\/2023\/04\/20230402_211731-1536x952.jpg 1536w, https:\/\/portalmf.com.br\/wp-content\/uploads\/2023\/04\/20230402_211731-1170x725.jpg 1170w, https:\/\/portalmf.com.br\/wp-content\/uploads\/2023\/04\/20230402_211731-585x363.jpg 585w, https:\/\/portalmf.com.br\/wp-content\/uploads\/2023\/04\/20230402_211731.jpg 1844w\" sizes=\"(max-width: 1024px) 100vw, 1024px\" \/><figcaption class=\"wp-element-caption\"><strong><em>Rock Sales roubou a cena na Feijoada &#8211; Foto: Erivelton Costa<\/em><\/strong><\/figcaption><\/figure>\n","protected":false},"excerpt":{"rendered":"<p>O p\u00fablico de Feira adora uma boa festa. E \u00e9 por isto que ele lotou o Zilas neste Domingo, dia 02\/04, para prestigiar as atra\u00e7\u00f5es que por l\u00e1 passaram. Jean Santana foi o primeiro a subir no palco; e com muita simpatia, iniciou os trabalhos. Desta vez ele resolveu fazer um repert\u00f3rio mais rom\u00e2ntico para [&hellip;]<\/p>\n","protected":false},"author":4,"featured_media":10643,"comment_status":"open","ping_status":"open","sticky":true,"template":"","format":"standard","meta":{"_monsterinsights_skip_tracking":false,"_monsterinsights_sitenote_active":false,"_monsterinsights_sitenote_note":"","_monsterinsights_sitenote_category":0,"footnotes":""},"categories":[47,39],"tags":[],"yoast_head":"<!-- This site is optimized with the Yoast SEO plugin v22.9 - https:\/\/yoast.com\/wordpress\/plugins\/seo\/ -->\n<title>Grandes atra\u00e7\u00f5es celebram a 15\u00aa Feijoada do Nils\u00e3o - Portal MF<\/title>\n<meta name=\"robots\" content=\"index, follow, max-snippet:-1, max-image-preview:large, max-video-preview:-1\" \/>\n<link rel=\"canonical\" href=\"https:\/\/portalmf.com.br\/index.php\/2023\/04\/03\/atracao-rouba-a-cena-na-15a-feijoada-do-nilsao\/\" \/>\n<meta property=\"og:locale\" content=\"pt_BR\" \/>\n<meta property=\"og:type\" content=\"article\" \/>\n<meta property=\"og:title\" content=\"Grandes atra\u00e7\u00f5es celebram a 15\u00aa Feijoada do Nils\u00e3o - Portal MF\" \/>\n<meta property=\"og:description\" content=\"O p\u00fablico de Feira adora uma boa festa. E \u00e9 por isto que ele lotou o Zilas neste Domingo, dia 02\/04, para prestigiar as atra\u00e7\u00f5es que por l\u00e1 passaram. Jean Santana foi o primeiro a subir no palco; e com muita simpatia, iniciou os trabalhos. Desta vez ele resolveu fazer um repert\u00f3rio mais rom\u00e2ntico para [&hellip;]\" \/>\n<meta property=\"og:url\" content=\"https:\/\/portalmf.com.br\/index.php\/2023\/04\/03\/atracao-rouba-a-cena-na-15a-feijoada-do-nilsao\/\" \/>\n<meta property=\"og:site_name\" content=\"Portal MF\" \/>\n<meta property=\"article:published_time\" content=\"2023-04-03T06:22:55+00:00\" \/>\n<meta property=\"article:modified_time\" content=\"2023-04-03T20:19:44+00:00\" \/>\n<meta property=\"og:image\" content=\"https:\/\/portalmf.com.br\/wp-content\/uploads\/2023\/04\/Screenshot_20230403-031047_Gallery.jpg\" \/>\n\t<meta property=\"og:image:width\" content=\"720\" \/>\n\t<meta property=\"og:image:height\" content=\"345\" \/>\n\t<meta property=\"og:image:type\" content=\"image\/jpeg\" \/>\n<meta name=\"author\" content=\"Erivelton Costa\" \/>\n<meta name=\"twitter:card\" content=\"summary_large_image\" \/>\n<meta name=\"twitter:label1\" content=\"Escrito por\" \/>\n\t<meta name=\"twitter:data1\" content=\"Erivelton Costa\" \/>\n\t<meta name=\"twitter:label2\" content=\"Est. tempo de leitura\" \/>\n\t<meta name=\"twitter:data2\" content=\"3 minutos\" \/>\n<script type=\"application\/ld+json\" class=\"yoast-schema-graph\">{\"@context\":\"https:\/\/schema.org\",\"@graph\":[{\"@type\":\"WebPage\",\"@id\":\"https:\/\/portalmf.com.br\/index.php\/2023\/04\/03\/atracao-rouba-a-cena-na-15a-feijoada-do-nilsao\/\",\"url\":\"https:\/\/portalmf.com.br\/index.php\/2023\/04\/03\/atracao-rouba-a-cena-na-15a-feijoada-do-nilsao\/\",\"name\":\"Grandes atra\u00e7\u00f5es celebram a 15\u00aa Feijoada do Nils\u00e3o - Portal MF\",\"isPartOf\":{\"@id\":\"https:\/\/portalmf.com.br\/#website\"},\"primaryImageOfPage\":{\"@id\":\"https:\/\/portalmf.com.br\/index.php\/2023\/04\/03\/atracao-rouba-a-cena-na-15a-feijoada-do-nilsao\/#primaryimage\"},\"image\":{\"@id\":\"https:\/\/portalmf.com.br\/index.php\/2023\/04\/03\/atracao-rouba-a-cena-na-15a-feijoada-do-nilsao\/#primaryimage\"},\"thumbnailUrl\":\"https:\/\/portalmf.com.br\/wp-content\/uploads\/2023\/04\/Screenshot_20230403-031047_Gallery.jpg\",\"datePublished\":\"2023-04-03T06:22:55+00:00\",\"dateModified\":\"2023-04-03T20:19:44+00:00\",\"author\":{\"@id\":\"https:\/\/portalmf.com.br\/#\/schema\/person\/68a086817af0e8624a5fe3aa1d520a09\"},\"breadcrumb\":{\"@id\":\"https:\/\/portalmf.com.br\/index.php\/2023\/04\/03\/atracao-rouba-a-cena-na-15a-feijoada-do-nilsao\/#breadcrumb\"},\"inLanguage\":\"pt-BR\",\"potentialAction\":[{\"@type\":\"ReadAction\",\"target\":[\"https:\/\/portalmf.com.br\/index.php\/2023\/04\/03\/atracao-rouba-a-cena-na-15a-feijoada-do-nilsao\/\"]}]},{\"@type\":\"ImageObject\",\"inLanguage\":\"pt-BR\",\"@id\":\"https:\/\/portalmf.com.br\/index.php\/2023\/04\/03\/atracao-rouba-a-cena-na-15a-feijoada-do-nilsao\/#primaryimage\",\"url\":\"https:\/\/portalmf.com.br\/wp-content\/uploads\/2023\/04\/Screenshot_20230403-031047_Gallery.jpg\",\"contentUrl\":\"https:\/\/portalmf.com.br\/wp-content\/uploads\/2023\/04\/Screenshot_20230403-031047_Gallery.jpg\",\"width\":720,\"height\":345},{\"@type\":\"BreadcrumbList\",\"@id\":\"https:\/\/portalmf.com.br\/index.php\/2023\/04\/03\/atracao-rouba-a-cena-na-15a-feijoada-do-nilsao\/#breadcrumb\",\"itemListElement\":[{\"@type\":\"ListItem\",\"position\":1,\"name\":\"In\u00edcio\",\"item\":\"https:\/\/portalmf.com.br\/\"},{\"@type\":\"ListItem\",\"position\":2,\"name\":\"Grandes atra\u00e7\u00f5es celebram a 15\u00aa Feijoada do Nils\u00e3o\"}]},{\"@type\":\"WebSite\",\"@id\":\"https:\/\/portalmf.com.br\/#website\",\"url\":\"https:\/\/portalmf.com.br\/\",\"name\":\"Portal MF\",\"description\":\"Voc\u00ea conectado com a informa\u00e7\u00e3o\",\"potentialAction\":[{\"@type\":\"SearchAction\",\"target\":{\"@type\":\"EntryPoint\",\"urlTemplate\":\"https:\/\/portalmf.com.br\/?s={search_term_string}\"},\"query-input\":\"required name=search_term_string\"}],\"inLanguage\":\"pt-BR\"},{\"@type\":\"Person\",\"@id\":\"https:\/\/portalmf.com.br\/#\/schema\/person\/68a086817af0e8624a5fe3aa1d520a09\",\"name\":\"Erivelton Costa\",\"image\":{\"@type\":\"ImageObject\",\"inLanguage\":\"pt-BR\",\"@id\":\"https:\/\/portalmf.com.br\/#\/schema\/person\/image\/\",\"url\":\"https:\/\/secure.gravatar.com\/avatar\/568bc70f6528e14005a2e78a0b61ba2e?s=96&d=mm&r=g\",\"contentUrl\":\"https:\/\/secure.gravatar.com\/avatar\/568bc70f6528e14005a2e78a0b61ba2e?s=96&d=mm&r=g\",\"caption\":\"Erivelton Costa\"},\"description\":\"Jornalista\",\"sameAs\":[\"https:\/\/portalmf.com.br\/\",\"toncostaa\"],\"url\":\"https:\/\/portalmf.com.br\/index.php\/author\/eriveltoncosta\/\"}]}<\/script>\n<!-- \/ Yoast SEO plugin. -->","yoast_head_json":{"title":"Grandes atra\u00e7\u00f5es celebram a 15\u00aa Feijoada do Nils\u00e3o - Portal MF","robots":{"index":"index","follow":"follow","max-snippet":"max-snippet:-1","max-image-preview":"max-image-preview:large","max-video-preview":"max-video-preview:-1"},"canonical":"https:\/\/portalmf.com.br\/index.php\/2023\/04\/03\/atracao-rouba-a-cena-na-15a-feijoada-do-nilsao\/","og_locale":"pt_BR","og_type":"article","og_title":"Grandes atra\u00e7\u00f5es celebram a 15\u00aa Feijoada do Nils\u00e3o - Portal MF","og_description":"O p\u00fablico de Feira adora uma boa festa. E \u00e9 por isto que ele lotou o Zilas neste Domingo, dia 02\/04, para prestigiar as atra\u00e7\u00f5es que por l\u00e1 passaram. Jean Santana foi o primeiro a subir no palco; e com muita simpatia, iniciou os trabalhos. Desta vez ele resolveu fazer um repert\u00f3rio mais rom\u00e2ntico para [&hellip;]","og_url":"https:\/\/portalmf.com.br\/index.php\/2023\/04\/03\/atracao-rouba-a-cena-na-15a-feijoada-do-nilsao\/","og_site_name":"Portal MF","article_published_time":"2023-04-03T06:22:55+00:00","article_modified_time":"2023-04-03T20:19:44+00:00","og_image":[{"width":720,"height":345,"url":"https:\/\/portalmf.com.br\/wp-content\/uploads\/2023\/04\/Screenshot_20230403-031047_Gallery.jpg","type":"image\/jpeg"}],"author":"Erivelton Costa","twitter_card":"summary_large_image","twitter_misc":{"Escrito por":"Erivelton Costa","Est. tempo de leitura":"3 minutos"},"schema":{"@context":"https:\/\/schema.org","@graph":[{"@type":"WebPage","@id":"https:\/\/portalmf.com.br\/index.php\/2023\/04\/03\/atracao-rouba-a-cena-na-15a-feijoada-do-nilsao\/","url":"https:\/\/portalmf.com.br\/index.php\/2023\/04\/03\/atracao-rouba-a-cena-na-15a-feijoada-do-nilsao\/","name":"Grandes atra\u00e7\u00f5es celebram a 15\u00aa Feijoada do Nils\u00e3o - Portal MF","isPartOf":{"@id":"https:\/\/portalmf.com.br\/#website"},"primaryImageOfPage":{"@id":"https:\/\/portalmf.com.br\/index.php\/2023\/04\/03\/atracao-rouba-a-cena-na-15a-feijoada-do-nilsao\/#primaryimage"},"image":{"@id":"https:\/\/portalmf.com.br\/index.php\/2023\/04\/03\/atracao-rouba-a-cena-na-15a-feijoada-do-nilsao\/#primaryimage"},"thumbnailUrl":"https:\/\/portalmf.com.br\/wp-content\/uploads\/2023\/04\/Screenshot_20230403-031047_Gallery.jpg","datePublished":"2023-04-03T06:22:55+00:00","dateModified":"2023-04-03T20:19:44+00:00","author":{"@id":"https:\/\/portalmf.com.br\/#\/schema\/person\/68a086817af0e8624a5fe3aa1d520a09"},"breadcrumb":{"@id":"https:\/\/portalmf.com.br\/index.php\/2023\/04\/03\/atracao-rouba-a-cena-na-15a-feijoada-do-nilsao\/#breadcrumb"},"inLanguage":"pt-BR","potentialAction":[{"@type":"ReadAction","target":["https:\/\/portalmf.com.br\/index.php\/2023\/04\/03\/atracao-rouba-a-cena-na-15a-feijoada-do-nilsao\/"]}]},{"@type":"ImageObject","inLanguage":"pt-BR","@id":"https:\/\/portalmf.com.br\/index.php\/2023\/04\/03\/atracao-rouba-a-cena-na-15a-feijoada-do-nilsao\/#primaryimage","url":"https:\/\/portalmf.com.br\/wp-content\/uploads\/2023\/04\/Screenshot_20230403-031047_Gallery.jpg","contentUrl":"https:\/\/portalmf.com.br\/wp-content\/uploads\/2023\/04\/Screenshot_20230403-031047_Gallery.jpg","width":720,"height":345},{"@type":"BreadcrumbList","@id":"https:\/\/portalmf.com.br\/index.php\/2023\/04\/03\/atracao-rouba-a-cena-na-15a-feijoada-do-nilsao\/#breadcrumb","itemListElement":[{"@type":"ListItem","position":1,"name":"In\u00edcio","item":"https:\/\/portalmf.com.br\/"},{"@type":"ListItem","position":2,"name":"Grandes atra\u00e7\u00f5es celebram a 15\u00aa Feijoada do Nils\u00e3o"}]},{"@type":"WebSite","@id":"https:\/\/portalmf.com.br\/#website","url":"https:\/\/portalmf.com.br\/","name":"Portal MF","description":"Voc\u00ea conectado com a informa\u00e7\u00e3o","potentialAction":[{"@type":"SearchAction","target":{"@type":"EntryPoint","urlTemplate":"https:\/\/portalmf.com.br\/?s={search_term_string}"},"query-input":"required name=search_term_string"}],"inLanguage":"pt-BR"},{"@type":"Person","@id":"https:\/\/portalmf.com.br\/#\/schema\/person\/68a086817af0e8624a5fe3aa1d520a09","name":"Erivelton Costa","image":{"@type":"ImageObject","inLanguage":"pt-BR","@id":"https:\/\/portalmf.com.br\/#\/schema\/person\/image\/","url":"https:\/\/secure.gravatar.com\/avatar\/568bc70f6528e14005a2e78a0b61ba2e?s=96&d=mm&r=g","contentUrl":"https:\/\/secure.gravatar.com\/avatar\/568bc70f6528e14005a2e78a0b61ba2e?s=96&d=mm&r=g","caption":"Erivelton Costa"},"description":"Jornalista","sameAs":["https:\/\/portalmf.com.br\/","toncostaa"],"url":"https:\/\/portalmf.com.br\/index.php\/author\/eriveltoncosta\/"}]}},"_links":{"self":[{"href":"https:\/\/portalmf.com.br\/index.php\/wp-json\/wp\/v2\/posts\/10641"}],"collection":[{"href":"https:\/\/portalmf.com.br\/index.php\/wp-json\/wp\/v2\/posts"}],"about":[{"href":"https:\/\/portalmf.com.br\/index.php\/wp-json\/wp\/v2\/types\/post"}],"author":[{"embeddable":true,"href":"https:\/\/portalmf.com.br\/index.php\/wp-json\/wp\/v2\/users\/4"}],"replies":[{"embeddable":true,"href":"https:\/\/portalmf.com.br\/index.php\/wp-json\/wp\/v2\/comments?post=10641"}],"version-history":[{"count":5,"href":"https:\/\/portalmf.com.br\/index.php\/wp-json\/wp\/v2\/posts\/10641\/revisions"}],"predecessor-version":[{"id":10664,"href":"https:\/\/portalmf.com.br\/index.php\/wp-json\/wp\/v2\/posts\/10641\/revisions\/10664"}],"wp:featuredmedia":[{"embeddable":true,"href":"https:\/\/portalmf.com.br\/index.php\/wp-json\/wp\/v2\/media\/10643"}],"wp:attachment":[{"href":"https:\/\/portalmf.com.br\/index.php\/wp-json\/wp\/v2\/media?parent=10641"}],"wp:term":[{"taxonomy":"category","embeddable":true,"href":"https:\/\/portalmf.com.br\/index.php\/wp-json\/wp\/v2\/categories?post=10641"},{"taxonomy":"post_tag","embeddable":true,"href":"https:\/\/portalmf.com.br\/index.php\/wp-json\/wp\/v2\/tags?post=10641"}],"curies":[{"name":"wp","href":"https:\/\/api.w.org\/{rel}","templated":true}]}}