{"id":10629,"date":"2023-04-03T02:03:29","date_gmt":"2023-04-03T05:03:29","guid":{"rendered":"https:\/\/portalmf.com.br\/?p=10629"},"modified":"2023-04-03T17:17:16","modified_gmt":"2023-04-03T20:17:16","slug":"a-15a-feijoada-do-nilsao-e-seus-personagens-inesqueciveis","status":"publish","type":"post","link":"https:\/\/portalmf.com.br\/index.php\/2023\/04\/03\/a-15a-feijoada-do-nilsao-e-seus-personagens-inesqueciveis\/","title":{"rendered":"15\u00aa Feijoada do Nils\u00e3o e seus personagens inesquec\u00edveis"},"content":{"rendered":"\n<p>A Feijoada do Nils\u00e3o ocorreu neste Domingo, dia 02\/04; e foi um estouro. O Zillas ficou lotado para comemorar os 15 anos da Feijoada, com: Jau, Pagode do Segredo, Jean Santana e Rock Sales. E o clima familiar tomou conta da festa, para trazer seus personagens t\u00e3o cativantes.<\/p>\n\n\n\n<p>Muitas pessoas aproveitaram para levar crian\u00e7as, por exemplo, j\u00e1 que a seguran\u00e7a sempre esteve presente no evento. Foi o caso de Hilda Almeida, que n\u00e3o foi em apenas uma edi\u00e7\u00e3o da Feijoada.<\/p>\n\n\n\n<p><em>&#8220;\u00c9 sempre uma alegria poder trazer a crian\u00e7ada, fam\u00edlia inteira; aqui a gente se sente seguro; e ano que vem estarei aqui de volta&#8221;<\/em>, relatou ao Portal MF.<\/p>\n\n\n\n<figure class=\"wp-block-image size-large is-resized\"><img fetchpriority=\"high\" decoding=\"async\" src=\"https:\/\/portalmf.com.br\/wp-content\/uploads\/2023\/04\/20230402_154436-1-1024x758.jpg\" alt=\"\" class=\"wp-image-10631\" width=\"782\" height=\"579\" srcset=\"https:\/\/portalmf.com.br\/wp-content\/uploads\/2023\/04\/20230402_154436-1-1024x758.jpg 1024w, https:\/\/portalmf.com.br\/wp-content\/uploads\/2023\/04\/20230402_154436-1-300x222.jpg 300w, https:\/\/portalmf.com.br\/wp-content\/uploads\/2023\/04\/20230402_154436-1-768x568.jpg 768w, https:\/\/portalmf.com.br\/wp-content\/uploads\/2023\/04\/20230402_154436-1-1536x1137.jpg 1536w, https:\/\/portalmf.com.br\/wp-content\/uploads\/2023\/04\/20230402_154436-1-1170x866.jpg 1170w, https:\/\/portalmf.com.br\/wp-content\/uploads\/2023\/04\/20230402_154436-1-585x433.jpg 585w, https:\/\/portalmf.com.br\/wp-content\/uploads\/2023\/04\/20230402_154436-1.jpg 1728w\" sizes=\"(max-width: 782px) 100vw, 782px\" \/><figcaption class=\"wp-element-caption\"><strong><em>As crian\u00e7as tamb\u00e9m fizeram a festa Foto: Erivelton Costa<\/em><\/strong><\/figcaption><\/figure>\n\n\n\n<p>E na Feijoada do Nils\u00e3o n\u00e3o poderia faltar a pr\u00f3pria Feijoada propriamente dita. E muita gente saboreou e elogiou a qualidade do feij\u00e3o servido; como, por exemplo, Nay Souza, que esteve pela primeira vez no evento.<\/p>\n\n\n\n<p><em>&#8220;A Feijoada est\u00e1 uma del\u00edcia; muito boa; \u00e9 realmente um diferencial da festa&#8221;,<\/em> disse ao Portal MF.<\/p>\n\n\n\n<figure class=\"wp-block-image size-large is-resized\"><img decoding=\"async\" src=\"https:\/\/portalmf.com.br\/wp-content\/uploads\/2023\/04\/20230402_144402-1024x472.jpg\" alt=\"\" class=\"wp-image-10632\" width=\"786\" height=\"361\" srcset=\"https:\/\/portalmf.com.br\/wp-content\/uploads\/2023\/04\/20230402_144402-1024x472.jpg 1024w, https:\/\/portalmf.com.br\/wp-content\/uploads\/2023\/04\/20230402_144402-300x138.jpg 300w, https:\/\/portalmf.com.br\/wp-content\/uploads\/2023\/04\/20230402_144402-768x354.jpg 768w, https:\/\/portalmf.com.br\/wp-content\/uploads\/2023\/04\/20230402_144402-1536x708.jpg 1536w, https:\/\/portalmf.com.br\/wp-content\/uploads\/2023\/04\/20230402_144402-2048x944.jpg 2048w, https:\/\/portalmf.com.br\/wp-content\/uploads\/2023\/04\/20230402_144402-1920x885.jpg 1920w, https:\/\/portalmf.com.br\/wp-content\/uploads\/2023\/04\/20230402_144402-1170x539.jpg 1170w, https:\/\/portalmf.com.br\/wp-content\/uploads\/2023\/04\/20230402_144402-585x270.jpg 585w\" sizes=\"(max-width: 786px) 100vw, 786px\" \/><figcaption class=\"wp-element-caption\"><strong><em>Nay Souza, ap\u00f3s saborear seu Feij\u00e3o &#8211; Foto: Erivelton Costa<\/em><\/strong><\/figcaption><\/figure>\n\n\n\n<p>E J\u00e1 que a festa completou 15 anos, os veteranos, claro, estavam l\u00e1 presentes. Fabr\u00edcio Amorim foi um deles; ele que esteve presente desde as primeiras edi\u00e7\u00f5es, fez quest\u00e3o de mostrar a grande evolu\u00e7\u00e3o que a pr\u00e9via da Micareta teve at\u00e9 hoje.<\/p>\n\n\n\n<p><em>&#8220;Tudo hoje \u00e9 muito maior; a estrutura, o tamanho da festa; e Nils\u00e3o merece muito tudo isso, pois batalhou muito e sempre foi muito humilde&#8221;<\/em>, contou ao Portal MF.<\/p>\n\n\n\n<figure class=\"wp-block-image size-large is-resized\"><img decoding=\"async\" src=\"https:\/\/portalmf.com.br\/wp-content\/uploads\/2023\/04\/20230402_145527-1024x908.jpg\" alt=\"\" class=\"wp-image-10633\" width=\"779\" height=\"687\"\/><figcaption class=\"wp-element-caption\"><strong><em>Fabr\u00edcio Amorim, e uma de suas companhias, na Feijoada &#8211; Foto: Erivelton Costa<\/em><\/strong><\/figcaption><\/figure>\n\n\n\n<p><\/p>\n","protected":false},"excerpt":{"rendered":"<p>A Feijoada do Nils\u00e3o ocorreu neste Domingo, dia 02\/04; e foi um estouro. O Zillas ficou lotado para comemorar os 15 anos da Feijoada, com: Jau, Pagode do Segredo, Jean Santana e Rock Sales. E o clima familiar tomou conta da festa, para trazer seus personagens t\u00e3o cativantes. Muitas pessoas aproveitaram para levar crian\u00e7as, por [&hellip;]<\/p>\n","protected":false},"author":4,"featured_media":10638,"comment_status":"open","ping_status":"open","sticky":true,"template":"","format":"standard","meta":{"_monsterinsights_skip_tracking":false,"_monsterinsights_sitenote_active":false,"_monsterinsights_sitenote_note":"","_monsterinsights_sitenote_category":0,"footnotes":""},"categories":[47,39],"tags":[],"yoast_head":"<!-- This site is optimized with the Yoast SEO plugin v22.9 - https:\/\/yoast.com\/wordpress\/plugins\/seo\/ -->\n<title>15\u00aa Feijoada do Nils\u00e3o e seus personagens inesquec\u00edveis - Portal MF<\/title>\n<meta name=\"robots\" content=\"index, follow, max-snippet:-1, max-image-preview:large, max-video-preview:-1\" \/>\n<link rel=\"canonical\" href=\"https:\/\/portalmf.com.br\/index.php\/2023\/04\/03\/a-15a-feijoada-do-nilsao-e-seus-personagens-inesqueciveis\/\" \/>\n<meta property=\"og:locale\" content=\"pt_BR\" \/>\n<meta property=\"og:type\" content=\"article\" \/>\n<meta property=\"og:title\" content=\"15\u00aa Feijoada do Nils\u00e3o e seus personagens inesquec\u00edveis - Portal MF\" \/>\n<meta property=\"og:description\" content=\"A Feijoada do Nils\u00e3o ocorreu neste Domingo, dia 02\/04; e foi um estouro. O Zillas ficou lotado para comemorar os 15 anos da Feijoada, com: Jau, Pagode do Segredo, Jean Santana e Rock Sales. E o clima familiar tomou conta da festa, para trazer seus personagens t\u00e3o cativantes. Muitas pessoas aproveitaram para levar crian\u00e7as, por [&hellip;]\" \/>\n<meta property=\"og:url\" content=\"https:\/\/portalmf.com.br\/index.php\/2023\/04\/03\/a-15a-feijoada-do-nilsao-e-seus-personagens-inesqueciveis\/\" \/>\n<meta property=\"og:site_name\" content=\"Portal MF\" \/>\n<meta property=\"article:published_time\" content=\"2023-04-03T05:03:29+00:00\" \/>\n<meta property=\"article:modified_time\" content=\"2023-04-03T20:17:16+00:00\" \/>\n<meta property=\"og:image\" content=\"https:\/\/portalmf.com.br\/wp-content\/uploads\/2023\/04\/20230402_190350-1-scaled.jpg\" \/>\n\t<meta property=\"og:image:width\" content=\"2560\" \/>\n\t<meta property=\"og:image:height\" content=\"1135\" \/>\n\t<meta property=\"og:image:type\" content=\"image\/jpeg\" \/>\n<meta name=\"author\" content=\"Erivelton Costa\" \/>\n<meta name=\"twitter:card\" content=\"summary_large_image\" \/>\n<meta name=\"twitter:label1\" content=\"Escrito por\" \/>\n\t<meta name=\"twitter:data1\" content=\"Erivelton Costa\" \/>\n\t<meta name=\"twitter:label2\" content=\"Est. tempo de leitura\" \/>\n\t<meta name=\"twitter:data2\" content=\"3 minutos\" \/>\n<script type=\"application\/ld+json\" class=\"yoast-schema-graph\">{\"@context\":\"https:\/\/schema.org\",\"@graph\":[{\"@type\":\"WebPage\",\"@id\":\"https:\/\/portalmf.com.br\/index.php\/2023\/04\/03\/a-15a-feijoada-do-nilsao-e-seus-personagens-inesqueciveis\/\",\"url\":\"https:\/\/portalmf.com.br\/index.php\/2023\/04\/03\/a-15a-feijoada-do-nilsao-e-seus-personagens-inesqueciveis\/\",\"name\":\"15\u00aa Feijoada do Nils\u00e3o e seus personagens inesquec\u00edveis - Portal MF\",\"isPartOf\":{\"@id\":\"https:\/\/portalmf.com.br\/#website\"},\"primaryImageOfPage\":{\"@id\":\"https:\/\/portalmf.com.br\/index.php\/2023\/04\/03\/a-15a-feijoada-do-nilsao-e-seus-personagens-inesqueciveis\/#primaryimage\"},\"image\":{\"@id\":\"https:\/\/portalmf.com.br\/index.php\/2023\/04\/03\/a-15a-feijoada-do-nilsao-e-seus-personagens-inesqueciveis\/#primaryimage\"},\"thumbnailUrl\":\"https:\/\/portalmf.com.br\/wp-content\/uploads\/2023\/04\/20230402_190350-1-scaled.jpg\",\"datePublished\":\"2023-04-03T05:03:29+00:00\",\"dateModified\":\"2023-04-03T20:17:16+00:00\",\"author\":{\"@id\":\"https:\/\/portalmf.com.br\/#\/schema\/person\/68a086817af0e8624a5fe3aa1d520a09\"},\"breadcrumb\":{\"@id\":\"https:\/\/portalmf.com.br\/index.php\/2023\/04\/03\/a-15a-feijoada-do-nilsao-e-seus-personagens-inesqueciveis\/#breadcrumb\"},\"inLanguage\":\"pt-BR\",\"potentialAction\":[{\"@type\":\"ReadAction\",\"target\":[\"https:\/\/portalmf.com.br\/index.php\/2023\/04\/03\/a-15a-feijoada-do-nilsao-e-seus-personagens-inesqueciveis\/\"]}]},{\"@type\":\"ImageObject\",\"inLanguage\":\"pt-BR\",\"@id\":\"https:\/\/portalmf.com.br\/index.php\/2023\/04\/03\/a-15a-feijoada-do-nilsao-e-seus-personagens-inesqueciveis\/#primaryimage\",\"url\":\"https:\/\/portalmf.com.br\/wp-content\/uploads\/2023\/04\/20230402_190350-1-scaled.jpg\",\"contentUrl\":\"https:\/\/portalmf.com.br\/wp-content\/uploads\/2023\/04\/20230402_190350-1-scaled.jpg\",\"width\":2560,\"height\":1135},{\"@type\":\"BreadcrumbList\",\"@id\":\"https:\/\/portalmf.com.br\/index.php\/2023\/04\/03\/a-15a-feijoada-do-nilsao-e-seus-personagens-inesqueciveis\/#breadcrumb\",\"itemListElement\":[{\"@type\":\"ListItem\",\"position\":1,\"name\":\"In\u00edcio\",\"item\":\"https:\/\/portalmf.com.br\/\"},{\"@type\":\"ListItem\",\"position\":2,\"name\":\"15\u00aa Feijoada do Nils\u00e3o e seus personagens inesquec\u00edveis\"}]},{\"@type\":\"WebSite\",\"@id\":\"https:\/\/portalmf.com.br\/#website\",\"url\":\"https:\/\/portalmf.com.br\/\",\"name\":\"Portal MF\",\"description\":\"Voc\u00ea conectado com a informa\u00e7\u00e3o\",\"potentialAction\":[{\"@type\":\"SearchAction\",\"target\":{\"@type\":\"EntryPoint\",\"urlTemplate\":\"https:\/\/portalmf.com.br\/?s={search_term_string}\"},\"query-input\":\"required name=search_term_string\"}],\"inLanguage\":\"pt-BR\"},{\"@type\":\"Person\",\"@id\":\"https:\/\/portalmf.com.br\/#\/schema\/person\/68a086817af0e8624a5fe3aa1d520a09\",\"name\":\"Erivelton Costa\",\"image\":{\"@type\":\"ImageObject\",\"inLanguage\":\"pt-BR\",\"@id\":\"https:\/\/portalmf.com.br\/#\/schema\/person\/image\/\",\"url\":\"https:\/\/secure.gravatar.com\/avatar\/568bc70f6528e14005a2e78a0b61ba2e?s=96&d=mm&r=g\",\"contentUrl\":\"https:\/\/secure.gravatar.com\/avatar\/568bc70f6528e14005a2e78a0b61ba2e?s=96&d=mm&r=g\",\"caption\":\"Erivelton Costa\"},\"description\":\"Jornalista\",\"sameAs\":[\"https:\/\/portalmf.com.br\/\",\"toncostaa\"],\"url\":\"https:\/\/portalmf.com.br\/index.php\/author\/eriveltoncosta\/\"}]}<\/script>\n<!-- \/ Yoast SEO plugin. -->","yoast_head_json":{"title":"15\u00aa Feijoada do Nils\u00e3o e seus personagens inesquec\u00edveis - Portal MF","robots":{"index":"index","follow":"follow","max-snippet":"max-snippet:-1","max-image-preview":"max-image-preview:large","max-video-preview":"max-video-preview:-1"},"canonical":"https:\/\/portalmf.com.br\/index.php\/2023\/04\/03\/a-15a-feijoada-do-nilsao-e-seus-personagens-inesqueciveis\/","og_locale":"pt_BR","og_type":"article","og_title":"15\u00aa Feijoada do Nils\u00e3o e seus personagens inesquec\u00edveis - Portal MF","og_description":"A Feijoada do Nils\u00e3o ocorreu neste Domingo, dia 02\/04; e foi um estouro. O Zillas ficou lotado para comemorar os 15 anos da Feijoada, com: Jau, Pagode do Segredo, Jean Santana e Rock Sales. E o clima familiar tomou conta da festa, para trazer seus personagens t\u00e3o cativantes. Muitas pessoas aproveitaram para levar crian\u00e7as, por [&hellip;]","og_url":"https:\/\/portalmf.com.br\/index.php\/2023\/04\/03\/a-15a-feijoada-do-nilsao-e-seus-personagens-inesqueciveis\/","og_site_name":"Portal MF","article_published_time":"2023-04-03T05:03:29+00:00","article_modified_time":"2023-04-03T20:17:16+00:00","og_image":[{"width":2560,"height":1135,"url":"https:\/\/portalmf.com.br\/wp-content\/uploads\/2023\/04\/20230402_190350-1-scaled.jpg","type":"image\/jpeg"}],"author":"Erivelton Costa","twitter_card":"summary_large_image","twitter_misc":{"Escrito por":"Erivelton Costa","Est. tempo de leitura":"3 minutos"},"schema":{"@context":"https:\/\/schema.org","@graph":[{"@type":"WebPage","@id":"https:\/\/portalmf.com.br\/index.php\/2023\/04\/03\/a-15a-feijoada-do-nilsao-e-seus-personagens-inesqueciveis\/","url":"https:\/\/portalmf.com.br\/index.php\/2023\/04\/03\/a-15a-feijoada-do-nilsao-e-seus-personagens-inesqueciveis\/","name":"15\u00aa Feijoada do Nils\u00e3o e seus personagens inesquec\u00edveis - Portal MF","isPartOf":{"@id":"https:\/\/portalmf.com.br\/#website"},"primaryImageOfPage":{"@id":"https:\/\/portalmf.com.br\/index.php\/2023\/04\/03\/a-15a-feijoada-do-nilsao-e-seus-personagens-inesqueciveis\/#primaryimage"},"image":{"@id":"https:\/\/portalmf.com.br\/index.php\/2023\/04\/03\/a-15a-feijoada-do-nilsao-e-seus-personagens-inesqueciveis\/#primaryimage"},"thumbnailUrl":"https:\/\/portalmf.com.br\/wp-content\/uploads\/2023\/04\/20230402_190350-1-scaled.jpg","datePublished":"2023-04-03T05:03:29+00:00","dateModified":"2023-04-03T20:17:16+00:00","author":{"@id":"https:\/\/portalmf.com.br\/#\/schema\/person\/68a086817af0e8624a5fe3aa1d520a09"},"breadcrumb":{"@id":"https:\/\/portalmf.com.br\/index.php\/2023\/04\/03\/a-15a-feijoada-do-nilsao-e-seus-personagens-inesqueciveis\/#breadcrumb"},"inLanguage":"pt-BR","potentialAction":[{"@type":"ReadAction","target":["https:\/\/portalmf.com.br\/index.php\/2023\/04\/03\/a-15a-feijoada-do-nilsao-e-seus-personagens-inesqueciveis\/"]}]},{"@type":"ImageObject","inLanguage":"pt-BR","@id":"https:\/\/portalmf.com.br\/index.php\/2023\/04\/03\/a-15a-feijoada-do-nilsao-e-seus-personagens-inesqueciveis\/#primaryimage","url":"https:\/\/portalmf.com.br\/wp-content\/uploads\/2023\/04\/20230402_190350-1-scaled.jpg","contentUrl":"https:\/\/portalmf.com.br\/wp-content\/uploads\/2023\/04\/20230402_190350-1-scaled.jpg","width":2560,"height":1135},{"@type":"BreadcrumbList","@id":"https:\/\/portalmf.com.br\/index.php\/2023\/04\/03\/a-15a-feijoada-do-nilsao-e-seus-personagens-inesqueciveis\/#breadcrumb","itemListElement":[{"@type":"ListItem","position":1,"name":"In\u00edcio","item":"https:\/\/portalmf.com.br\/"},{"@type":"ListItem","position":2,"name":"15\u00aa Feijoada do Nils\u00e3o e seus personagens inesquec\u00edveis"}]},{"@type":"WebSite","@id":"https:\/\/portalmf.com.br\/#website","url":"https:\/\/portalmf.com.br\/","name":"Portal MF","description":"Voc\u00ea conectado com a informa\u00e7\u00e3o","potentialAction":[{"@type":"SearchAction","target":{"@type":"EntryPoint","urlTemplate":"https:\/\/portalmf.com.br\/?s={search_term_string}"},"query-input":"required name=search_term_string"}],"inLanguage":"pt-BR"},{"@type":"Person","@id":"https:\/\/portalmf.com.br\/#\/schema\/person\/68a086817af0e8624a5fe3aa1d520a09","name":"Erivelton Costa","image":{"@type":"ImageObject","inLanguage":"pt-BR","@id":"https:\/\/portalmf.com.br\/#\/schema\/person\/image\/","url":"https:\/\/secure.gravatar.com\/avatar\/568bc70f6528e14005a2e78a0b61ba2e?s=96&d=mm&r=g","contentUrl":"https:\/\/secure.gravatar.com\/avatar\/568bc70f6528e14005a2e78a0b61ba2e?s=96&d=mm&r=g","caption":"Erivelton Costa"},"description":"Jornalista","sameAs":["https:\/\/portalmf.com.br\/","toncostaa"],"url":"https:\/\/portalmf.com.br\/index.php\/author\/eriveltoncosta\/"}]}},"_links":{"self":[{"href":"https:\/\/portalmf.com.br\/index.php\/wp-json\/wp\/v2\/posts\/10629"}],"collection":[{"href":"https:\/\/portalmf.com.br\/index.php\/wp-json\/wp\/v2\/posts"}],"about":[{"href":"https:\/\/portalmf.com.br\/index.php\/wp-json\/wp\/v2\/types\/post"}],"author":[{"embeddable":true,"href":"https:\/\/portalmf.com.br\/index.php\/wp-json\/wp\/v2\/users\/4"}],"replies":[{"embeddable":true,"href":"https:\/\/portalmf.com.br\/index.php\/wp-json\/wp\/v2\/comments?post=10629"}],"version-history":[{"count":3,"href":"https:\/\/portalmf.com.br\/index.php\/wp-json\/wp\/v2\/posts\/10629\/revisions"}],"predecessor-version":[{"id":10662,"href":"https:\/\/portalmf.com.br\/index.php\/wp-json\/wp\/v2\/posts\/10629\/revisions\/10662"}],"wp:featuredmedia":[{"embeddable":true,"href":"https:\/\/portalmf.com.br\/index.php\/wp-json\/wp\/v2\/media\/10638"}],"wp:attachment":[{"href":"https:\/\/portalmf.com.br\/index.php\/wp-json\/wp\/v2\/media?parent=10629"}],"wp:term":[{"taxonomy":"category","embeddable":true,"href":"https:\/\/portalmf.com.br\/index.php\/wp-json\/wp\/v2\/categories?post=10629"},{"taxonomy":"post_tag","embeddable":true,"href":"https:\/\/portalmf.com.br\/index.php\/wp-json\/wp\/v2\/tags?post=10629"}],"curies":[{"name":"wp","href":"https:\/\/api.w.org\/{rel}","templated":true}]}}