{"id":10589,"date":"2023-03-31T17:07:59","date_gmt":"2023-03-31T20:07:59","guid":{"rendered":"https:\/\/portalmf.com.br\/?p=10589"},"modified":"2023-03-31T17:08:27","modified_gmt":"2023-03-31T20:08:27","slug":"leo-santana-oh-polemico-alinne-rosa-sao-confirmados-no-coite-folia","status":"publish","type":"post","link":"https:\/\/portalmf.com.br\/index.php\/2023\/03\/31\/leo-santana-oh-polemico-alinne-rosa-sao-confirmados-no-coite-folia\/","title":{"rendered":"L\u00e9o Santana, Oh Pol\u00eamico, Alinne Rosa, s\u00e3o confirmados no Coit\u00e9 Folia"},"content":{"rendered":"\n<p>Uma das grandes micaretas do interior da Bahia retornou com for\u00e7a total ao calend\u00e1rio de eventos do estado. Em sua segunda edi\u00e7\u00e3o, p\u00f3s-retomada do evento, grandes atra\u00e7\u00f5es s\u00e3o esperadas em Concei\u00e7\u00e3o do Coit\u00e9, na Avenida do Com\u00e9rcio, entre os dias 28 e 30 de abril. O evento conta com tenda eletr\u00f4nica, pared\u00f5es e grandes atra\u00e7\u00f5es locais, regionais e nacionais.<\/p>\n\n\n\n<p>Nos tr\u00eas dias de evento ser\u00e3o mais de 40 horas de m\u00fasica, mais de 40 atra\u00e7\u00f5es distribu\u00eddas em 6 trios el\u00e9tricos, al\u00e9m de outros espa\u00e7os musicais na folia. Para fazer a festa na avenida, L\u00e9o Santana \u00e9 o nome mais esperado, al\u00e9m do gigante, Timbalada, Psirico, Aline Rosa, Oh Pol\u00eamico, Afrodis\u00edaco, para os f\u00e3s do reggae, Isaque e Edson Gomes e muito mais.<\/p>\n\n\n\n<figure class=\"wp-block-image size-full\"><img fetchpriority=\"high\" decoding=\"async\" width=\"1024\" height=\"640\" src=\"https:\/\/portalmf.com.br\/wp-content\/uploads\/2023\/03\/image-15.png\" alt=\"\" class=\"wp-image-10590\" srcset=\"https:\/\/portalmf.com.br\/wp-content\/uploads\/2023\/03\/image-15.png 1024w, https:\/\/portalmf.com.br\/wp-content\/uploads\/2023\/03\/image-15-300x188.png 300w, https:\/\/portalmf.com.br\/wp-content\/uploads\/2023\/03\/image-15-768x480.png 768w, https:\/\/portalmf.com.br\/wp-content\/uploads\/2023\/03\/image-15-585x366.png 585w\" sizes=\"(max-width: 1024px) 100vw, 1024px\" \/><\/figure>\n\n\n\n<p><em>\u201cEstamos trabalhando para que esse ano seja ainda maior, aumentamos nossa expectativa de p\u00fablico, que no ano anterior foi de 200 mil pessoas. Melhoramos a estrutura da festa e diversificamos a grade de atra\u00e7\u00f5es, valorizando a cultura local e regional, al\u00e9m de promover ao nosso p\u00fablico a presen\u00e7a de grandes nomes da m\u00fasica brasileira\u201d,<\/em> disse o diretor de cultura, Artur \u00c1riston.<\/p>\n\n\n\n<p>A Coit\u00e9 Folia conta com grande estrutura de seguran\u00e7a com tr\u00eas portais de acesso ao evento, sistema de reconhecimento facial, participa\u00e7\u00e3o da Pol\u00edcia Militar, Pol\u00edcia Civil, agentes da Guarda Municipal, entre outros profissionais que v\u00e3o garantir a ordem do evento.<\/p>\n\n\n\n<p><em>&nbsp;\u201cS\u00e3o mais de 100 pessoas trabalhando nos tr\u00eas dias de festa. Vamos montar uma pra\u00e7a de alimenta\u00e7\u00e3o em um ponto estrat\u00e9gico, a passarela dos drinks e outros espa\u00e7os para que a experi\u00eancia do foli\u00e3o seja incr\u00edvel\u201d,<\/em> conta Bia Masini, secret\u00e1ria de administra\u00e7\u00e3o.<\/p>\n\n\n\n<p>Outro fator importante para a cidade e regi\u00e3o, al\u00e9m do potencial cultural que a festa mobiliza \u00e9 o fortalecimento da economia criativa, aquecimento da economia local e gera\u00e7\u00e3o de renda para os coiteenses<em>. \u201cFazer um evento dessa grandiosidade \u00e9 mais do que festa, \u00e9 valoriza\u00e7\u00e3o cultural, \u00e9 fortalecimento de toda uma cadeia produtiva, desde os empres\u00e1rios de hotelaria, bares e restaurantes, aos empreendedores de vestu\u00e1rio, cosm\u00e9ticos, ambulantes, enfim. Quando a gente fala de Coit\u00e9 Folia, fala de alegria, mas tamb\u00e9m de giro econ\u00f4mico e desenvolvimento para nossa cidade e regi\u00e3o que entra cada vez mais forte no mapa da Bahia com seu potencial art\u00edstico, cultural e comercial\u201d,<\/em> enfatiza Marcelo Ara\u00fajo, prefeito.<\/p>\n\n\n\n<p>Mas a folia n\u00e3o vai ser feita apenas para quem vier pular atr\u00e1s do trio, neste ano a Secretaria de Comunica\u00e7\u00e3o prepara uma estrutura de cobertura ao vivo especial e um espa\u00e7o exclusivo para a imprensa que vem cobrir o evento. <em>\u201cN\u00f3s vamos transmitir a festa ao vivo todos os dias pelos canais oficiais da prefeitura. Nosso compromisso \u00e9 fazer com que as pessoas que est\u00e3o em casa sintam a vibra\u00e7\u00e3o da festa como se estivessem com a gente na avenida. Vamos produzir materiais exclusivos e montar um espa\u00e7o especial para os profissionais de imprensa que v\u00e3o trabalhar no nosso evento\u201d, <\/em>explica Helo\u00edsa Gomes, secret\u00e1ria de comunica\u00e7\u00e3o.<\/p>\n","protected":false},"excerpt":{"rendered":"<p>Uma das grandes micaretas do interior da Bahia retornou com for\u00e7a total ao calend\u00e1rio de eventos do estado. Em sua segunda edi\u00e7\u00e3o, p\u00f3s-retomada do evento, grandes atra\u00e7\u00f5es s\u00e3o esperadas em Concei\u00e7\u00e3o do Coit\u00e9, na Avenida do Com\u00e9rcio, entre os dias 28 e 30 de abril. O evento conta com tenda eletr\u00f4nica, pared\u00f5es e grandes atra\u00e7\u00f5es [&hellip;]<\/p>\n","protected":false},"author":3,"featured_media":10591,"comment_status":"open","ping_status":"open","sticky":false,"template":"","format":"standard","meta":{"_monsterinsights_skip_tracking":false,"_monsterinsights_sitenote_active":false,"_monsterinsights_sitenote_note":"","_monsterinsights_sitenote_category":0,"footnotes":""},"categories":[47,45,39],"tags":[],"yoast_head":"<!-- This site is optimized with the Yoast SEO plugin v22.9 - https:\/\/yoast.com\/wordpress\/plugins\/seo\/ -->\n<title>L\u00e9o Santana, Oh Pol\u00eamico, Alinne Rosa, s\u00e3o confirmados no Coit\u00e9 Folia - Portal MF<\/title>\n<meta name=\"robots\" content=\"index, follow, max-snippet:-1, max-image-preview:large, max-video-preview:-1\" \/>\n<link rel=\"canonical\" href=\"https:\/\/portalmf.com.br\/index.php\/2023\/03\/31\/leo-santana-oh-polemico-alinne-rosa-sao-confirmados-no-coite-folia\/\" \/>\n<meta property=\"og:locale\" content=\"pt_BR\" \/>\n<meta property=\"og:type\" content=\"article\" \/>\n<meta property=\"og:title\" content=\"L\u00e9o Santana, Oh Pol\u00eamico, Alinne Rosa, s\u00e3o confirmados no Coit\u00e9 Folia - Portal MF\" \/>\n<meta property=\"og:description\" content=\"Uma das grandes micaretas do interior da Bahia retornou com for\u00e7a total ao calend\u00e1rio de eventos do estado. Em sua segunda edi\u00e7\u00e3o, p\u00f3s-retomada do evento, grandes atra\u00e7\u00f5es s\u00e3o esperadas em Concei\u00e7\u00e3o do Coit\u00e9, na Avenida do Com\u00e9rcio, entre os dias 28 e 30 de abril. O evento conta com tenda eletr\u00f4nica, pared\u00f5es e grandes atra\u00e7\u00f5es [&hellip;]\" \/>\n<meta property=\"og:url\" content=\"https:\/\/portalmf.com.br\/index.php\/2023\/03\/31\/leo-santana-oh-polemico-alinne-rosa-sao-confirmados-no-coite-folia\/\" \/>\n<meta property=\"og:site_name\" content=\"Portal MF\" \/>\n<meta property=\"article:author\" content=\"https:\/\/www.facebook.com\/portalmfoficial\" \/>\n<meta property=\"article:published_time\" content=\"2023-03-31T20:07:59+00:00\" \/>\n<meta property=\"article:modified_time\" content=\"2023-03-31T20:08:27+00:00\" \/>\n<meta property=\"og:image\" content=\"https:\/\/portalmf.com.br\/wp-content\/uploads\/2023\/03\/coite_folia_2023.jpg\" \/>\n\t<meta property=\"og:image:width\" content=\"1024\" \/>\n\t<meta property=\"og:image:height\" content=\"600\" \/>\n\t<meta property=\"og:image:type\" content=\"image\/jpeg\" \/>\n<meta name=\"author\" content=\"Reda\u00e7\u00e3o Portal MF\" \/>\n<meta name=\"twitter:card\" content=\"summary_large_image\" \/>\n<meta name=\"twitter:creator\" content=\"@https:\/\/x.com\/portalmfoficial\" \/>\n<meta name=\"twitter:label1\" content=\"Escrito por\" \/>\n\t<meta name=\"twitter:data1\" content=\"Reda\u00e7\u00e3o Portal MF\" \/>\n\t<meta name=\"twitter:label2\" content=\"Est. tempo de leitura\" \/>\n\t<meta name=\"twitter:data2\" content=\"3 minutos\" \/>\n<script type=\"application\/ld+json\" class=\"yoast-schema-graph\">{\"@context\":\"https:\/\/schema.org\",\"@graph\":[{\"@type\":\"WebPage\",\"@id\":\"https:\/\/portalmf.com.br\/index.php\/2023\/03\/31\/leo-santana-oh-polemico-alinne-rosa-sao-confirmados-no-coite-folia\/\",\"url\":\"https:\/\/portalmf.com.br\/index.php\/2023\/03\/31\/leo-santana-oh-polemico-alinne-rosa-sao-confirmados-no-coite-folia\/\",\"name\":\"L\u00e9o Santana, Oh Pol\u00eamico, Alinne Rosa, s\u00e3o confirmados no Coit\u00e9 Folia - Portal MF\",\"isPartOf\":{\"@id\":\"https:\/\/portalmf.com.br\/#website\"},\"primaryImageOfPage\":{\"@id\":\"https:\/\/portalmf.com.br\/index.php\/2023\/03\/31\/leo-santana-oh-polemico-alinne-rosa-sao-confirmados-no-coite-folia\/#primaryimage\"},\"image\":{\"@id\":\"https:\/\/portalmf.com.br\/index.php\/2023\/03\/31\/leo-santana-oh-polemico-alinne-rosa-sao-confirmados-no-coite-folia\/#primaryimage\"},\"thumbnailUrl\":\"https:\/\/portalmf.com.br\/wp-content\/uploads\/2023\/03\/coite_folia_2023.jpg\",\"datePublished\":\"2023-03-31T20:07:59+00:00\",\"dateModified\":\"2023-03-31T20:08:27+00:00\",\"author\":{\"@id\":\"https:\/\/portalmf.com.br\/#\/schema\/person\/9ec101baf56233e53520c26de5d6f6f0\"},\"breadcrumb\":{\"@id\":\"https:\/\/portalmf.com.br\/index.php\/2023\/03\/31\/leo-santana-oh-polemico-alinne-rosa-sao-confirmados-no-coite-folia\/#breadcrumb\"},\"inLanguage\":\"pt-BR\",\"potentialAction\":[{\"@type\":\"ReadAction\",\"target\":[\"https:\/\/portalmf.com.br\/index.php\/2023\/03\/31\/leo-santana-oh-polemico-alinne-rosa-sao-confirmados-no-coite-folia\/\"]}]},{\"@type\":\"ImageObject\",\"inLanguage\":\"pt-BR\",\"@id\":\"https:\/\/portalmf.com.br\/index.php\/2023\/03\/31\/leo-santana-oh-polemico-alinne-rosa-sao-confirmados-no-coite-folia\/#primaryimage\",\"url\":\"https:\/\/portalmf.com.br\/wp-content\/uploads\/2023\/03\/coite_folia_2023.jpg\",\"contentUrl\":\"https:\/\/portalmf.com.br\/wp-content\/uploads\/2023\/03\/coite_folia_2023.jpg\",\"width\":1024,\"height\":600},{\"@type\":\"BreadcrumbList\",\"@id\":\"https:\/\/portalmf.com.br\/index.php\/2023\/03\/31\/leo-santana-oh-polemico-alinne-rosa-sao-confirmados-no-coite-folia\/#breadcrumb\",\"itemListElement\":[{\"@type\":\"ListItem\",\"position\":1,\"name\":\"In\u00edcio\",\"item\":\"https:\/\/portalmf.com.br\/\"},{\"@type\":\"ListItem\",\"position\":2,\"name\":\"L\u00e9o Santana, Oh Pol\u00eamico, Alinne Rosa, s\u00e3o confirmados no Coit\u00e9 Folia\"}]},{\"@type\":\"WebSite\",\"@id\":\"https:\/\/portalmf.com.br\/#website\",\"url\":\"https:\/\/portalmf.com.br\/\",\"name\":\"Portal MF\",\"description\":\"Voc\u00ea conectado com a informa\u00e7\u00e3o\",\"potentialAction\":[{\"@type\":\"SearchAction\",\"target\":{\"@type\":\"EntryPoint\",\"urlTemplate\":\"https:\/\/portalmf.com.br\/?s={search_term_string}\"},\"query-input\":\"required name=search_term_string\"}],\"inLanguage\":\"pt-BR\"},{\"@type\":\"Person\",\"@id\":\"https:\/\/portalmf.com.br\/#\/schema\/person\/9ec101baf56233e53520c26de5d6f6f0\",\"name\":\"Reda\u00e7\u00e3o Portal MF\",\"image\":{\"@type\":\"ImageObject\",\"inLanguage\":\"pt-BR\",\"@id\":\"https:\/\/portalmf.com.br\/#\/schema\/person\/image\/\",\"url\":\"https:\/\/secure.gravatar.com\/avatar\/41b9aaeb2100835f7c64362330f74c7f?s=96&d=mm&r=g\",\"contentUrl\":\"https:\/\/secure.gravatar.com\/avatar\/41b9aaeb2100835f7c64362330f74c7f?s=96&d=mm&r=g\",\"caption\":\"Reda\u00e7\u00e3o Portal MF\"},\"description\":\"Sejam bem-vindos o portal de informa\u00e7\u00f5es de entretenimento de Feira de Santana, desde 2006 realiza coberturas dos principais eventos com entrevistas exclusivas com as principais personalidades mundiais. Fique conectado tamb\u00e9m nas redes sociais.\",\"sameAs\":[\"http:\/\/www.portalmf.com.br\/\",\"https:\/\/www.facebook.com\/portalmfoficial\",\"https:\/\/www.instagram.com\/portalmf\/\",\"https:\/\/x.com\/https:\/\/x.com\/portalmfoficial\",\"https:\/\/www.youtube.com\/@portalmfoficial\"],\"url\":\"https:\/\/portalmf.com.br\/index.php\/author\/junior\/\"}]}<\/script>\n<!-- \/ Yoast SEO plugin. -->","yoast_head_json":{"title":"L\u00e9o Santana, Oh Pol\u00eamico, Alinne Rosa, s\u00e3o confirmados no Coit\u00e9 Folia - Portal MF","robots":{"index":"index","follow":"follow","max-snippet":"max-snippet:-1","max-image-preview":"max-image-preview:large","max-video-preview":"max-video-preview:-1"},"canonical":"https:\/\/portalmf.com.br\/index.php\/2023\/03\/31\/leo-santana-oh-polemico-alinne-rosa-sao-confirmados-no-coite-folia\/","og_locale":"pt_BR","og_type":"article","og_title":"L\u00e9o Santana, Oh Pol\u00eamico, Alinne Rosa, s\u00e3o confirmados no Coit\u00e9 Folia - Portal MF","og_description":"Uma das grandes micaretas do interior da Bahia retornou com for\u00e7a total ao calend\u00e1rio de eventos do estado. Em sua segunda edi\u00e7\u00e3o, p\u00f3s-retomada do evento, grandes atra\u00e7\u00f5es s\u00e3o esperadas em Concei\u00e7\u00e3o do Coit\u00e9, na Avenida do Com\u00e9rcio, entre os dias 28 e 30 de abril. O evento conta com tenda eletr\u00f4nica, pared\u00f5es e grandes atra\u00e7\u00f5es [&hellip;]","og_url":"https:\/\/portalmf.com.br\/index.php\/2023\/03\/31\/leo-santana-oh-polemico-alinne-rosa-sao-confirmados-no-coite-folia\/","og_site_name":"Portal MF","article_author":"https:\/\/www.facebook.com\/portalmfoficial","article_published_time":"2023-03-31T20:07:59+00:00","article_modified_time":"2023-03-31T20:08:27+00:00","og_image":[{"width":1024,"height":600,"url":"https:\/\/portalmf.com.br\/wp-content\/uploads\/2023\/03\/coite_folia_2023.jpg","type":"image\/jpeg"}],"author":"Reda\u00e7\u00e3o Portal MF","twitter_card":"summary_large_image","twitter_creator":"@https:\/\/x.com\/portalmfoficial","twitter_misc":{"Escrito por":"Reda\u00e7\u00e3o Portal MF","Est. tempo de leitura":"3 minutos"},"schema":{"@context":"https:\/\/schema.org","@graph":[{"@type":"WebPage","@id":"https:\/\/portalmf.com.br\/index.php\/2023\/03\/31\/leo-santana-oh-polemico-alinne-rosa-sao-confirmados-no-coite-folia\/","url":"https:\/\/portalmf.com.br\/index.php\/2023\/03\/31\/leo-santana-oh-polemico-alinne-rosa-sao-confirmados-no-coite-folia\/","name":"L\u00e9o Santana, Oh Pol\u00eamico, Alinne Rosa, s\u00e3o confirmados no Coit\u00e9 Folia - Portal MF","isPartOf":{"@id":"https:\/\/portalmf.com.br\/#website"},"primaryImageOfPage":{"@id":"https:\/\/portalmf.com.br\/index.php\/2023\/03\/31\/leo-santana-oh-polemico-alinne-rosa-sao-confirmados-no-coite-folia\/#primaryimage"},"image":{"@id":"https:\/\/portalmf.com.br\/index.php\/2023\/03\/31\/leo-santana-oh-polemico-alinne-rosa-sao-confirmados-no-coite-folia\/#primaryimage"},"thumbnailUrl":"https:\/\/portalmf.com.br\/wp-content\/uploads\/2023\/03\/coite_folia_2023.jpg","datePublished":"2023-03-31T20:07:59+00:00","dateModified":"2023-03-31T20:08:27+00:00","author":{"@id":"https:\/\/portalmf.com.br\/#\/schema\/person\/9ec101baf56233e53520c26de5d6f6f0"},"breadcrumb":{"@id":"https:\/\/portalmf.com.br\/index.php\/2023\/03\/31\/leo-santana-oh-polemico-alinne-rosa-sao-confirmados-no-coite-folia\/#breadcrumb"},"inLanguage":"pt-BR","potentialAction":[{"@type":"ReadAction","target":["https:\/\/portalmf.com.br\/index.php\/2023\/03\/31\/leo-santana-oh-polemico-alinne-rosa-sao-confirmados-no-coite-folia\/"]}]},{"@type":"ImageObject","inLanguage":"pt-BR","@id":"https:\/\/portalmf.com.br\/index.php\/2023\/03\/31\/leo-santana-oh-polemico-alinne-rosa-sao-confirmados-no-coite-folia\/#primaryimage","url":"https:\/\/portalmf.com.br\/wp-content\/uploads\/2023\/03\/coite_folia_2023.jpg","contentUrl":"https:\/\/portalmf.com.br\/wp-content\/uploads\/2023\/03\/coite_folia_2023.jpg","width":1024,"height":600},{"@type":"BreadcrumbList","@id":"https:\/\/portalmf.com.br\/index.php\/2023\/03\/31\/leo-santana-oh-polemico-alinne-rosa-sao-confirmados-no-coite-folia\/#breadcrumb","itemListElement":[{"@type":"ListItem","position":1,"name":"In\u00edcio","item":"https:\/\/portalmf.com.br\/"},{"@type":"ListItem","position":2,"name":"L\u00e9o Santana, Oh Pol\u00eamico, Alinne Rosa, s\u00e3o confirmados no Coit\u00e9 Folia"}]},{"@type":"WebSite","@id":"https:\/\/portalmf.com.br\/#website","url":"https:\/\/portalmf.com.br\/","name":"Portal MF","description":"Voc\u00ea conectado com a informa\u00e7\u00e3o","potentialAction":[{"@type":"SearchAction","target":{"@type":"EntryPoint","urlTemplate":"https:\/\/portalmf.com.br\/?s={search_term_string}"},"query-input":"required name=search_term_string"}],"inLanguage":"pt-BR"},{"@type":"Person","@id":"https:\/\/portalmf.com.br\/#\/schema\/person\/9ec101baf56233e53520c26de5d6f6f0","name":"Reda\u00e7\u00e3o Portal MF","image":{"@type":"ImageObject","inLanguage":"pt-BR","@id":"https:\/\/portalmf.com.br\/#\/schema\/person\/image\/","url":"https:\/\/secure.gravatar.com\/avatar\/41b9aaeb2100835f7c64362330f74c7f?s=96&d=mm&r=g","contentUrl":"https:\/\/secure.gravatar.com\/avatar\/41b9aaeb2100835f7c64362330f74c7f?s=96&d=mm&r=g","caption":"Reda\u00e7\u00e3o Portal MF"},"description":"Sejam bem-vindos o portal de informa\u00e7\u00f5es de entretenimento de Feira de Santana, desde 2006 realiza coberturas dos principais eventos com entrevistas exclusivas com as principais personalidades mundiais. Fique conectado tamb\u00e9m nas redes sociais.","sameAs":["http:\/\/www.portalmf.com.br\/","https:\/\/www.facebook.com\/portalmfoficial","https:\/\/www.instagram.com\/portalmf\/","https:\/\/x.com\/https:\/\/x.com\/portalmfoficial","https:\/\/www.youtube.com\/@portalmfoficial"],"url":"https:\/\/portalmf.com.br\/index.php\/author\/junior\/"}]}},"_links":{"self":[{"href":"https:\/\/portalmf.com.br\/index.php\/wp-json\/wp\/v2\/posts\/10589"}],"collection":[{"href":"https:\/\/portalmf.com.br\/index.php\/wp-json\/wp\/v2\/posts"}],"about":[{"href":"https:\/\/portalmf.com.br\/index.php\/wp-json\/wp\/v2\/types\/post"}],"author":[{"embeddable":true,"href":"https:\/\/portalmf.com.br\/index.php\/wp-json\/wp\/v2\/users\/3"}],"replies":[{"embeddable":true,"href":"https:\/\/portalmf.com.br\/index.php\/wp-json\/wp\/v2\/comments?post=10589"}],"version-history":[{"count":1,"href":"https:\/\/portalmf.com.br\/index.php\/wp-json\/wp\/v2\/posts\/10589\/revisions"}],"predecessor-version":[{"id":10592,"href":"https:\/\/portalmf.com.br\/index.php\/wp-json\/wp\/v2\/posts\/10589\/revisions\/10592"}],"wp:featuredmedia":[{"embeddable":true,"href":"https:\/\/portalmf.com.br\/index.php\/wp-json\/wp\/v2\/media\/10591"}],"wp:attachment":[{"href":"https:\/\/portalmf.com.br\/index.php\/wp-json\/wp\/v2\/media?parent=10589"}],"wp:term":[{"taxonomy":"category","embeddable":true,"href":"https:\/\/portalmf.com.br\/index.php\/wp-json\/wp\/v2\/categories?post=10589"},{"taxonomy":"post_tag","embeddable":true,"href":"https:\/\/portalmf.com.br\/index.php\/wp-json\/wp\/v2\/tags?post=10589"}],"curies":[{"name":"wp","href":"https:\/\/api.w.org\/{rel}","templated":true}]}}