{"id":10560,"date":"2023-03-31T12:54:00","date_gmt":"2023-03-31T15:54:00","guid":{"rendered":"https:\/\/portalmf.com.br\/?p=10560"},"modified":"2023-03-31T15:58:30","modified_gmt":"2023-03-31T18:58:30","slug":"trecho-da-avenida-fraga-maia-sera-interditado-para-o-esquenta-micareta","status":"publish","type":"post","link":"https:\/\/portalmf.com.br\/index.php\/2023\/03\/31\/trecho-da-avenida-fraga-maia-sera-interditado-para-o-esquenta-micareta\/","title":{"rendered":"Trecho da avenida Fraga Maia ser\u00e1 interditado para o Esquenta Micareta"},"content":{"rendered":"\n<p>A fim de orientar os motoristas, a Superintend\u00eancia Municipal de Tr\u00e2nsito (SMT) informa altera\u00e7\u00f5es no tr\u00e1fego na avenida Francisco Fraga Maia, neste domingo (2), em virtude da realiza\u00e7\u00e3o do Esquenta Micareta.&nbsp;<\/p>\n\n\n\n<p>Haver\u00e1 interdi\u00e7\u00e3o total no trecho entre o retorno em frente ao Atacad\u00e3o S\u00e3o Roque e o retorno a altura do Posto Ale, das 11h \u00e0s 18h.&nbsp;<\/p>\n\n\n\n<p>Tamb\u00e9m estar\u00e3o interditadas as vias laterais que d\u00e3o acesso a esse trecho da avenida Fraga Maia, nos seguintes pontos:&nbsp;<\/p>\n\n\n\n<p>SENTIDO CENTRO X BAIRRO &#8211; Desvio na altura da rua Mazag\u00e3o (Shopping&nbsp;Millenium) com retorno \u00e0 Av. Fraga Maia pela rua ACM<\/p>\n\n\n\n<p><strong>Acessos interditados:<\/strong><\/p>\n\n\n\n<p>AV. FRAGA MAIA (PERMANECER\u00c1 O ACESSO DE RETORNO NO ATACAD\u00c3O S\u00c3O ROQUE)<\/p>\n\n\n\n<p>RUA MIRANDA x RUA BARRA DO CA\u00c7ADOR<\/p>\n\n\n\n<p>RUA BARRA DOS BANDEIRANTES x RUA BARRA DO CA\u00c7ADOR<\/p>\n\n\n\n<p>RUA BARRA AVENIDA x RUA BARRA DO MENDES<\/p>\n\n\n\n<p>SENTIDO BAIRRO x CENTRO &#8211; Desvio na rua Ant\u00f4nio Carlos Magalh\u00e3es com retorno \u00e0 Av. Fraga Maia pela rua Cassimiro de Abreu (Posto Pague Menos)<\/p>\n\n\n\n<p><strong>Acessos interditados:<\/strong><\/p>\n\n\n\n<p>AV. ACM x RUA GENTIO DO OURO<br>AV. ACM x RUA BASTI\u00c3O<br>RUA BARRA AVENIDA x RUA BASTI\u00c3O<br>RUA BARRA DOS BANDEIRANTES x RUA BASTI\u00c3O<br>RUA BARRA DOURADA x RUA BASTI\u00c3O<\/p>\n\n\n\n<p>Com informa\u00e7\u00f5es da Secom<\/p>\n","protected":false},"excerpt":{"rendered":"<p>A fim de orientar os motoristas, a Superintend\u00eancia Municipal de Tr\u00e2nsito (SMT) informa altera\u00e7\u00f5es no tr\u00e1fego na avenida Francisco Fraga Maia, neste domingo (2), em virtude da realiza\u00e7\u00e3o do Esquenta Micareta.&nbsp; Haver\u00e1 interdi\u00e7\u00e3o total no trecho entre o retorno em frente ao Atacad\u00e3o S\u00e3o Roque e o retorno a altura do Posto Ale, das 11h [&hellip;]<\/p>\n","protected":false},"author":3,"featured_media":10561,"comment_status":"open","ping_status":"open","sticky":false,"template":"","format":"standard","meta":{"_monsterinsights_skip_tracking":false,"_monsterinsights_sitenote_active":false,"_monsterinsights_sitenote_note":"","_monsterinsights_sitenote_category":0,"footnotes":""},"categories":[48,39],"tags":[],"yoast_head":"<!-- This site is optimized with the Yoast SEO plugin v22.9 - https:\/\/yoast.com\/wordpress\/plugins\/seo\/ -->\n<title>Trecho da avenida Fraga Maia ser\u00e1 interditado para o Esquenta Micareta - Portal MF<\/title>\n<meta name=\"robots\" content=\"index, follow, max-snippet:-1, max-image-preview:large, max-video-preview:-1\" \/>\n<link rel=\"canonical\" href=\"https:\/\/portalmf.com.br\/index.php\/2023\/03\/31\/trecho-da-avenida-fraga-maia-sera-interditado-para-o-esquenta-micareta\/\" \/>\n<meta property=\"og:locale\" content=\"pt_BR\" \/>\n<meta property=\"og:type\" content=\"article\" \/>\n<meta property=\"og:title\" content=\"Trecho da avenida Fraga Maia ser\u00e1 interditado para o Esquenta Micareta - Portal MF\" \/>\n<meta property=\"og:description\" content=\"A fim de orientar os motoristas, a Superintend\u00eancia Municipal de Tr\u00e2nsito (SMT) informa altera\u00e7\u00f5es no tr\u00e1fego na avenida Francisco Fraga Maia, neste domingo (2), em virtude da realiza\u00e7\u00e3o do Esquenta Micareta.&nbsp; Haver\u00e1 interdi\u00e7\u00e3o total no trecho entre o retorno em frente ao Atacad\u00e3o S\u00e3o Roque e o retorno a altura do Posto Ale, das 11h [&hellip;]\" \/>\n<meta property=\"og:url\" content=\"https:\/\/portalmf.com.br\/index.php\/2023\/03\/31\/trecho-da-avenida-fraga-maia-sera-interditado-para-o-esquenta-micareta\/\" \/>\n<meta property=\"og:site_name\" content=\"Portal MF\" \/>\n<meta property=\"article:author\" content=\"https:\/\/www.facebook.com\/portalmfoficial\" \/>\n<meta property=\"article:published_time\" content=\"2023-03-31T15:54:00+00:00\" \/>\n<meta property=\"article:modified_time\" content=\"2023-03-31T18:58:30+00:00\" \/>\n<meta property=\"og:image\" content=\"https:\/\/portalmf.com.br\/wp-content\/uploads\/2023\/03\/31032023143238.jpg\" \/>\n\t<meta property=\"og:image:width\" content=\"1306\" \/>\n\t<meta property=\"og:image:height\" content=\"661\" \/>\n\t<meta property=\"og:image:type\" content=\"image\/jpeg\" \/>\n<meta name=\"author\" content=\"Reda\u00e7\u00e3o Portal MF\" \/>\n<meta name=\"twitter:card\" content=\"summary_large_image\" \/>\n<meta name=\"twitter:creator\" content=\"@https:\/\/x.com\/portalmfoficial\" \/>\n<meta name=\"twitter:label1\" content=\"Escrito por\" \/>\n\t<meta name=\"twitter:data1\" content=\"Reda\u00e7\u00e3o Portal MF\" \/>\n\t<meta name=\"twitter:label2\" content=\"Est. tempo de leitura\" \/>\n\t<meta name=\"twitter:data2\" content=\"2 minutos\" \/>\n<script type=\"application\/ld+json\" class=\"yoast-schema-graph\">{\"@context\":\"https:\/\/schema.org\",\"@graph\":[{\"@type\":\"WebPage\",\"@id\":\"https:\/\/portalmf.com.br\/index.php\/2023\/03\/31\/trecho-da-avenida-fraga-maia-sera-interditado-para-o-esquenta-micareta\/\",\"url\":\"https:\/\/portalmf.com.br\/index.php\/2023\/03\/31\/trecho-da-avenida-fraga-maia-sera-interditado-para-o-esquenta-micareta\/\",\"name\":\"Trecho da avenida Fraga Maia ser\u00e1 interditado para o Esquenta Micareta - Portal MF\",\"isPartOf\":{\"@id\":\"https:\/\/portalmf.com.br\/#website\"},\"primaryImageOfPage\":{\"@id\":\"https:\/\/portalmf.com.br\/index.php\/2023\/03\/31\/trecho-da-avenida-fraga-maia-sera-interditado-para-o-esquenta-micareta\/#primaryimage\"},\"image\":{\"@id\":\"https:\/\/portalmf.com.br\/index.php\/2023\/03\/31\/trecho-da-avenida-fraga-maia-sera-interditado-para-o-esquenta-micareta\/#primaryimage\"},\"thumbnailUrl\":\"https:\/\/portalmf.com.br\/wp-content\/uploads\/2023\/03\/31032023143238.jpg\",\"datePublished\":\"2023-03-31T15:54:00+00:00\",\"dateModified\":\"2023-03-31T18:58:30+00:00\",\"author\":{\"@id\":\"https:\/\/portalmf.com.br\/#\/schema\/person\/9ec101baf56233e53520c26de5d6f6f0\"},\"breadcrumb\":{\"@id\":\"https:\/\/portalmf.com.br\/index.php\/2023\/03\/31\/trecho-da-avenida-fraga-maia-sera-interditado-para-o-esquenta-micareta\/#breadcrumb\"},\"inLanguage\":\"pt-BR\",\"potentialAction\":[{\"@type\":\"ReadAction\",\"target\":[\"https:\/\/portalmf.com.br\/index.php\/2023\/03\/31\/trecho-da-avenida-fraga-maia-sera-interditado-para-o-esquenta-micareta\/\"]}]},{\"@type\":\"ImageObject\",\"inLanguage\":\"pt-BR\",\"@id\":\"https:\/\/portalmf.com.br\/index.php\/2023\/03\/31\/trecho-da-avenida-fraga-maia-sera-interditado-para-o-esquenta-micareta\/#primaryimage\",\"url\":\"https:\/\/portalmf.com.br\/wp-content\/uploads\/2023\/03\/31032023143238.jpg\",\"contentUrl\":\"https:\/\/portalmf.com.br\/wp-content\/uploads\/2023\/03\/31032023143238.jpg\",\"width\":1306,\"height\":661,\"caption\":\"Foto: Jorge Magalh\u00e3es\"},{\"@type\":\"BreadcrumbList\",\"@id\":\"https:\/\/portalmf.com.br\/index.php\/2023\/03\/31\/trecho-da-avenida-fraga-maia-sera-interditado-para-o-esquenta-micareta\/#breadcrumb\",\"itemListElement\":[{\"@type\":\"ListItem\",\"position\":1,\"name\":\"In\u00edcio\",\"item\":\"https:\/\/portalmf.com.br\/\"},{\"@type\":\"ListItem\",\"position\":2,\"name\":\"Trecho da avenida Fraga Maia ser\u00e1 interditado para o Esquenta Micareta\"}]},{\"@type\":\"WebSite\",\"@id\":\"https:\/\/portalmf.com.br\/#website\",\"url\":\"https:\/\/portalmf.com.br\/\",\"name\":\"Portal MF\",\"description\":\"Voc\u00ea conectado com a informa\u00e7\u00e3o\",\"potentialAction\":[{\"@type\":\"SearchAction\",\"target\":{\"@type\":\"EntryPoint\",\"urlTemplate\":\"https:\/\/portalmf.com.br\/?s={search_term_string}\"},\"query-input\":\"required name=search_term_string\"}],\"inLanguage\":\"pt-BR\"},{\"@type\":\"Person\",\"@id\":\"https:\/\/portalmf.com.br\/#\/schema\/person\/9ec101baf56233e53520c26de5d6f6f0\",\"name\":\"Reda\u00e7\u00e3o Portal MF\",\"image\":{\"@type\":\"ImageObject\",\"inLanguage\":\"pt-BR\",\"@id\":\"https:\/\/portalmf.com.br\/#\/schema\/person\/image\/\",\"url\":\"https:\/\/secure.gravatar.com\/avatar\/41b9aaeb2100835f7c64362330f74c7f?s=96&d=mm&r=g\",\"contentUrl\":\"https:\/\/secure.gravatar.com\/avatar\/41b9aaeb2100835f7c64362330f74c7f?s=96&d=mm&r=g\",\"caption\":\"Reda\u00e7\u00e3o Portal MF\"},\"description\":\"Sejam bem-vindos o portal de informa\u00e7\u00f5es de entretenimento de Feira de Santana, desde 2006 realiza coberturas dos principais eventos com entrevistas exclusivas com as principais personalidades mundiais. Fique conectado tamb\u00e9m nas redes sociais.\",\"sameAs\":[\"http:\/\/www.portalmf.com.br\/\",\"https:\/\/www.facebook.com\/portalmfoficial\",\"https:\/\/www.instagram.com\/portalmf\/\",\"https:\/\/x.com\/https:\/\/x.com\/portalmfoficial\",\"https:\/\/www.youtube.com\/@portalmfoficial\"],\"url\":\"https:\/\/portalmf.com.br\/index.php\/author\/junior\/\"}]}<\/script>\n<!-- \/ Yoast SEO plugin. -->","yoast_head_json":{"title":"Trecho da avenida Fraga Maia ser\u00e1 interditado para o Esquenta Micareta - Portal MF","robots":{"index":"index","follow":"follow","max-snippet":"max-snippet:-1","max-image-preview":"max-image-preview:large","max-video-preview":"max-video-preview:-1"},"canonical":"https:\/\/portalmf.com.br\/index.php\/2023\/03\/31\/trecho-da-avenida-fraga-maia-sera-interditado-para-o-esquenta-micareta\/","og_locale":"pt_BR","og_type":"article","og_title":"Trecho da avenida Fraga Maia ser\u00e1 interditado para o Esquenta Micareta - Portal MF","og_description":"A fim de orientar os motoristas, a Superintend\u00eancia Municipal de Tr\u00e2nsito (SMT) informa altera\u00e7\u00f5es no tr\u00e1fego na avenida Francisco Fraga Maia, neste domingo (2), em virtude da realiza\u00e7\u00e3o do Esquenta Micareta.&nbsp; Haver\u00e1 interdi\u00e7\u00e3o total no trecho entre o retorno em frente ao Atacad\u00e3o S\u00e3o Roque e o retorno a altura do Posto Ale, das 11h [&hellip;]","og_url":"https:\/\/portalmf.com.br\/index.php\/2023\/03\/31\/trecho-da-avenida-fraga-maia-sera-interditado-para-o-esquenta-micareta\/","og_site_name":"Portal MF","article_author":"https:\/\/www.facebook.com\/portalmfoficial","article_published_time":"2023-03-31T15:54:00+00:00","article_modified_time":"2023-03-31T18:58:30+00:00","og_image":[{"width":1306,"height":661,"url":"https:\/\/portalmf.com.br\/wp-content\/uploads\/2023\/03\/31032023143238.jpg","type":"image\/jpeg"}],"author":"Reda\u00e7\u00e3o Portal MF","twitter_card":"summary_large_image","twitter_creator":"@https:\/\/x.com\/portalmfoficial","twitter_misc":{"Escrito por":"Reda\u00e7\u00e3o Portal MF","Est. tempo de leitura":"2 minutos"},"schema":{"@context":"https:\/\/schema.org","@graph":[{"@type":"WebPage","@id":"https:\/\/portalmf.com.br\/index.php\/2023\/03\/31\/trecho-da-avenida-fraga-maia-sera-interditado-para-o-esquenta-micareta\/","url":"https:\/\/portalmf.com.br\/index.php\/2023\/03\/31\/trecho-da-avenida-fraga-maia-sera-interditado-para-o-esquenta-micareta\/","name":"Trecho da avenida Fraga Maia ser\u00e1 interditado para o Esquenta Micareta - Portal MF","isPartOf":{"@id":"https:\/\/portalmf.com.br\/#website"},"primaryImageOfPage":{"@id":"https:\/\/portalmf.com.br\/index.php\/2023\/03\/31\/trecho-da-avenida-fraga-maia-sera-interditado-para-o-esquenta-micareta\/#primaryimage"},"image":{"@id":"https:\/\/portalmf.com.br\/index.php\/2023\/03\/31\/trecho-da-avenida-fraga-maia-sera-interditado-para-o-esquenta-micareta\/#primaryimage"},"thumbnailUrl":"https:\/\/portalmf.com.br\/wp-content\/uploads\/2023\/03\/31032023143238.jpg","datePublished":"2023-03-31T15:54:00+00:00","dateModified":"2023-03-31T18:58:30+00:00","author":{"@id":"https:\/\/portalmf.com.br\/#\/schema\/person\/9ec101baf56233e53520c26de5d6f6f0"},"breadcrumb":{"@id":"https:\/\/portalmf.com.br\/index.php\/2023\/03\/31\/trecho-da-avenida-fraga-maia-sera-interditado-para-o-esquenta-micareta\/#breadcrumb"},"inLanguage":"pt-BR","potentialAction":[{"@type":"ReadAction","target":["https:\/\/portalmf.com.br\/index.php\/2023\/03\/31\/trecho-da-avenida-fraga-maia-sera-interditado-para-o-esquenta-micareta\/"]}]},{"@type":"ImageObject","inLanguage":"pt-BR","@id":"https:\/\/portalmf.com.br\/index.php\/2023\/03\/31\/trecho-da-avenida-fraga-maia-sera-interditado-para-o-esquenta-micareta\/#primaryimage","url":"https:\/\/portalmf.com.br\/wp-content\/uploads\/2023\/03\/31032023143238.jpg","contentUrl":"https:\/\/portalmf.com.br\/wp-content\/uploads\/2023\/03\/31032023143238.jpg","width":1306,"height":661,"caption":"Foto: Jorge Magalh\u00e3es"},{"@type":"BreadcrumbList","@id":"https:\/\/portalmf.com.br\/index.php\/2023\/03\/31\/trecho-da-avenida-fraga-maia-sera-interditado-para-o-esquenta-micareta\/#breadcrumb","itemListElement":[{"@type":"ListItem","position":1,"name":"In\u00edcio","item":"https:\/\/portalmf.com.br\/"},{"@type":"ListItem","position":2,"name":"Trecho da avenida Fraga Maia ser\u00e1 interditado para o Esquenta Micareta"}]},{"@type":"WebSite","@id":"https:\/\/portalmf.com.br\/#website","url":"https:\/\/portalmf.com.br\/","name":"Portal MF","description":"Voc\u00ea conectado com a informa\u00e7\u00e3o","potentialAction":[{"@type":"SearchAction","target":{"@type":"EntryPoint","urlTemplate":"https:\/\/portalmf.com.br\/?s={search_term_string}"},"query-input":"required name=search_term_string"}],"inLanguage":"pt-BR"},{"@type":"Person","@id":"https:\/\/portalmf.com.br\/#\/schema\/person\/9ec101baf56233e53520c26de5d6f6f0","name":"Reda\u00e7\u00e3o Portal MF","image":{"@type":"ImageObject","inLanguage":"pt-BR","@id":"https:\/\/portalmf.com.br\/#\/schema\/person\/image\/","url":"https:\/\/secure.gravatar.com\/avatar\/41b9aaeb2100835f7c64362330f74c7f?s=96&d=mm&r=g","contentUrl":"https:\/\/secure.gravatar.com\/avatar\/41b9aaeb2100835f7c64362330f74c7f?s=96&d=mm&r=g","caption":"Reda\u00e7\u00e3o Portal MF"},"description":"Sejam bem-vindos o portal de informa\u00e7\u00f5es de entretenimento de Feira de Santana, desde 2006 realiza coberturas dos principais eventos com entrevistas exclusivas com as principais personalidades mundiais. Fique conectado tamb\u00e9m nas redes sociais.","sameAs":["http:\/\/www.portalmf.com.br\/","https:\/\/www.facebook.com\/portalmfoficial","https:\/\/www.instagram.com\/portalmf\/","https:\/\/x.com\/https:\/\/x.com\/portalmfoficial","https:\/\/www.youtube.com\/@portalmfoficial"],"url":"https:\/\/portalmf.com.br\/index.php\/author\/junior\/"}]}},"_links":{"self":[{"href":"https:\/\/portalmf.com.br\/index.php\/wp-json\/wp\/v2\/posts\/10560"}],"collection":[{"href":"https:\/\/portalmf.com.br\/index.php\/wp-json\/wp\/v2\/posts"}],"about":[{"href":"https:\/\/portalmf.com.br\/index.php\/wp-json\/wp\/v2\/types\/post"}],"author":[{"embeddable":true,"href":"https:\/\/portalmf.com.br\/index.php\/wp-json\/wp\/v2\/users\/3"}],"replies":[{"embeddable":true,"href":"https:\/\/portalmf.com.br\/index.php\/wp-json\/wp\/v2\/comments?post=10560"}],"version-history":[{"count":1,"href":"https:\/\/portalmf.com.br\/index.php\/wp-json\/wp\/v2\/posts\/10560\/revisions"}],"predecessor-version":[{"id":10562,"href":"https:\/\/portalmf.com.br\/index.php\/wp-json\/wp\/v2\/posts\/10560\/revisions\/10562"}],"wp:featuredmedia":[{"embeddable":true,"href":"https:\/\/portalmf.com.br\/index.php\/wp-json\/wp\/v2\/media\/10561"}],"wp:attachment":[{"href":"https:\/\/portalmf.com.br\/index.php\/wp-json\/wp\/v2\/media?parent=10560"}],"wp:term":[{"taxonomy":"category","embeddable":true,"href":"https:\/\/portalmf.com.br\/index.php\/wp-json\/wp\/v2\/categories?post=10560"},{"taxonomy":"post_tag","embeddable":true,"href":"https:\/\/portalmf.com.br\/index.php\/wp-json\/wp\/v2\/tags?post=10560"}],"curies":[{"name":"wp","href":"https:\/\/api.w.org\/{rel}","templated":true}]}}