{"id":10556,"date":"2023-03-31T15:52:38","date_gmt":"2023-03-31T18:52:38","guid":{"rendered":"https:\/\/portalmf.com.br\/?p=10556"},"modified":"2023-03-31T15:52:39","modified_gmt":"2023-03-31T18:52:39","slug":"confirmada-no-micareta-2023-marcia-porto-canta-tambem-com-tonho-materia","status":"publish","type":"post","link":"https:\/\/portalmf.com.br\/index.php\/2023\/03\/31\/confirmada-no-micareta-2023-marcia-porto-canta-tambem-com-tonho-materia\/","title":{"rendered":"Confirmada no Micareta 2023, M\u00e1rcia Porto canta tamb\u00e9m com Tonho Mat\u00e9ria"},"content":{"rendered":"\n<p>A cantora M\u00e1rcia Porto se prepara para a Micareta de Feira 2023 com toda energia para comemorar 31 anos de folia. A cantora promete levantar poeira na avenida.<\/p>\n\n\n\n<p>\u201cAfinal s\u00e3o tr\u00eas anos sem o evento que faz parte da minha hist\u00f3ria, a hora \u00e9 de comemorar\u201d, diz a cantora.<\/p>\n\n\n\n<p>M\u00e1rcia recorda que foi a cantora mais nova a ingressar profissionalmente num trio el\u00e9trico em Feira de Santana. Para esta celebra\u00e7\u00e3o ela traz uma homenagem ao ax\u00e9 retr\u00f4 fazendo uma retrospectiva de sua trajet\u00f3ria.<\/p>\n\n\n\n<p>O roteiro da festa j\u00e1 est\u00e1 alinhado. No s\u00e1bado de Micareta, Marcia Porto ser\u00e1 a convidada do icone do ax\u00e9 Tonho Mat\u00e9ria e no domingo ela se apresenta com sua banda no Circuito Maneca Ferreira animando o foli\u00e3o pipoca.<\/p>\n","protected":false},"excerpt":{"rendered":"<p>A cantora M\u00e1rcia Porto se prepara para a Micareta de Feira 2023 com toda energia para comemorar 31 anos de folia. A cantora promete levantar poeira na avenida. \u201cAfinal s\u00e3o tr\u00eas anos sem o evento que faz parte da minha hist\u00f3ria, a hora \u00e9 de comemorar\u201d, diz a cantora. M\u00e1rcia recorda que foi a cantora [&hellip;]<\/p>\n","protected":false},"author":3,"featured_media":10558,"comment_status":"open","ping_status":"open","sticky":false,"template":"","format":"standard","meta":{"_monsterinsights_skip_tracking":false,"_monsterinsights_sitenote_active":false,"_monsterinsights_sitenote_note":"","_monsterinsights_sitenote_category":0,"footnotes":""},"categories":[48,39],"tags":[],"yoast_head":"<!-- This site is optimized with the Yoast SEO plugin v22.9 - https:\/\/yoast.com\/wordpress\/plugins\/seo\/ -->\n<title>Confirmada no Micareta 2023, M\u00e1rcia Porto canta tamb\u00e9m com Tonho Mat\u00e9ria - Portal MF<\/title>\n<meta name=\"robots\" content=\"index, follow, max-snippet:-1, max-image-preview:large, max-video-preview:-1\" \/>\n<link rel=\"canonical\" href=\"https:\/\/portalmf.com.br\/index.php\/2023\/03\/31\/confirmada-no-micareta-2023-marcia-porto-canta-tambem-com-tonho-materia\/\" \/>\n<meta property=\"og:locale\" content=\"pt_BR\" \/>\n<meta property=\"og:type\" content=\"article\" \/>\n<meta property=\"og:title\" content=\"Confirmada no Micareta 2023, M\u00e1rcia Porto canta tamb\u00e9m com Tonho Mat\u00e9ria - Portal MF\" \/>\n<meta property=\"og:description\" content=\"A cantora M\u00e1rcia Porto se prepara para a Micareta de Feira 2023 com toda energia para comemorar 31 anos de folia. A cantora promete levantar poeira na avenida. \u201cAfinal s\u00e3o tr\u00eas anos sem o evento que faz parte da minha hist\u00f3ria, a hora \u00e9 de comemorar\u201d, diz a cantora. M\u00e1rcia recorda que foi a cantora [&hellip;]\" \/>\n<meta property=\"og:url\" content=\"https:\/\/portalmf.com.br\/index.php\/2023\/03\/31\/confirmada-no-micareta-2023-marcia-porto-canta-tambem-com-tonho-materia\/\" \/>\n<meta property=\"og:site_name\" content=\"Portal MF\" \/>\n<meta property=\"article:author\" content=\"https:\/\/www.facebook.com\/portalmfoficial\" \/>\n<meta property=\"article:published_time\" content=\"2023-03-31T18:52:38+00:00\" \/>\n<meta property=\"article:modified_time\" content=\"2023-03-31T18:52:39+00:00\" \/>\n<meta property=\"og:image\" content=\"https:\/\/portalmf.com.br\/wp-content\/uploads\/2023\/03\/Marcia-Porto-Tonho-Materia.jpg\" \/>\n\t<meta property=\"og:image:width\" content=\"1203\" \/>\n\t<meta property=\"og:image:height\" content=\"900\" \/>\n\t<meta property=\"og:image:type\" content=\"image\/jpeg\" \/>\n<meta name=\"author\" content=\"Reda\u00e7\u00e3o Portal MF\" \/>\n<meta name=\"twitter:card\" content=\"summary_large_image\" \/>\n<meta name=\"twitter:creator\" content=\"@https:\/\/x.com\/portalmfoficial\" \/>\n<meta name=\"twitter:label1\" content=\"Escrito por\" \/>\n\t<meta name=\"twitter:data1\" content=\"Reda\u00e7\u00e3o Portal MF\" \/>\n\t<meta name=\"twitter:label2\" content=\"Est. tempo de leitura\" \/>\n\t<meta name=\"twitter:data2\" content=\"1 minuto\" \/>\n<script type=\"application\/ld+json\" class=\"yoast-schema-graph\">{\"@context\":\"https:\/\/schema.org\",\"@graph\":[{\"@type\":\"WebPage\",\"@id\":\"https:\/\/portalmf.com.br\/index.php\/2023\/03\/31\/confirmada-no-micareta-2023-marcia-porto-canta-tambem-com-tonho-materia\/\",\"url\":\"https:\/\/portalmf.com.br\/index.php\/2023\/03\/31\/confirmada-no-micareta-2023-marcia-porto-canta-tambem-com-tonho-materia\/\",\"name\":\"Confirmada no Micareta 2023, M\u00e1rcia Porto canta tamb\u00e9m com Tonho Mat\u00e9ria - Portal MF\",\"isPartOf\":{\"@id\":\"https:\/\/portalmf.com.br\/#website\"},\"primaryImageOfPage\":{\"@id\":\"https:\/\/portalmf.com.br\/index.php\/2023\/03\/31\/confirmada-no-micareta-2023-marcia-porto-canta-tambem-com-tonho-materia\/#primaryimage\"},\"image\":{\"@id\":\"https:\/\/portalmf.com.br\/index.php\/2023\/03\/31\/confirmada-no-micareta-2023-marcia-porto-canta-tambem-com-tonho-materia\/#primaryimage\"},\"thumbnailUrl\":\"https:\/\/portalmf.com.br\/wp-content\/uploads\/2023\/03\/Marcia-Porto-Tonho-Materia.jpg\",\"datePublished\":\"2023-03-31T18:52:38+00:00\",\"dateModified\":\"2023-03-31T18:52:39+00:00\",\"author\":{\"@id\":\"https:\/\/portalmf.com.br\/#\/schema\/person\/9ec101baf56233e53520c26de5d6f6f0\"},\"breadcrumb\":{\"@id\":\"https:\/\/portalmf.com.br\/index.php\/2023\/03\/31\/confirmada-no-micareta-2023-marcia-porto-canta-tambem-com-tonho-materia\/#breadcrumb\"},\"inLanguage\":\"pt-BR\",\"potentialAction\":[{\"@type\":\"ReadAction\",\"target\":[\"https:\/\/portalmf.com.br\/index.php\/2023\/03\/31\/confirmada-no-micareta-2023-marcia-porto-canta-tambem-com-tonho-materia\/\"]}]},{\"@type\":\"ImageObject\",\"inLanguage\":\"pt-BR\",\"@id\":\"https:\/\/portalmf.com.br\/index.php\/2023\/03\/31\/confirmada-no-micareta-2023-marcia-porto-canta-tambem-com-tonho-materia\/#primaryimage\",\"url\":\"https:\/\/portalmf.com.br\/wp-content\/uploads\/2023\/03\/Marcia-Porto-Tonho-Materia.jpg\",\"contentUrl\":\"https:\/\/portalmf.com.br\/wp-content\/uploads\/2023\/03\/Marcia-Porto-Tonho-Materia.jpg\",\"width\":1203,\"height\":900},{\"@type\":\"BreadcrumbList\",\"@id\":\"https:\/\/portalmf.com.br\/index.php\/2023\/03\/31\/confirmada-no-micareta-2023-marcia-porto-canta-tambem-com-tonho-materia\/#breadcrumb\",\"itemListElement\":[{\"@type\":\"ListItem\",\"position\":1,\"name\":\"In\u00edcio\",\"item\":\"https:\/\/portalmf.com.br\/\"},{\"@type\":\"ListItem\",\"position\":2,\"name\":\"Confirmada no Micareta 2023, M\u00e1rcia Porto canta tamb\u00e9m com Tonho Mat\u00e9ria\"}]},{\"@type\":\"WebSite\",\"@id\":\"https:\/\/portalmf.com.br\/#website\",\"url\":\"https:\/\/portalmf.com.br\/\",\"name\":\"Portal MF\",\"description\":\"Voc\u00ea conectado com a informa\u00e7\u00e3o\",\"potentialAction\":[{\"@type\":\"SearchAction\",\"target\":{\"@type\":\"EntryPoint\",\"urlTemplate\":\"https:\/\/portalmf.com.br\/?s={search_term_string}\"},\"query-input\":\"required name=search_term_string\"}],\"inLanguage\":\"pt-BR\"},{\"@type\":\"Person\",\"@id\":\"https:\/\/portalmf.com.br\/#\/schema\/person\/9ec101baf56233e53520c26de5d6f6f0\",\"name\":\"Reda\u00e7\u00e3o Portal MF\",\"image\":{\"@type\":\"ImageObject\",\"inLanguage\":\"pt-BR\",\"@id\":\"https:\/\/portalmf.com.br\/#\/schema\/person\/image\/\",\"url\":\"https:\/\/secure.gravatar.com\/avatar\/41b9aaeb2100835f7c64362330f74c7f?s=96&d=mm&r=g\",\"contentUrl\":\"https:\/\/secure.gravatar.com\/avatar\/41b9aaeb2100835f7c64362330f74c7f?s=96&d=mm&r=g\",\"caption\":\"Reda\u00e7\u00e3o Portal MF\"},\"description\":\"Sejam bem-vindos o portal de informa\u00e7\u00f5es de entretenimento de Feira de Santana, desde 2006 realiza coberturas dos principais eventos com entrevistas exclusivas com as principais personalidades mundiais. Fique conectado tamb\u00e9m nas redes sociais.\",\"sameAs\":[\"http:\/\/www.portalmf.com.br\/\",\"https:\/\/www.facebook.com\/portalmfoficial\",\"https:\/\/www.instagram.com\/portalmf\/\",\"https:\/\/x.com\/https:\/\/x.com\/portalmfoficial\",\"https:\/\/www.youtube.com\/@portalmfoficial\"],\"url\":\"https:\/\/portalmf.com.br\/index.php\/author\/junior\/\"}]}<\/script>\n<!-- \/ Yoast SEO plugin. -->","yoast_head_json":{"title":"Confirmada no Micareta 2023, M\u00e1rcia Porto canta tamb\u00e9m com Tonho Mat\u00e9ria - Portal MF","robots":{"index":"index","follow":"follow","max-snippet":"max-snippet:-1","max-image-preview":"max-image-preview:large","max-video-preview":"max-video-preview:-1"},"canonical":"https:\/\/portalmf.com.br\/index.php\/2023\/03\/31\/confirmada-no-micareta-2023-marcia-porto-canta-tambem-com-tonho-materia\/","og_locale":"pt_BR","og_type":"article","og_title":"Confirmada no Micareta 2023, M\u00e1rcia Porto canta tamb\u00e9m com Tonho Mat\u00e9ria - Portal MF","og_description":"A cantora M\u00e1rcia Porto se prepara para a Micareta de Feira 2023 com toda energia para comemorar 31 anos de folia. A cantora promete levantar poeira na avenida. \u201cAfinal s\u00e3o tr\u00eas anos sem o evento que faz parte da minha hist\u00f3ria, a hora \u00e9 de comemorar\u201d, diz a cantora. M\u00e1rcia recorda que foi a cantora [&hellip;]","og_url":"https:\/\/portalmf.com.br\/index.php\/2023\/03\/31\/confirmada-no-micareta-2023-marcia-porto-canta-tambem-com-tonho-materia\/","og_site_name":"Portal MF","article_author":"https:\/\/www.facebook.com\/portalmfoficial","article_published_time":"2023-03-31T18:52:38+00:00","article_modified_time":"2023-03-31T18:52:39+00:00","og_image":[{"width":1203,"height":900,"url":"https:\/\/portalmf.com.br\/wp-content\/uploads\/2023\/03\/Marcia-Porto-Tonho-Materia.jpg","type":"image\/jpeg"}],"author":"Reda\u00e7\u00e3o Portal MF","twitter_card":"summary_large_image","twitter_creator":"@https:\/\/x.com\/portalmfoficial","twitter_misc":{"Escrito por":"Reda\u00e7\u00e3o Portal MF","Est. tempo de leitura":"1 minuto"},"schema":{"@context":"https:\/\/schema.org","@graph":[{"@type":"WebPage","@id":"https:\/\/portalmf.com.br\/index.php\/2023\/03\/31\/confirmada-no-micareta-2023-marcia-porto-canta-tambem-com-tonho-materia\/","url":"https:\/\/portalmf.com.br\/index.php\/2023\/03\/31\/confirmada-no-micareta-2023-marcia-porto-canta-tambem-com-tonho-materia\/","name":"Confirmada no Micareta 2023, M\u00e1rcia Porto canta tamb\u00e9m com Tonho Mat\u00e9ria - Portal MF","isPartOf":{"@id":"https:\/\/portalmf.com.br\/#website"},"primaryImageOfPage":{"@id":"https:\/\/portalmf.com.br\/index.php\/2023\/03\/31\/confirmada-no-micareta-2023-marcia-porto-canta-tambem-com-tonho-materia\/#primaryimage"},"image":{"@id":"https:\/\/portalmf.com.br\/index.php\/2023\/03\/31\/confirmada-no-micareta-2023-marcia-porto-canta-tambem-com-tonho-materia\/#primaryimage"},"thumbnailUrl":"https:\/\/portalmf.com.br\/wp-content\/uploads\/2023\/03\/Marcia-Porto-Tonho-Materia.jpg","datePublished":"2023-03-31T18:52:38+00:00","dateModified":"2023-03-31T18:52:39+00:00","author":{"@id":"https:\/\/portalmf.com.br\/#\/schema\/person\/9ec101baf56233e53520c26de5d6f6f0"},"breadcrumb":{"@id":"https:\/\/portalmf.com.br\/index.php\/2023\/03\/31\/confirmada-no-micareta-2023-marcia-porto-canta-tambem-com-tonho-materia\/#breadcrumb"},"inLanguage":"pt-BR","potentialAction":[{"@type":"ReadAction","target":["https:\/\/portalmf.com.br\/index.php\/2023\/03\/31\/confirmada-no-micareta-2023-marcia-porto-canta-tambem-com-tonho-materia\/"]}]},{"@type":"ImageObject","inLanguage":"pt-BR","@id":"https:\/\/portalmf.com.br\/index.php\/2023\/03\/31\/confirmada-no-micareta-2023-marcia-porto-canta-tambem-com-tonho-materia\/#primaryimage","url":"https:\/\/portalmf.com.br\/wp-content\/uploads\/2023\/03\/Marcia-Porto-Tonho-Materia.jpg","contentUrl":"https:\/\/portalmf.com.br\/wp-content\/uploads\/2023\/03\/Marcia-Porto-Tonho-Materia.jpg","width":1203,"height":900},{"@type":"BreadcrumbList","@id":"https:\/\/portalmf.com.br\/index.php\/2023\/03\/31\/confirmada-no-micareta-2023-marcia-porto-canta-tambem-com-tonho-materia\/#breadcrumb","itemListElement":[{"@type":"ListItem","position":1,"name":"In\u00edcio","item":"https:\/\/portalmf.com.br\/"},{"@type":"ListItem","position":2,"name":"Confirmada no Micareta 2023, M\u00e1rcia Porto canta tamb\u00e9m com Tonho Mat\u00e9ria"}]},{"@type":"WebSite","@id":"https:\/\/portalmf.com.br\/#website","url":"https:\/\/portalmf.com.br\/","name":"Portal MF","description":"Voc\u00ea conectado com a informa\u00e7\u00e3o","potentialAction":[{"@type":"SearchAction","target":{"@type":"EntryPoint","urlTemplate":"https:\/\/portalmf.com.br\/?s={search_term_string}"},"query-input":"required name=search_term_string"}],"inLanguage":"pt-BR"},{"@type":"Person","@id":"https:\/\/portalmf.com.br\/#\/schema\/person\/9ec101baf56233e53520c26de5d6f6f0","name":"Reda\u00e7\u00e3o Portal MF","image":{"@type":"ImageObject","inLanguage":"pt-BR","@id":"https:\/\/portalmf.com.br\/#\/schema\/person\/image\/","url":"https:\/\/secure.gravatar.com\/avatar\/41b9aaeb2100835f7c64362330f74c7f?s=96&d=mm&r=g","contentUrl":"https:\/\/secure.gravatar.com\/avatar\/41b9aaeb2100835f7c64362330f74c7f?s=96&d=mm&r=g","caption":"Reda\u00e7\u00e3o Portal MF"},"description":"Sejam bem-vindos o portal de informa\u00e7\u00f5es de entretenimento de Feira de Santana, desde 2006 realiza coberturas dos principais eventos com entrevistas exclusivas com as principais personalidades mundiais. Fique conectado tamb\u00e9m nas redes sociais.","sameAs":["http:\/\/www.portalmf.com.br\/","https:\/\/www.facebook.com\/portalmfoficial","https:\/\/www.instagram.com\/portalmf\/","https:\/\/x.com\/https:\/\/x.com\/portalmfoficial","https:\/\/www.youtube.com\/@portalmfoficial"],"url":"https:\/\/portalmf.com.br\/index.php\/author\/junior\/"}]}},"_links":{"self":[{"href":"https:\/\/portalmf.com.br\/index.php\/wp-json\/wp\/v2\/posts\/10556"}],"collection":[{"href":"https:\/\/portalmf.com.br\/index.php\/wp-json\/wp\/v2\/posts"}],"about":[{"href":"https:\/\/portalmf.com.br\/index.php\/wp-json\/wp\/v2\/types\/post"}],"author":[{"embeddable":true,"href":"https:\/\/portalmf.com.br\/index.php\/wp-json\/wp\/v2\/users\/3"}],"replies":[{"embeddable":true,"href":"https:\/\/portalmf.com.br\/index.php\/wp-json\/wp\/v2\/comments?post=10556"}],"version-history":[{"count":1,"href":"https:\/\/portalmf.com.br\/index.php\/wp-json\/wp\/v2\/posts\/10556\/revisions"}],"predecessor-version":[{"id":10559,"href":"https:\/\/portalmf.com.br\/index.php\/wp-json\/wp\/v2\/posts\/10556\/revisions\/10559"}],"wp:featuredmedia":[{"embeddable":true,"href":"https:\/\/portalmf.com.br\/index.php\/wp-json\/wp\/v2\/media\/10558"}],"wp:attachment":[{"href":"https:\/\/portalmf.com.br\/index.php\/wp-json\/wp\/v2\/media?parent=10556"}],"wp:term":[{"taxonomy":"category","embeddable":true,"href":"https:\/\/portalmf.com.br\/index.php\/wp-json\/wp\/v2\/categories?post=10556"},{"taxonomy":"post_tag","embeddable":true,"href":"https:\/\/portalmf.com.br\/index.php\/wp-json\/wp\/v2\/tags?post=10556"}],"curies":[{"name":"wp","href":"https:\/\/api.w.org\/{rel}","templated":true}]}}