{"id":10531,"date":"2023-03-29T10:43:00","date_gmt":"2023-03-29T13:43:00","guid":{"rendered":"https:\/\/portalmf.com.br\/?p=10531"},"modified":"2023-03-30T14:50:02","modified_gmt":"2023-03-30T17:50:02","slug":"bloco-tradicional-corre-o-risco-de-nao-conseguir-se-apresentar-da-micareta-de-feira","status":"publish","type":"post","link":"https:\/\/portalmf.com.br\/index.php\/2023\/03\/29\/bloco-tradicional-corre-o-risco-de-nao-conseguir-se-apresentar-da-micareta-de-feira\/","title":{"rendered":"Bloco tradicional, corre o risco de n\u00e3o conseguir se apresentar da Micareta de Feira"},"content":{"rendered":"\n<p>Micareta de Feira voltando; e \u00e9 claro que os blocos tradicionais n\u00e3o podem ficar de fora. Mas, n\u00e3o \u00e9 bem assim, pois um deles pode sim acabar ficando sem desfilar neste ano, por falta de recursos; \u00e9 o bloco Tracaj\u00e1, que possui 18 anos de hist\u00f3ria na folia.<\/p>\n\n\n\n<p>Reginaldo Tracaj\u00e1, representante do bloco afirma que vem negociando com a Secretaria de Cultura, Esporte e Lazer; e que ter\u00e1 uma resposta em breve, para saber se o bloco vai para a rua ou n\u00e3o.<\/p>\n\n\n\n<p>&#8220;<em>Apresentei uma proposta e uma das reivindica\u00e7\u00f5es foi recusada; da\u00ed fiz uma contraproposta e estou esperando a resposta&#8221;<\/em>, afirmou ao Portal MF.<\/p>\n\n\n\n<p>O Tracaj\u00e1 \u00e9 um Bloco diferente; por ser de Fanfarra, Samba de roda e sem trio el\u00e9trico; e por isso possui dificuldade para conseguir patroc\u00ednios.<\/p>\n\n\n\n<p>O bloco tamb\u00e9m possui uma pegada s\u00f3lidaria, com a troca das suas camisas por fraldas geriatricas, que s\u00e3o todas doadas, de acordo com Reginaldo. E se de fato o seu desfile acontecer, ele ser\u00e1 no Domingo, dia 23\/04, \u00e0s 14h.<\/p>\n","protected":false},"excerpt":{"rendered":"<p>Micareta de Feira voltando; e \u00e9 claro que os blocos tradicionais n\u00e3o podem ficar de fora. Mas, n\u00e3o \u00e9 bem assim, pois um deles pode sim acabar ficando sem desfilar neste ano, por falta de recursos; \u00e9 o bloco Tracaj\u00e1, que possui 18 anos de hist\u00f3ria na folia. Reginaldo Tracaj\u00e1, representante do bloco afirma que [&hellip;]<\/p>\n","protected":false},"author":4,"featured_media":10532,"comment_status":"open","ping_status":"open","sticky":true,"template":"","format":"standard","meta":{"_monsterinsights_skip_tracking":false,"_monsterinsights_sitenote_active":false,"_monsterinsights_sitenote_note":"","_monsterinsights_sitenote_category":0,"footnotes":""},"categories":[47,39],"tags":[],"yoast_head":"<!-- This site is optimized with the Yoast SEO plugin v22.9 - https:\/\/yoast.com\/wordpress\/plugins\/seo\/ -->\n<title>Bloco tradicional, corre o risco de n\u00e3o conseguir se apresentar da Micareta de Feira - Portal MF<\/title>\n<meta name=\"robots\" content=\"index, follow, max-snippet:-1, max-image-preview:large, max-video-preview:-1\" \/>\n<link rel=\"canonical\" href=\"https:\/\/portalmf.com.br\/index.php\/2023\/03\/29\/bloco-tradicional-corre-o-risco-de-nao-conseguir-se-apresentar-da-micareta-de-feira\/\" \/>\n<meta property=\"og:locale\" content=\"pt_BR\" \/>\n<meta property=\"og:type\" content=\"article\" \/>\n<meta property=\"og:title\" content=\"Bloco tradicional, corre o risco de n\u00e3o conseguir se apresentar da Micareta de Feira - Portal MF\" \/>\n<meta property=\"og:description\" content=\"Micareta de Feira voltando; e \u00e9 claro que os blocos tradicionais n\u00e3o podem ficar de fora. Mas, n\u00e3o \u00e9 bem assim, pois um deles pode sim acabar ficando sem desfilar neste ano, por falta de recursos; \u00e9 o bloco Tracaj\u00e1, que possui 18 anos de hist\u00f3ria na folia. Reginaldo Tracaj\u00e1, representante do bloco afirma que [&hellip;]\" \/>\n<meta property=\"og:url\" content=\"https:\/\/portalmf.com.br\/index.php\/2023\/03\/29\/bloco-tradicional-corre-o-risco-de-nao-conseguir-se-apresentar-da-micareta-de-feira\/\" \/>\n<meta property=\"og:site_name\" content=\"Portal MF\" \/>\n<meta property=\"article:published_time\" content=\"2023-03-29T13:43:00+00:00\" \/>\n<meta property=\"article:modified_time\" content=\"2023-03-30T17:50:02+00:00\" \/>\n<meta property=\"og:image\" content=\"https:\/\/portalmf.com.br\/wp-content\/uploads\/2023\/03\/IMG-20230329-WA0004.jpg\" \/>\n\t<meta property=\"og:image:width\" content=\"1600\" \/>\n\t<meta property=\"og:image:height\" content=\"720\" \/>\n\t<meta property=\"og:image:type\" content=\"image\/jpeg\" \/>\n<meta name=\"author\" content=\"Erivelton Costa\" \/>\n<meta name=\"twitter:card\" content=\"summary_large_image\" \/>\n<meta name=\"twitter:label1\" content=\"Escrito por\" \/>\n\t<meta name=\"twitter:data1\" content=\"Erivelton Costa\" \/>\n\t<meta name=\"twitter:label2\" content=\"Est. tempo de leitura\" \/>\n\t<meta name=\"twitter:data2\" content=\"1 minuto\" \/>\n<script type=\"application\/ld+json\" class=\"yoast-schema-graph\">{\"@context\":\"https:\/\/schema.org\",\"@graph\":[{\"@type\":\"WebPage\",\"@id\":\"https:\/\/portalmf.com.br\/index.php\/2023\/03\/29\/bloco-tradicional-corre-o-risco-de-nao-conseguir-se-apresentar-da-micareta-de-feira\/\",\"url\":\"https:\/\/portalmf.com.br\/index.php\/2023\/03\/29\/bloco-tradicional-corre-o-risco-de-nao-conseguir-se-apresentar-da-micareta-de-feira\/\",\"name\":\"Bloco tradicional, corre o risco de n\u00e3o conseguir se apresentar da Micareta de Feira - Portal MF\",\"isPartOf\":{\"@id\":\"https:\/\/portalmf.com.br\/#website\"},\"primaryImageOfPage\":{\"@id\":\"https:\/\/portalmf.com.br\/index.php\/2023\/03\/29\/bloco-tradicional-corre-o-risco-de-nao-conseguir-se-apresentar-da-micareta-de-feira\/#primaryimage\"},\"image\":{\"@id\":\"https:\/\/portalmf.com.br\/index.php\/2023\/03\/29\/bloco-tradicional-corre-o-risco-de-nao-conseguir-se-apresentar-da-micareta-de-feira\/#primaryimage\"},\"thumbnailUrl\":\"https:\/\/portalmf.com.br\/wp-content\/uploads\/2023\/03\/IMG-20230329-WA0004.jpg\",\"datePublished\":\"2023-03-29T13:43:00+00:00\",\"dateModified\":\"2023-03-30T17:50:02+00:00\",\"author\":{\"@id\":\"https:\/\/portalmf.com.br\/#\/schema\/person\/68a086817af0e8624a5fe3aa1d520a09\"},\"breadcrumb\":{\"@id\":\"https:\/\/portalmf.com.br\/index.php\/2023\/03\/29\/bloco-tradicional-corre-o-risco-de-nao-conseguir-se-apresentar-da-micareta-de-feira\/#breadcrumb\"},\"inLanguage\":\"pt-BR\",\"potentialAction\":[{\"@type\":\"ReadAction\",\"target\":[\"https:\/\/portalmf.com.br\/index.php\/2023\/03\/29\/bloco-tradicional-corre-o-risco-de-nao-conseguir-se-apresentar-da-micareta-de-feira\/\"]}]},{\"@type\":\"ImageObject\",\"inLanguage\":\"pt-BR\",\"@id\":\"https:\/\/portalmf.com.br\/index.php\/2023\/03\/29\/bloco-tradicional-corre-o-risco-de-nao-conseguir-se-apresentar-da-micareta-de-feira\/#primaryimage\",\"url\":\"https:\/\/portalmf.com.br\/wp-content\/uploads\/2023\/03\/IMG-20230329-WA0004.jpg\",\"contentUrl\":\"https:\/\/portalmf.com.br\/wp-content\/uploads\/2023\/03\/IMG-20230329-WA0004.jpg\",\"width\":1600,\"height\":720},{\"@type\":\"BreadcrumbList\",\"@id\":\"https:\/\/portalmf.com.br\/index.php\/2023\/03\/29\/bloco-tradicional-corre-o-risco-de-nao-conseguir-se-apresentar-da-micareta-de-feira\/#breadcrumb\",\"itemListElement\":[{\"@type\":\"ListItem\",\"position\":1,\"name\":\"In\u00edcio\",\"item\":\"https:\/\/portalmf.com.br\/\"},{\"@type\":\"ListItem\",\"position\":2,\"name\":\"Bloco tradicional, corre o risco de n\u00e3o conseguir se apresentar da Micareta de Feira\"}]},{\"@type\":\"WebSite\",\"@id\":\"https:\/\/portalmf.com.br\/#website\",\"url\":\"https:\/\/portalmf.com.br\/\",\"name\":\"Portal MF\",\"description\":\"Voc\u00ea conectado com a informa\u00e7\u00e3o\",\"potentialAction\":[{\"@type\":\"SearchAction\",\"target\":{\"@type\":\"EntryPoint\",\"urlTemplate\":\"https:\/\/portalmf.com.br\/?s={search_term_string}\"},\"query-input\":\"required name=search_term_string\"}],\"inLanguage\":\"pt-BR\"},{\"@type\":\"Person\",\"@id\":\"https:\/\/portalmf.com.br\/#\/schema\/person\/68a086817af0e8624a5fe3aa1d520a09\",\"name\":\"Erivelton Costa\",\"image\":{\"@type\":\"ImageObject\",\"inLanguage\":\"pt-BR\",\"@id\":\"https:\/\/portalmf.com.br\/#\/schema\/person\/image\/\",\"url\":\"https:\/\/secure.gravatar.com\/avatar\/568bc70f6528e14005a2e78a0b61ba2e?s=96&d=mm&r=g\",\"contentUrl\":\"https:\/\/secure.gravatar.com\/avatar\/568bc70f6528e14005a2e78a0b61ba2e?s=96&d=mm&r=g\",\"caption\":\"Erivelton Costa\"},\"description\":\"Jornalista\",\"sameAs\":[\"https:\/\/portalmf.com.br\/\",\"toncostaa\"],\"url\":\"https:\/\/portalmf.com.br\/index.php\/author\/eriveltoncosta\/\"}]}<\/script>\n<!-- \/ Yoast SEO plugin. -->","yoast_head_json":{"title":"Bloco tradicional, corre o risco de n\u00e3o conseguir se apresentar da Micareta de Feira - Portal MF","robots":{"index":"index","follow":"follow","max-snippet":"max-snippet:-1","max-image-preview":"max-image-preview:large","max-video-preview":"max-video-preview:-1"},"canonical":"https:\/\/portalmf.com.br\/index.php\/2023\/03\/29\/bloco-tradicional-corre-o-risco-de-nao-conseguir-se-apresentar-da-micareta-de-feira\/","og_locale":"pt_BR","og_type":"article","og_title":"Bloco tradicional, corre o risco de n\u00e3o conseguir se apresentar da Micareta de Feira - Portal MF","og_description":"Micareta de Feira voltando; e \u00e9 claro que os blocos tradicionais n\u00e3o podem ficar de fora. Mas, n\u00e3o \u00e9 bem assim, pois um deles pode sim acabar ficando sem desfilar neste ano, por falta de recursos; \u00e9 o bloco Tracaj\u00e1, que possui 18 anos de hist\u00f3ria na folia. Reginaldo Tracaj\u00e1, representante do bloco afirma que [&hellip;]","og_url":"https:\/\/portalmf.com.br\/index.php\/2023\/03\/29\/bloco-tradicional-corre-o-risco-de-nao-conseguir-se-apresentar-da-micareta-de-feira\/","og_site_name":"Portal MF","article_published_time":"2023-03-29T13:43:00+00:00","article_modified_time":"2023-03-30T17:50:02+00:00","og_image":[{"width":1600,"height":720,"url":"https:\/\/portalmf.com.br\/wp-content\/uploads\/2023\/03\/IMG-20230329-WA0004.jpg","type":"image\/jpeg"}],"author":"Erivelton Costa","twitter_card":"summary_large_image","twitter_misc":{"Escrito por":"Erivelton Costa","Est. tempo de leitura":"1 minuto"},"schema":{"@context":"https:\/\/schema.org","@graph":[{"@type":"WebPage","@id":"https:\/\/portalmf.com.br\/index.php\/2023\/03\/29\/bloco-tradicional-corre-o-risco-de-nao-conseguir-se-apresentar-da-micareta-de-feira\/","url":"https:\/\/portalmf.com.br\/index.php\/2023\/03\/29\/bloco-tradicional-corre-o-risco-de-nao-conseguir-se-apresentar-da-micareta-de-feira\/","name":"Bloco tradicional, corre o risco de n\u00e3o conseguir se apresentar da Micareta de Feira - Portal MF","isPartOf":{"@id":"https:\/\/portalmf.com.br\/#website"},"primaryImageOfPage":{"@id":"https:\/\/portalmf.com.br\/index.php\/2023\/03\/29\/bloco-tradicional-corre-o-risco-de-nao-conseguir-se-apresentar-da-micareta-de-feira\/#primaryimage"},"image":{"@id":"https:\/\/portalmf.com.br\/index.php\/2023\/03\/29\/bloco-tradicional-corre-o-risco-de-nao-conseguir-se-apresentar-da-micareta-de-feira\/#primaryimage"},"thumbnailUrl":"https:\/\/portalmf.com.br\/wp-content\/uploads\/2023\/03\/IMG-20230329-WA0004.jpg","datePublished":"2023-03-29T13:43:00+00:00","dateModified":"2023-03-30T17:50:02+00:00","author":{"@id":"https:\/\/portalmf.com.br\/#\/schema\/person\/68a086817af0e8624a5fe3aa1d520a09"},"breadcrumb":{"@id":"https:\/\/portalmf.com.br\/index.php\/2023\/03\/29\/bloco-tradicional-corre-o-risco-de-nao-conseguir-se-apresentar-da-micareta-de-feira\/#breadcrumb"},"inLanguage":"pt-BR","potentialAction":[{"@type":"ReadAction","target":["https:\/\/portalmf.com.br\/index.php\/2023\/03\/29\/bloco-tradicional-corre-o-risco-de-nao-conseguir-se-apresentar-da-micareta-de-feira\/"]}]},{"@type":"ImageObject","inLanguage":"pt-BR","@id":"https:\/\/portalmf.com.br\/index.php\/2023\/03\/29\/bloco-tradicional-corre-o-risco-de-nao-conseguir-se-apresentar-da-micareta-de-feira\/#primaryimage","url":"https:\/\/portalmf.com.br\/wp-content\/uploads\/2023\/03\/IMG-20230329-WA0004.jpg","contentUrl":"https:\/\/portalmf.com.br\/wp-content\/uploads\/2023\/03\/IMG-20230329-WA0004.jpg","width":1600,"height":720},{"@type":"BreadcrumbList","@id":"https:\/\/portalmf.com.br\/index.php\/2023\/03\/29\/bloco-tradicional-corre-o-risco-de-nao-conseguir-se-apresentar-da-micareta-de-feira\/#breadcrumb","itemListElement":[{"@type":"ListItem","position":1,"name":"In\u00edcio","item":"https:\/\/portalmf.com.br\/"},{"@type":"ListItem","position":2,"name":"Bloco tradicional, corre o risco de n\u00e3o conseguir se apresentar da Micareta de Feira"}]},{"@type":"WebSite","@id":"https:\/\/portalmf.com.br\/#website","url":"https:\/\/portalmf.com.br\/","name":"Portal MF","description":"Voc\u00ea conectado com a informa\u00e7\u00e3o","potentialAction":[{"@type":"SearchAction","target":{"@type":"EntryPoint","urlTemplate":"https:\/\/portalmf.com.br\/?s={search_term_string}"},"query-input":"required name=search_term_string"}],"inLanguage":"pt-BR"},{"@type":"Person","@id":"https:\/\/portalmf.com.br\/#\/schema\/person\/68a086817af0e8624a5fe3aa1d520a09","name":"Erivelton Costa","image":{"@type":"ImageObject","inLanguage":"pt-BR","@id":"https:\/\/portalmf.com.br\/#\/schema\/person\/image\/","url":"https:\/\/secure.gravatar.com\/avatar\/568bc70f6528e14005a2e78a0b61ba2e?s=96&d=mm&r=g","contentUrl":"https:\/\/secure.gravatar.com\/avatar\/568bc70f6528e14005a2e78a0b61ba2e?s=96&d=mm&r=g","caption":"Erivelton Costa"},"description":"Jornalista","sameAs":["https:\/\/portalmf.com.br\/","toncostaa"],"url":"https:\/\/portalmf.com.br\/index.php\/author\/eriveltoncosta\/"}]}},"_links":{"self":[{"href":"https:\/\/portalmf.com.br\/index.php\/wp-json\/wp\/v2\/posts\/10531"}],"collection":[{"href":"https:\/\/portalmf.com.br\/index.php\/wp-json\/wp\/v2\/posts"}],"about":[{"href":"https:\/\/portalmf.com.br\/index.php\/wp-json\/wp\/v2\/types\/post"}],"author":[{"embeddable":true,"href":"https:\/\/portalmf.com.br\/index.php\/wp-json\/wp\/v2\/users\/4"}],"replies":[{"embeddable":true,"href":"https:\/\/portalmf.com.br\/index.php\/wp-json\/wp\/v2\/comments?post=10531"}],"version-history":[{"count":2,"href":"https:\/\/portalmf.com.br\/index.php\/wp-json\/wp\/v2\/posts\/10531\/revisions"}],"predecessor-version":[{"id":10542,"href":"https:\/\/portalmf.com.br\/index.php\/wp-json\/wp\/v2\/posts\/10531\/revisions\/10542"}],"wp:featuredmedia":[{"embeddable":true,"href":"https:\/\/portalmf.com.br\/index.php\/wp-json\/wp\/v2\/media\/10532"}],"wp:attachment":[{"href":"https:\/\/portalmf.com.br\/index.php\/wp-json\/wp\/v2\/media?parent=10531"}],"wp:term":[{"taxonomy":"category","embeddable":true,"href":"https:\/\/portalmf.com.br\/index.php\/wp-json\/wp\/v2\/categories?post=10531"},{"taxonomy":"post_tag","embeddable":true,"href":"https:\/\/portalmf.com.br\/index.php\/wp-json\/wp\/v2\/tags?post=10531"}],"curies":[{"name":"wp","href":"https:\/\/api.w.org\/{rel}","templated":true}]}}