{"id":10529,"date":"2023-03-30T11:32:00","date_gmt":"2023-03-30T14:32:00","guid":{"rendered":"https:\/\/portalmf.com.br\/?p=10529"},"modified":"2023-03-31T12:29:49","modified_gmt":"2023-03-31T15:29:49","slug":"feijoada-do-nilsao-celebra-15-anos-com-show-de-jau-neste-domingo","status":"publish","type":"post","link":"https:\/\/portalmf.com.br\/index.php\/2023\/03\/30\/feijoada-do-nilsao-celebra-15-anos-com-show-de-jau-neste-domingo\/","title":{"rendered":"Feijoada do Nils\u00e3o celebra 15 anos com show de Jau, neste domingo"},"content":{"rendered":"\n<p><strong>Reportagem: Reginaldo Junior \/  Portal MF<\/strong><\/p>\n\n\n\n<p>A feijoada do Nils\u00e3o completa 15 anos neste ano; e quem ganha o presente \u00e9 o p\u00fablico. Isso pelo fato de que Nils\u00e3o traz como atra\u00e7\u00f5es: Jau, Rock Sales, Jean Santana e Pagode do Segredo, para se apresentarem no Zillas Cerimonial; no pr\u00f3ximo Domingo, dia 02\/04, \u00e0s 12h.<\/p>\n\n\n\n<p>Nils\u00e3o conta que a ideia de criar a Feijoada surgiu com o sonho de fazer uma festa de anivers\u00e1rio com m\u00fasica ao vivo. E tudo tava no ponto para dar certo; afinal, Abril \u00e9 o m\u00eas em que ele fica mais velho; e o m\u00eas da Micareta.<\/p>\n\n\n\n<p>&#8220;<em>Infelizmente as coisas para a gente, nunca foram f\u00e1ceis; mas sempre persisti e lutei; e comecei com uma barraca doada pela minha irm\u00e3&#8221;<\/em>, relatou ao Portal MF.<\/p>\n\n\n\n<p>O produtor revela que no come\u00e7o pediu muita ajuda para alguns amigos; e que marcava v\u00e1rias reuni\u00f5es com eles, na busca de expans\u00e3o do neg\u00f3cio. E o ponta p\u00e9 inicial foi feito com uma panela de Mocofato feita por sua m\u00e3e, um som ao vivo feito por amigos, muita ajuda da Comunidade Irm\u00e3 Dulce, da fam\u00edlia e um carisma surreal, que prevalece at\u00e9 os dias de hoje; que \u00e9 quando a Feijoada chega como um Projeto solidificado e de enorme sucesso nas v\u00e9speras das Micaretas de Feira.<\/p>\n\n\n\n<p>O primeiro nome da festa foi &#8220;Lavagem do trailer Sob Nova Dire\u00e7\u00e3o&#8221;; e ficou assim por dois anos, at\u00e9 ganhar a famosa nomenclatura, que perdura at\u00e9 hoje; e que acabou virando grande ponto de refer\u00eancia do Bairro Vietnam.<\/p>\n\n\n\n<p>Nils\u00e3o veste a sand\u00e1lia da amizade para ser muito grato a todos que ajudaram no crescimento de sua Feijoada; e al\u00e9m de trazer Jau como principal atra\u00e7\u00e3o, neste ano, ele promete boas surpresas para quem estiver no anivers\u00e1rio de 15 anos da festa.<\/p>\n\n\n<div class=\"wp-block-image\">\n<figure class=\"aligncenter size-full\"><img fetchpriority=\"high\" decoding=\"async\" width=\"600\" height=\"314\" src=\"https:\/\/portalmf.com.br\/wp-content\/uploads\/2023\/03\/feijoada-do-nilsao-2023.jpg\" alt=\"\" class=\"wp-image-10537\" srcset=\"https:\/\/portalmf.com.br\/wp-content\/uploads\/2023\/03\/feijoada-do-nilsao-2023.jpg 600w, https:\/\/portalmf.com.br\/wp-content\/uploads\/2023\/03\/feijoada-do-nilsao-2023-300x157.jpg 300w, https:\/\/portalmf.com.br\/wp-content\/uploads\/2023\/03\/feijoada-do-nilsao-2023-585x306.jpg 585w\" sizes=\"(max-width: 600px) 100vw, 600px\" \/><\/figure><\/div>","protected":false},"excerpt":{"rendered":"<p>Reportagem: Reginaldo Junior \/ Portal MF A feijoada do Nils\u00e3o completa 15 anos neste ano; e quem ganha o presente \u00e9 o p\u00fablico. Isso pelo fato de que Nils\u00e3o traz como atra\u00e7\u00f5es: Jau, Rock Sales, Jean Santana e Pagode do Segredo, para se apresentarem no Zillas Cerimonial; no pr\u00f3ximo Domingo, dia 02\/04, \u00e0s 12h. Nils\u00e3o [&hellip;]<\/p>\n","protected":false},"author":4,"featured_media":10534,"comment_status":"open","ping_status":"open","sticky":true,"template":"","format":"standard","meta":{"_monsterinsights_skip_tracking":false,"_monsterinsights_sitenote_active":false,"_monsterinsights_sitenote_note":"","_monsterinsights_sitenote_category":0,"footnotes":""},"categories":[47,39],"tags":[],"yoast_head":"<!-- This site is optimized with the Yoast SEO plugin v22.9 - https:\/\/yoast.com\/wordpress\/plugins\/seo\/ -->\n<title>Feijoada do Nils\u00e3o celebra 15 anos com show de Jau, neste domingo - Portal MF<\/title>\n<meta name=\"robots\" content=\"index, follow, max-snippet:-1, max-image-preview:large, max-video-preview:-1\" \/>\n<link rel=\"canonical\" href=\"https:\/\/portalmf.com.br\/index.php\/2023\/03\/30\/feijoada-do-nilsao-celebra-15-anos-com-show-de-jau-neste-domingo\/\" \/>\n<meta property=\"og:locale\" content=\"pt_BR\" \/>\n<meta property=\"og:type\" content=\"article\" \/>\n<meta property=\"og:title\" content=\"Feijoada do Nils\u00e3o celebra 15 anos com show de Jau, neste domingo - Portal MF\" \/>\n<meta property=\"og:description\" content=\"Reportagem: Reginaldo Junior \/ Portal MF A feijoada do Nils\u00e3o completa 15 anos neste ano; e quem ganha o presente \u00e9 o p\u00fablico. Isso pelo fato de que Nils\u00e3o traz como atra\u00e7\u00f5es: Jau, Rock Sales, Jean Santana e Pagode do Segredo, para se apresentarem no Zillas Cerimonial; no pr\u00f3ximo Domingo, dia 02\/04, \u00e0s 12h. Nils\u00e3o [&hellip;]\" \/>\n<meta property=\"og:url\" content=\"https:\/\/portalmf.com.br\/index.php\/2023\/03\/30\/feijoada-do-nilsao-celebra-15-anos-com-show-de-jau-neste-domingo\/\" \/>\n<meta property=\"og:site_name\" content=\"Portal MF\" \/>\n<meta property=\"article:published_time\" content=\"2023-03-30T14:32:00+00:00\" \/>\n<meta property=\"article:modified_time\" content=\"2023-03-31T15:29:49+00:00\" \/>\n<meta property=\"og:image\" content=\"https:\/\/portalmf.com.br\/wp-content\/uploads\/2023\/03\/Jau_2021.jpg\" \/>\n\t<meta property=\"og:image:width\" content=\"1440\" \/>\n\t<meta property=\"og:image:height\" content=\"810\" \/>\n\t<meta property=\"og:image:type\" content=\"image\/jpeg\" \/>\n<meta name=\"author\" content=\"Erivelton Costa\" \/>\n<meta name=\"twitter:card\" content=\"summary_large_image\" \/>\n<meta name=\"twitter:label1\" content=\"Escrito por\" \/>\n\t<meta name=\"twitter:data1\" content=\"Erivelton Costa\" \/>\n<script type=\"application\/ld+json\" class=\"yoast-schema-graph\">{\"@context\":\"https:\/\/schema.org\",\"@graph\":[{\"@type\":\"WebPage\",\"@id\":\"https:\/\/portalmf.com.br\/index.php\/2023\/03\/30\/feijoada-do-nilsao-celebra-15-anos-com-show-de-jau-neste-domingo\/\",\"url\":\"https:\/\/portalmf.com.br\/index.php\/2023\/03\/30\/feijoada-do-nilsao-celebra-15-anos-com-show-de-jau-neste-domingo\/\",\"name\":\"Feijoada do Nils\u00e3o celebra 15 anos com show de Jau, neste domingo - Portal MF\",\"isPartOf\":{\"@id\":\"https:\/\/portalmf.com.br\/#website\"},\"primaryImageOfPage\":{\"@id\":\"https:\/\/portalmf.com.br\/index.php\/2023\/03\/30\/feijoada-do-nilsao-celebra-15-anos-com-show-de-jau-neste-domingo\/#primaryimage\"},\"image\":{\"@id\":\"https:\/\/portalmf.com.br\/index.php\/2023\/03\/30\/feijoada-do-nilsao-celebra-15-anos-com-show-de-jau-neste-domingo\/#primaryimage\"},\"thumbnailUrl\":\"https:\/\/portalmf.com.br\/wp-content\/uploads\/2023\/03\/Jau_2021.jpg\",\"datePublished\":\"2023-03-30T14:32:00+00:00\",\"dateModified\":\"2023-03-31T15:29:49+00:00\",\"author\":{\"@id\":\"https:\/\/portalmf.com.br\/#\/schema\/person\/68a086817af0e8624a5fe3aa1d520a09\"},\"breadcrumb\":{\"@id\":\"https:\/\/portalmf.com.br\/index.php\/2023\/03\/30\/feijoada-do-nilsao-celebra-15-anos-com-show-de-jau-neste-domingo\/#breadcrumb\"},\"inLanguage\":\"pt-BR\",\"potentialAction\":[{\"@type\":\"ReadAction\",\"target\":[\"https:\/\/portalmf.com.br\/index.php\/2023\/03\/30\/feijoada-do-nilsao-celebra-15-anos-com-show-de-jau-neste-domingo\/\"]}]},{\"@type\":\"ImageObject\",\"inLanguage\":\"pt-BR\",\"@id\":\"https:\/\/portalmf.com.br\/index.php\/2023\/03\/30\/feijoada-do-nilsao-celebra-15-anos-com-show-de-jau-neste-domingo\/#primaryimage\",\"url\":\"https:\/\/portalmf.com.br\/wp-content\/uploads\/2023\/03\/Jau_2021.jpg\",\"contentUrl\":\"https:\/\/portalmf.com.br\/wp-content\/uploads\/2023\/03\/Jau_2021.jpg\",\"width\":1440,\"height\":810},{\"@type\":\"BreadcrumbList\",\"@id\":\"https:\/\/portalmf.com.br\/index.php\/2023\/03\/30\/feijoada-do-nilsao-celebra-15-anos-com-show-de-jau-neste-domingo\/#breadcrumb\",\"itemListElement\":[{\"@type\":\"ListItem\",\"position\":1,\"name\":\"In\u00edcio\",\"item\":\"https:\/\/portalmf.com.br\/\"},{\"@type\":\"ListItem\",\"position\":2,\"name\":\"Feijoada do Nils\u00e3o celebra 15 anos com show de Jau, neste domingo\"}]},{\"@type\":\"WebSite\",\"@id\":\"https:\/\/portalmf.com.br\/#website\",\"url\":\"https:\/\/portalmf.com.br\/\",\"name\":\"Portal MF\",\"description\":\"Voc\u00ea conectado com a informa\u00e7\u00e3o\",\"potentialAction\":[{\"@type\":\"SearchAction\",\"target\":{\"@type\":\"EntryPoint\",\"urlTemplate\":\"https:\/\/portalmf.com.br\/?s={search_term_string}\"},\"query-input\":\"required name=search_term_string\"}],\"inLanguage\":\"pt-BR\"},{\"@type\":\"Person\",\"@id\":\"https:\/\/portalmf.com.br\/#\/schema\/person\/68a086817af0e8624a5fe3aa1d520a09\",\"name\":\"Erivelton Costa\",\"image\":{\"@type\":\"ImageObject\",\"inLanguage\":\"pt-BR\",\"@id\":\"https:\/\/portalmf.com.br\/#\/schema\/person\/image\/\",\"url\":\"https:\/\/secure.gravatar.com\/avatar\/568bc70f6528e14005a2e78a0b61ba2e?s=96&d=mm&r=g\",\"contentUrl\":\"https:\/\/secure.gravatar.com\/avatar\/568bc70f6528e14005a2e78a0b61ba2e?s=96&d=mm&r=g\",\"caption\":\"Erivelton Costa\"},\"description\":\"Jornalista\",\"sameAs\":[\"https:\/\/portalmf.com.br\/\",\"toncostaa\"],\"url\":\"https:\/\/portalmf.com.br\/index.php\/author\/eriveltoncosta\/\"}]}<\/script>\n<!-- \/ Yoast SEO plugin. -->","yoast_head_json":{"title":"Feijoada do Nils\u00e3o celebra 15 anos com show de Jau, neste domingo - Portal MF","robots":{"index":"index","follow":"follow","max-snippet":"max-snippet:-1","max-image-preview":"max-image-preview:large","max-video-preview":"max-video-preview:-1"},"canonical":"https:\/\/portalmf.com.br\/index.php\/2023\/03\/30\/feijoada-do-nilsao-celebra-15-anos-com-show-de-jau-neste-domingo\/","og_locale":"pt_BR","og_type":"article","og_title":"Feijoada do Nils\u00e3o celebra 15 anos com show de Jau, neste domingo - Portal MF","og_description":"Reportagem: Reginaldo Junior \/ Portal MF A feijoada do Nils\u00e3o completa 15 anos neste ano; e quem ganha o presente \u00e9 o p\u00fablico. Isso pelo fato de que Nils\u00e3o traz como atra\u00e7\u00f5es: Jau, Rock Sales, Jean Santana e Pagode do Segredo, para se apresentarem no Zillas Cerimonial; no pr\u00f3ximo Domingo, dia 02\/04, \u00e0s 12h. Nils\u00e3o [&hellip;]","og_url":"https:\/\/portalmf.com.br\/index.php\/2023\/03\/30\/feijoada-do-nilsao-celebra-15-anos-com-show-de-jau-neste-domingo\/","og_site_name":"Portal MF","article_published_time":"2023-03-30T14:32:00+00:00","article_modified_time":"2023-03-31T15:29:49+00:00","og_image":[{"width":1440,"height":810,"url":"https:\/\/portalmf.com.br\/wp-content\/uploads\/2023\/03\/Jau_2021.jpg","type":"image\/jpeg"}],"author":"Erivelton Costa","twitter_card":"summary_large_image","twitter_misc":{"Escrito por":"Erivelton Costa"},"schema":{"@context":"https:\/\/schema.org","@graph":[{"@type":"WebPage","@id":"https:\/\/portalmf.com.br\/index.php\/2023\/03\/30\/feijoada-do-nilsao-celebra-15-anos-com-show-de-jau-neste-domingo\/","url":"https:\/\/portalmf.com.br\/index.php\/2023\/03\/30\/feijoada-do-nilsao-celebra-15-anos-com-show-de-jau-neste-domingo\/","name":"Feijoada do Nils\u00e3o celebra 15 anos com show de Jau, neste domingo - Portal MF","isPartOf":{"@id":"https:\/\/portalmf.com.br\/#website"},"primaryImageOfPage":{"@id":"https:\/\/portalmf.com.br\/index.php\/2023\/03\/30\/feijoada-do-nilsao-celebra-15-anos-com-show-de-jau-neste-domingo\/#primaryimage"},"image":{"@id":"https:\/\/portalmf.com.br\/index.php\/2023\/03\/30\/feijoada-do-nilsao-celebra-15-anos-com-show-de-jau-neste-domingo\/#primaryimage"},"thumbnailUrl":"https:\/\/portalmf.com.br\/wp-content\/uploads\/2023\/03\/Jau_2021.jpg","datePublished":"2023-03-30T14:32:00+00:00","dateModified":"2023-03-31T15:29:49+00:00","author":{"@id":"https:\/\/portalmf.com.br\/#\/schema\/person\/68a086817af0e8624a5fe3aa1d520a09"},"breadcrumb":{"@id":"https:\/\/portalmf.com.br\/index.php\/2023\/03\/30\/feijoada-do-nilsao-celebra-15-anos-com-show-de-jau-neste-domingo\/#breadcrumb"},"inLanguage":"pt-BR","potentialAction":[{"@type":"ReadAction","target":["https:\/\/portalmf.com.br\/index.php\/2023\/03\/30\/feijoada-do-nilsao-celebra-15-anos-com-show-de-jau-neste-domingo\/"]}]},{"@type":"ImageObject","inLanguage":"pt-BR","@id":"https:\/\/portalmf.com.br\/index.php\/2023\/03\/30\/feijoada-do-nilsao-celebra-15-anos-com-show-de-jau-neste-domingo\/#primaryimage","url":"https:\/\/portalmf.com.br\/wp-content\/uploads\/2023\/03\/Jau_2021.jpg","contentUrl":"https:\/\/portalmf.com.br\/wp-content\/uploads\/2023\/03\/Jau_2021.jpg","width":1440,"height":810},{"@type":"BreadcrumbList","@id":"https:\/\/portalmf.com.br\/index.php\/2023\/03\/30\/feijoada-do-nilsao-celebra-15-anos-com-show-de-jau-neste-domingo\/#breadcrumb","itemListElement":[{"@type":"ListItem","position":1,"name":"In\u00edcio","item":"https:\/\/portalmf.com.br\/"},{"@type":"ListItem","position":2,"name":"Feijoada do Nils\u00e3o celebra 15 anos com show de Jau, neste domingo"}]},{"@type":"WebSite","@id":"https:\/\/portalmf.com.br\/#website","url":"https:\/\/portalmf.com.br\/","name":"Portal MF","description":"Voc\u00ea conectado com a informa\u00e7\u00e3o","potentialAction":[{"@type":"SearchAction","target":{"@type":"EntryPoint","urlTemplate":"https:\/\/portalmf.com.br\/?s={search_term_string}"},"query-input":"required name=search_term_string"}],"inLanguage":"pt-BR"},{"@type":"Person","@id":"https:\/\/portalmf.com.br\/#\/schema\/person\/68a086817af0e8624a5fe3aa1d520a09","name":"Erivelton Costa","image":{"@type":"ImageObject","inLanguage":"pt-BR","@id":"https:\/\/portalmf.com.br\/#\/schema\/person\/image\/","url":"https:\/\/secure.gravatar.com\/avatar\/568bc70f6528e14005a2e78a0b61ba2e?s=96&d=mm&r=g","contentUrl":"https:\/\/secure.gravatar.com\/avatar\/568bc70f6528e14005a2e78a0b61ba2e?s=96&d=mm&r=g","caption":"Erivelton Costa"},"description":"Jornalista","sameAs":["https:\/\/portalmf.com.br\/","toncostaa"],"url":"https:\/\/portalmf.com.br\/index.php\/author\/eriveltoncosta\/"}]}},"_links":{"self":[{"href":"https:\/\/portalmf.com.br\/index.php\/wp-json\/wp\/v2\/posts\/10529"}],"collection":[{"href":"https:\/\/portalmf.com.br\/index.php\/wp-json\/wp\/v2\/posts"}],"about":[{"href":"https:\/\/portalmf.com.br\/index.php\/wp-json\/wp\/v2\/types\/post"}],"author":[{"embeddable":true,"href":"https:\/\/portalmf.com.br\/index.php\/wp-json\/wp\/v2\/users\/4"}],"replies":[{"embeddable":true,"href":"https:\/\/portalmf.com.br\/index.php\/wp-json\/wp\/v2\/comments?post=10529"}],"version-history":[{"count":5,"href":"https:\/\/portalmf.com.br\/index.php\/wp-json\/wp\/v2\/posts\/10529\/revisions"}],"predecessor-version":[{"id":10549,"href":"https:\/\/portalmf.com.br\/index.php\/wp-json\/wp\/v2\/posts\/10529\/revisions\/10549"}],"wp:featuredmedia":[{"embeddable":true,"href":"https:\/\/portalmf.com.br\/index.php\/wp-json\/wp\/v2\/media\/10534"}],"wp:attachment":[{"href":"https:\/\/portalmf.com.br\/index.php\/wp-json\/wp\/v2\/media?parent=10529"}],"wp:term":[{"taxonomy":"category","embeddable":true,"href":"https:\/\/portalmf.com.br\/index.php\/wp-json\/wp\/v2\/categories?post=10529"},{"taxonomy":"post_tag","embeddable":true,"href":"https:\/\/portalmf.com.br\/index.php\/wp-json\/wp\/v2\/tags?post=10529"}],"curies":[{"name":"wp","href":"https:\/\/api.w.org\/{rel}","templated":true}]}}