{"id":10505,"date":"2023-03-29T01:11:45","date_gmt":"2023-03-29T04:11:45","guid":{"rendered":"https:\/\/portalmf.com.br\/?p=10505"},"modified":"2023-03-30T18:05:22","modified_gmt":"2023-03-30T21:05:22","slug":"feijoada-noite-dia-acontece-neste-sabado-em-feira-de-santana","status":"publish","type":"post","link":"https:\/\/portalmf.com.br\/index.php\/2023\/03\/29\/feijoada-noite-dia-acontece-neste-sabado-em-feira-de-santana\/","title":{"rendered":"Feijoada Noite Dia acontece neste s\u00e1bado em Feira de Santana"},"content":{"rendered":"\n<p>O clima de Micareta j\u00e1 tomou conta de Feira. As pr\u00e9vias da festa est\u00e3o a todo vapor para acontecerem. E a Feijoada Noite Dia 2023 est\u00e1 a\u00ed para comprovar isto.<\/p>\n\n\n\n<p>O evento acontecer\u00e1 no pr\u00f3ximo S\u00e1bado, dia 01\/04, \u00e0s 14h; na Ch\u00e1cara S\u00e3o Roque, Avenida N\u00f3ide Cerqueira; e contar\u00e1 com as atra\u00e7\u00f5es: Igor Rei da Farra, Quintal da Tia Carla, La F\u00faria, Timbalada, Escandurras e DJ Kadinho.<\/p>\n\n\n\n<p>Carla Pedreira, produtora do evento, afirma que neste ano a festa completa 24 edi\u00e7\u00f5es; e que ela est\u00e1 estourada. Segundo Carla, a festa precisou ser modificada do espa\u00e7o Mix para a Ch\u00e1cara S\u00e3o Roque, por ser um local maior, melhor localizado e mais confort\u00e1vel.<\/p>\n\n\n\n<p><em>&#8220;V\u00e3o ser dez horas de festa; e esperamos mais de tr\u00eas mil pessoas no dia&#8221;<\/em>, colocou ao Portal MF.<\/p>\n\n\n\n<p>A Feijoada este ano promete, pois a quantidade das atra\u00e7\u00f5es em evid\u00eancia impressiona. L\u00e1 F\u00faria e Escandurras foram sucessos no Carnaval 2023 e a Timbalada est\u00e1 vivendo um momento m\u00e1gico com os seus trinta anos.<\/p>\n\n\n\n<p>Este ano a festa n\u00e3o ser\u00e1 de camisa; apenas a Feijoada ser\u00e1 free; e os pontos de venda dos ingressos s\u00e3o: Boulevard Shopping, Balc\u00e3o Abad\u00e1 e Cia (shopping das f\u00e1bricas) e Minha entrada (on-line).<\/p>\n","protected":false},"excerpt":{"rendered":"<p>O clima de Micareta j\u00e1 tomou conta de Feira. As pr\u00e9vias da festa est\u00e3o a todo vapor para acontecerem. E a Feijoada Noite Dia 2023 est\u00e1 a\u00ed para comprovar isto. O evento acontecer\u00e1 no pr\u00f3ximo S\u00e1bado, dia 01\/04, \u00e0s 14h; na Ch\u00e1cara S\u00e3o Roque, Avenida N\u00f3ide Cerqueira; e contar\u00e1 com as atra\u00e7\u00f5es: Igor Rei da [&hellip;]<\/p>\n","protected":false},"author":4,"featured_media":5417,"comment_status":"open","ping_status":"open","sticky":true,"template":"","format":"standard","meta":{"_monsterinsights_skip_tracking":false,"_monsterinsights_sitenote_active":false,"_monsterinsights_sitenote_note":"","_monsterinsights_sitenote_category":0,"footnotes":""},"categories":[47,39],"tags":[],"yoast_head":"<!-- This site is optimized with the Yoast SEO plugin v22.9 - https:\/\/yoast.com\/wordpress\/plugins\/seo\/ -->\n<title>Feijoada Noite Dia acontece neste s\u00e1bado em Feira de Santana - Portal MF<\/title>\n<meta name=\"robots\" content=\"index, follow, max-snippet:-1, max-image-preview:large, max-video-preview:-1\" \/>\n<link rel=\"canonical\" href=\"https:\/\/portalmf.com.br\/index.php\/2023\/03\/29\/feijoada-noite-dia-acontece-neste-sabado-em-feira-de-santana\/\" \/>\n<meta property=\"og:locale\" content=\"pt_BR\" \/>\n<meta property=\"og:type\" content=\"article\" \/>\n<meta property=\"og:title\" content=\"Feijoada Noite Dia acontece neste s\u00e1bado em Feira de Santana - Portal MF\" \/>\n<meta property=\"og:description\" content=\"O clima de Micareta j\u00e1 tomou conta de Feira. As pr\u00e9vias da festa est\u00e3o a todo vapor para acontecerem. E a Feijoada Noite Dia 2023 est\u00e1 a\u00ed para comprovar isto. O evento acontecer\u00e1 no pr\u00f3ximo S\u00e1bado, dia 01\/04, \u00e0s 14h; na Ch\u00e1cara S\u00e3o Roque, Avenida N\u00f3ide Cerqueira; e contar\u00e1 com as atra\u00e7\u00f5es: Igor Rei da [&hellip;]\" \/>\n<meta property=\"og:url\" content=\"https:\/\/portalmf.com.br\/index.php\/2023\/03\/29\/feijoada-noite-dia-acontece-neste-sabado-em-feira-de-santana\/\" \/>\n<meta property=\"og:site_name\" content=\"Portal MF\" \/>\n<meta property=\"article:published_time\" content=\"2023-03-29T04:11:45+00:00\" \/>\n<meta property=\"article:modified_time\" content=\"2023-03-30T21:05:22+00:00\" \/>\n<meta property=\"og:image\" content=\"https:\/\/portalmf.com.br\/wp-content\/uploads\/2022\/10\/Bloco-Timbalada-Denny-e-Buja.jpg\" \/>\n\t<meta property=\"og:image:width\" content=\"1600\" \/>\n\t<meta property=\"og:image:height\" content=\"994\" \/>\n\t<meta property=\"og:image:type\" content=\"image\/jpeg\" \/>\n<meta name=\"author\" content=\"Erivelton Costa\" \/>\n<meta name=\"twitter:card\" content=\"summary_large_image\" \/>\n<meta name=\"twitter:label1\" content=\"Escrito por\" \/>\n\t<meta name=\"twitter:data1\" content=\"Erivelton Costa\" \/>\n\t<meta name=\"twitter:label2\" content=\"Est. tempo de leitura\" \/>\n\t<meta name=\"twitter:data2\" content=\"2 minutos\" \/>\n<script type=\"application\/ld+json\" class=\"yoast-schema-graph\">{\"@context\":\"https:\/\/schema.org\",\"@graph\":[{\"@type\":\"WebPage\",\"@id\":\"https:\/\/portalmf.com.br\/index.php\/2023\/03\/29\/feijoada-noite-dia-acontece-neste-sabado-em-feira-de-santana\/\",\"url\":\"https:\/\/portalmf.com.br\/index.php\/2023\/03\/29\/feijoada-noite-dia-acontece-neste-sabado-em-feira-de-santana\/\",\"name\":\"Feijoada Noite Dia acontece neste s\u00e1bado em Feira de Santana - Portal MF\",\"isPartOf\":{\"@id\":\"https:\/\/portalmf.com.br\/#website\"},\"primaryImageOfPage\":{\"@id\":\"https:\/\/portalmf.com.br\/index.php\/2023\/03\/29\/feijoada-noite-dia-acontece-neste-sabado-em-feira-de-santana\/#primaryimage\"},\"image\":{\"@id\":\"https:\/\/portalmf.com.br\/index.php\/2023\/03\/29\/feijoada-noite-dia-acontece-neste-sabado-em-feira-de-santana\/#primaryimage\"},\"thumbnailUrl\":\"https:\/\/portalmf.com.br\/wp-content\/uploads\/2022\/10\/Bloco-Timbalada-Denny-e-Buja.jpg\",\"datePublished\":\"2023-03-29T04:11:45+00:00\",\"dateModified\":\"2023-03-30T21:05:22+00:00\",\"author\":{\"@id\":\"https:\/\/portalmf.com.br\/#\/schema\/person\/68a086817af0e8624a5fe3aa1d520a09\"},\"breadcrumb\":{\"@id\":\"https:\/\/portalmf.com.br\/index.php\/2023\/03\/29\/feijoada-noite-dia-acontece-neste-sabado-em-feira-de-santana\/#breadcrumb\"},\"inLanguage\":\"pt-BR\",\"potentialAction\":[{\"@type\":\"ReadAction\",\"target\":[\"https:\/\/portalmf.com.br\/index.php\/2023\/03\/29\/feijoada-noite-dia-acontece-neste-sabado-em-feira-de-santana\/\"]}]},{\"@type\":\"ImageObject\",\"inLanguage\":\"pt-BR\",\"@id\":\"https:\/\/portalmf.com.br\/index.php\/2023\/03\/29\/feijoada-noite-dia-acontece-neste-sabado-em-feira-de-santana\/#primaryimage\",\"url\":\"https:\/\/portalmf.com.br\/wp-content\/uploads\/2022\/10\/Bloco-Timbalada-Denny-e-Buja.jpg\",\"contentUrl\":\"https:\/\/portalmf.com.br\/wp-content\/uploads\/2022\/10\/Bloco-Timbalada-Denny-e-Buja.jpg\",\"width\":1600,\"height\":994},{\"@type\":\"BreadcrumbList\",\"@id\":\"https:\/\/portalmf.com.br\/index.php\/2023\/03\/29\/feijoada-noite-dia-acontece-neste-sabado-em-feira-de-santana\/#breadcrumb\",\"itemListElement\":[{\"@type\":\"ListItem\",\"position\":1,\"name\":\"In\u00edcio\",\"item\":\"https:\/\/portalmf.com.br\/\"},{\"@type\":\"ListItem\",\"position\":2,\"name\":\"Feijoada Noite Dia acontece neste s\u00e1bado em Feira de Santana\"}]},{\"@type\":\"WebSite\",\"@id\":\"https:\/\/portalmf.com.br\/#website\",\"url\":\"https:\/\/portalmf.com.br\/\",\"name\":\"Portal MF\",\"description\":\"Voc\u00ea conectado com a informa\u00e7\u00e3o\",\"potentialAction\":[{\"@type\":\"SearchAction\",\"target\":{\"@type\":\"EntryPoint\",\"urlTemplate\":\"https:\/\/portalmf.com.br\/?s={search_term_string}\"},\"query-input\":\"required name=search_term_string\"}],\"inLanguage\":\"pt-BR\"},{\"@type\":\"Person\",\"@id\":\"https:\/\/portalmf.com.br\/#\/schema\/person\/68a086817af0e8624a5fe3aa1d520a09\",\"name\":\"Erivelton Costa\",\"image\":{\"@type\":\"ImageObject\",\"inLanguage\":\"pt-BR\",\"@id\":\"https:\/\/portalmf.com.br\/#\/schema\/person\/image\/\",\"url\":\"https:\/\/secure.gravatar.com\/avatar\/568bc70f6528e14005a2e78a0b61ba2e?s=96&d=mm&r=g\",\"contentUrl\":\"https:\/\/secure.gravatar.com\/avatar\/568bc70f6528e14005a2e78a0b61ba2e?s=96&d=mm&r=g\",\"caption\":\"Erivelton Costa\"},\"description\":\"Jornalista\",\"sameAs\":[\"https:\/\/portalmf.com.br\/\",\"toncostaa\"],\"url\":\"https:\/\/portalmf.com.br\/index.php\/author\/eriveltoncosta\/\"}]}<\/script>\n<!-- \/ Yoast SEO plugin. -->","yoast_head_json":{"title":"Feijoada Noite Dia acontece neste s\u00e1bado em Feira de Santana - Portal MF","robots":{"index":"index","follow":"follow","max-snippet":"max-snippet:-1","max-image-preview":"max-image-preview:large","max-video-preview":"max-video-preview:-1"},"canonical":"https:\/\/portalmf.com.br\/index.php\/2023\/03\/29\/feijoada-noite-dia-acontece-neste-sabado-em-feira-de-santana\/","og_locale":"pt_BR","og_type":"article","og_title":"Feijoada Noite Dia acontece neste s\u00e1bado em Feira de Santana - Portal MF","og_description":"O clima de Micareta j\u00e1 tomou conta de Feira. As pr\u00e9vias da festa est\u00e3o a todo vapor para acontecerem. E a Feijoada Noite Dia 2023 est\u00e1 a\u00ed para comprovar isto. O evento acontecer\u00e1 no pr\u00f3ximo S\u00e1bado, dia 01\/04, \u00e0s 14h; na Ch\u00e1cara S\u00e3o Roque, Avenida N\u00f3ide Cerqueira; e contar\u00e1 com as atra\u00e7\u00f5es: Igor Rei da [&hellip;]","og_url":"https:\/\/portalmf.com.br\/index.php\/2023\/03\/29\/feijoada-noite-dia-acontece-neste-sabado-em-feira-de-santana\/","og_site_name":"Portal MF","article_published_time":"2023-03-29T04:11:45+00:00","article_modified_time":"2023-03-30T21:05:22+00:00","og_image":[{"width":1600,"height":994,"url":"https:\/\/portalmf.com.br\/wp-content\/uploads\/2022\/10\/Bloco-Timbalada-Denny-e-Buja.jpg","type":"image\/jpeg"}],"author":"Erivelton Costa","twitter_card":"summary_large_image","twitter_misc":{"Escrito por":"Erivelton Costa","Est. tempo de leitura":"2 minutos"},"schema":{"@context":"https:\/\/schema.org","@graph":[{"@type":"WebPage","@id":"https:\/\/portalmf.com.br\/index.php\/2023\/03\/29\/feijoada-noite-dia-acontece-neste-sabado-em-feira-de-santana\/","url":"https:\/\/portalmf.com.br\/index.php\/2023\/03\/29\/feijoada-noite-dia-acontece-neste-sabado-em-feira-de-santana\/","name":"Feijoada Noite Dia acontece neste s\u00e1bado em Feira de Santana - Portal MF","isPartOf":{"@id":"https:\/\/portalmf.com.br\/#website"},"primaryImageOfPage":{"@id":"https:\/\/portalmf.com.br\/index.php\/2023\/03\/29\/feijoada-noite-dia-acontece-neste-sabado-em-feira-de-santana\/#primaryimage"},"image":{"@id":"https:\/\/portalmf.com.br\/index.php\/2023\/03\/29\/feijoada-noite-dia-acontece-neste-sabado-em-feira-de-santana\/#primaryimage"},"thumbnailUrl":"https:\/\/portalmf.com.br\/wp-content\/uploads\/2022\/10\/Bloco-Timbalada-Denny-e-Buja.jpg","datePublished":"2023-03-29T04:11:45+00:00","dateModified":"2023-03-30T21:05:22+00:00","author":{"@id":"https:\/\/portalmf.com.br\/#\/schema\/person\/68a086817af0e8624a5fe3aa1d520a09"},"breadcrumb":{"@id":"https:\/\/portalmf.com.br\/index.php\/2023\/03\/29\/feijoada-noite-dia-acontece-neste-sabado-em-feira-de-santana\/#breadcrumb"},"inLanguage":"pt-BR","potentialAction":[{"@type":"ReadAction","target":["https:\/\/portalmf.com.br\/index.php\/2023\/03\/29\/feijoada-noite-dia-acontece-neste-sabado-em-feira-de-santana\/"]}]},{"@type":"ImageObject","inLanguage":"pt-BR","@id":"https:\/\/portalmf.com.br\/index.php\/2023\/03\/29\/feijoada-noite-dia-acontece-neste-sabado-em-feira-de-santana\/#primaryimage","url":"https:\/\/portalmf.com.br\/wp-content\/uploads\/2022\/10\/Bloco-Timbalada-Denny-e-Buja.jpg","contentUrl":"https:\/\/portalmf.com.br\/wp-content\/uploads\/2022\/10\/Bloco-Timbalada-Denny-e-Buja.jpg","width":1600,"height":994},{"@type":"BreadcrumbList","@id":"https:\/\/portalmf.com.br\/index.php\/2023\/03\/29\/feijoada-noite-dia-acontece-neste-sabado-em-feira-de-santana\/#breadcrumb","itemListElement":[{"@type":"ListItem","position":1,"name":"In\u00edcio","item":"https:\/\/portalmf.com.br\/"},{"@type":"ListItem","position":2,"name":"Feijoada Noite Dia acontece neste s\u00e1bado em Feira de Santana"}]},{"@type":"WebSite","@id":"https:\/\/portalmf.com.br\/#website","url":"https:\/\/portalmf.com.br\/","name":"Portal MF","description":"Voc\u00ea conectado com a informa\u00e7\u00e3o","potentialAction":[{"@type":"SearchAction","target":{"@type":"EntryPoint","urlTemplate":"https:\/\/portalmf.com.br\/?s={search_term_string}"},"query-input":"required name=search_term_string"}],"inLanguage":"pt-BR"},{"@type":"Person","@id":"https:\/\/portalmf.com.br\/#\/schema\/person\/68a086817af0e8624a5fe3aa1d520a09","name":"Erivelton Costa","image":{"@type":"ImageObject","inLanguage":"pt-BR","@id":"https:\/\/portalmf.com.br\/#\/schema\/person\/image\/","url":"https:\/\/secure.gravatar.com\/avatar\/568bc70f6528e14005a2e78a0b61ba2e?s=96&d=mm&r=g","contentUrl":"https:\/\/secure.gravatar.com\/avatar\/568bc70f6528e14005a2e78a0b61ba2e?s=96&d=mm&r=g","caption":"Erivelton Costa"},"description":"Jornalista","sameAs":["https:\/\/portalmf.com.br\/","toncostaa"],"url":"https:\/\/portalmf.com.br\/index.php\/author\/eriveltoncosta\/"}]}},"_links":{"self":[{"href":"https:\/\/portalmf.com.br\/index.php\/wp-json\/wp\/v2\/posts\/10505"}],"collection":[{"href":"https:\/\/portalmf.com.br\/index.php\/wp-json\/wp\/v2\/posts"}],"about":[{"href":"https:\/\/portalmf.com.br\/index.php\/wp-json\/wp\/v2\/types\/post"}],"author":[{"embeddable":true,"href":"https:\/\/portalmf.com.br\/index.php\/wp-json\/wp\/v2\/users\/4"}],"replies":[{"embeddable":true,"href":"https:\/\/portalmf.com.br\/index.php\/wp-json\/wp\/v2\/comments?post=10505"}],"version-history":[{"count":3,"href":"https:\/\/portalmf.com.br\/index.php\/wp-json\/wp\/v2\/posts\/10505\/revisions"}],"predecessor-version":[{"id":10544,"href":"https:\/\/portalmf.com.br\/index.php\/wp-json\/wp\/v2\/posts\/10505\/revisions\/10544"}],"wp:featuredmedia":[{"embeddable":true,"href":"https:\/\/portalmf.com.br\/index.php\/wp-json\/wp\/v2\/media\/5417"}],"wp:attachment":[{"href":"https:\/\/portalmf.com.br\/index.php\/wp-json\/wp\/v2\/media?parent=10505"}],"wp:term":[{"taxonomy":"category","embeddable":true,"href":"https:\/\/portalmf.com.br\/index.php\/wp-json\/wp\/v2\/categories?post=10505"},{"taxonomy":"post_tag","embeddable":true,"href":"https:\/\/portalmf.com.br\/index.php\/wp-json\/wp\/v2\/tags?post=10505"}],"curies":[{"name":"wp","href":"https:\/\/api.w.org\/{rel}","templated":true}]}}