{"id":10473,"date":"2023-03-28T16:35:15","date_gmt":"2023-03-28T19:35:15","guid":{"rendered":"https:\/\/portalmf.com.br\/?p=10473"},"modified":"2023-03-28T16:35:16","modified_gmt":"2023-03-28T19:35:16","slug":"pipa-comunicacao-e-a-nova-assessoria-de-imprensa-e-pr-da-bombril","status":"publish","type":"post","link":"https:\/\/portalmf.com.br\/index.php\/2023\/03\/28\/pipa-comunicacao-e-a-nova-assessoria-de-imprensa-e-pr-da-bombril\/","title":{"rendered":"Pipa Comunica\u00e7\u00e3o \u00e9 a nova assessoria de imprensa e PR da Bombril"},"content":{"rendered":"\n<p>A ag\u00eancia baiana Pipa Comunica\u00e7\u00e3o foi a escolhida pela Bombril para assumir a assessoria de imprensa nacional da marca no ano de 2023, ap\u00f3s um processo de concorr\u00eancia que analisou ag\u00eancias de todo o pa\u00eds. A parceria foi consolidada em S\u00e3o Paulo, durante um encontro, quando se reuniram o Presidente da Bombril, Ronnie Motta, a Gerente de Marketing e Categoria da Bombril, Sofia Almeida, o especialista e respons\u00e1vel por Comunica\u00e7\u00e3o e Branding da Bombril, Jo\u00e3o Ara\u00fajo e os representantes da Pipa Comunica\u00e7\u00e3o, Pietro Ra\u00f1a e Patr\u00edcia Dornelas, que estar\u00e3o \u00e0 frente do atendimento no Brasil. <\/p>\n\n\n\n<p><em>\u201c\u00c9 uma alegria enorme nos alinharmos a uma marca t\u00e3o reconhecida e que faz hist\u00f3ria por todo o pa\u00eds. Temos um grande desafio, de seguir comunicando as a\u00e7\u00f5es e novidades; e dando continuidade a todo o trabalho que a Bombril vem realizando h\u00e1 d\u00e9cadas\u201d, <\/em>conta Pietro Ra\u00f1a. <\/p>\n\n\n\n<p>O primeiro passo dessa nova parceria j\u00e1 chega de imediato, com o fortalecimento da divulga\u00e7\u00e3o do balan\u00e7o anual de resultados da empresa, que teve recorde hist\u00f3rico de receita e EBITDA em 2022; ampliando o alcance da not\u00edcia em outras regi\u00f5es do pa\u00eds e as editorias alcan\u00e7adas.<br><br>A Pipa Comunica\u00e7\u00e3o ficar\u00e1 respons\u00e1vel pela estrat\u00e9gia de assessoria de imprensa e PR, al\u00e9m da rela\u00e7\u00e3o com ve\u00edculos e jornalistas em todas as regi\u00f5es do pa\u00eds. Al\u00e9m do institucional e corporativo da Bombril, a Pipa vai cuidar das demais marcas do portf\u00f3lio da empresa, como Mon-Bijou, Sap\u00f3lio, Pinho Bril e Kalipto. A ag\u00eancia completa 14 anos no mercado este ano e atende clientes de diversos segmentos, desde o corporativo at\u00e9 o entretenimento. REMAX Grupo Bahia, Cl\u00ednica IVI Reprodu\u00e7\u00e3o Humana, Rede Alpha Fitness e DLM Saneamento e Engenharia s\u00e3o alguns dos atuais clientes. <\/p>\n\n\n\n<p>A Pipa tamb\u00e9m j\u00e1 esteve \u00e0 frente de projetos nacionais com o Grupo Petr\u00f3polis (Itaipava), Bloco da Anitta, Ensaios da Anitta e S\u00e3o Jo\u00e3o da Bahia (Governo do Estado da Bahia).<\/p>\n","protected":false},"excerpt":{"rendered":"<p>A ag\u00eancia baiana Pipa Comunica\u00e7\u00e3o foi a escolhida pela Bombril para assumir a assessoria de imprensa nacional da marca no ano de 2023, ap\u00f3s um processo de concorr\u00eancia que analisou ag\u00eancias de todo o pa\u00eds. A parceria foi consolidada em S\u00e3o Paulo, durante um encontro, quando se reuniram o Presidente da Bombril, Ronnie Motta, a [&hellip;]<\/p>\n","protected":false},"author":3,"featured_media":10474,"comment_status":"open","ping_status":"open","sticky":false,"template":"","format":"standard","meta":{"_monsterinsights_skip_tracking":false,"_monsterinsights_sitenote_active":false,"_monsterinsights_sitenote_note":"","_monsterinsights_sitenote_category":0,"footnotes":""},"categories":[295],"tags":[],"yoast_head":"<!-- This site is optimized with the Yoast SEO plugin v22.9 - https:\/\/yoast.com\/wordpress\/plugins\/seo\/ -->\n<title>Pipa Comunica\u00e7\u00e3o \u00e9 a nova assessoria de imprensa e PR da Bombril - Portal MF<\/title>\n<meta name=\"robots\" content=\"index, follow, max-snippet:-1, max-image-preview:large, max-video-preview:-1\" \/>\n<link rel=\"canonical\" href=\"https:\/\/portalmf.com.br\/index.php\/2023\/03\/28\/pipa-comunicacao-e-a-nova-assessoria-de-imprensa-e-pr-da-bombril\/\" \/>\n<meta property=\"og:locale\" content=\"pt_BR\" \/>\n<meta property=\"og:type\" content=\"article\" \/>\n<meta property=\"og:title\" content=\"Pipa Comunica\u00e7\u00e3o \u00e9 a nova assessoria de imprensa e PR da Bombril - Portal MF\" \/>\n<meta property=\"og:description\" content=\"A ag\u00eancia baiana Pipa Comunica\u00e7\u00e3o foi a escolhida pela Bombril para assumir a assessoria de imprensa nacional da marca no ano de 2023, ap\u00f3s um processo de concorr\u00eancia que analisou ag\u00eancias de todo o pa\u00eds. A parceria foi consolidada em S\u00e3o Paulo, durante um encontro, quando se reuniram o Presidente da Bombril, Ronnie Motta, a [&hellip;]\" \/>\n<meta property=\"og:url\" content=\"https:\/\/portalmf.com.br\/index.php\/2023\/03\/28\/pipa-comunicacao-e-a-nova-assessoria-de-imprensa-e-pr-da-bombril\/\" \/>\n<meta property=\"og:site_name\" content=\"Portal MF\" \/>\n<meta property=\"article:author\" content=\"https:\/\/www.facebook.com\/portalmfoficial\" \/>\n<meta property=\"article:published_time\" content=\"2023-03-28T19:35:15+00:00\" \/>\n<meta property=\"article:modified_time\" content=\"2023-03-28T19:35:16+00:00\" \/>\n<meta property=\"og:image\" content=\"https:\/\/portalmf.com.br\/wp-content\/uploads\/2023\/03\/Patricia-Dornelas-e-Pietro-Rana-da-Pipa-Comunicacao-estarao-a-frente-do-atendimento.jpg\" \/>\n\t<meta property=\"og:image:width\" content=\"1000\" \/>\n\t<meta property=\"og:image:height\" content=\"905\" \/>\n\t<meta property=\"og:image:type\" content=\"image\/jpeg\" \/>\n<meta name=\"author\" content=\"Reda\u00e7\u00e3o Portal MF\" \/>\n<meta name=\"twitter:card\" content=\"summary_large_image\" \/>\n<meta name=\"twitter:creator\" content=\"@https:\/\/x.com\/portalmfoficial\" \/>\n<meta name=\"twitter:label1\" content=\"Escrito por\" \/>\n\t<meta name=\"twitter:data1\" content=\"Reda\u00e7\u00e3o Portal MF\" \/>\n\t<meta name=\"twitter:label2\" content=\"Est. tempo de leitura\" \/>\n\t<meta name=\"twitter:data2\" content=\"2 minutos\" \/>\n<script type=\"application\/ld+json\" class=\"yoast-schema-graph\">{\"@context\":\"https:\/\/schema.org\",\"@graph\":[{\"@type\":\"WebPage\",\"@id\":\"https:\/\/portalmf.com.br\/index.php\/2023\/03\/28\/pipa-comunicacao-e-a-nova-assessoria-de-imprensa-e-pr-da-bombril\/\",\"url\":\"https:\/\/portalmf.com.br\/index.php\/2023\/03\/28\/pipa-comunicacao-e-a-nova-assessoria-de-imprensa-e-pr-da-bombril\/\",\"name\":\"Pipa Comunica\u00e7\u00e3o \u00e9 a nova assessoria de imprensa e PR da Bombril - Portal MF\",\"isPartOf\":{\"@id\":\"https:\/\/portalmf.com.br\/#website\"},\"primaryImageOfPage\":{\"@id\":\"https:\/\/portalmf.com.br\/index.php\/2023\/03\/28\/pipa-comunicacao-e-a-nova-assessoria-de-imprensa-e-pr-da-bombril\/#primaryimage\"},\"image\":{\"@id\":\"https:\/\/portalmf.com.br\/index.php\/2023\/03\/28\/pipa-comunicacao-e-a-nova-assessoria-de-imprensa-e-pr-da-bombril\/#primaryimage\"},\"thumbnailUrl\":\"https:\/\/portalmf.com.br\/wp-content\/uploads\/2023\/03\/Patricia-Dornelas-e-Pietro-Rana-da-Pipa-Comunicacao-estarao-a-frente-do-atendimento.jpg\",\"datePublished\":\"2023-03-28T19:35:15+00:00\",\"dateModified\":\"2023-03-28T19:35:16+00:00\",\"author\":{\"@id\":\"https:\/\/portalmf.com.br\/#\/schema\/person\/9ec101baf56233e53520c26de5d6f6f0\"},\"breadcrumb\":{\"@id\":\"https:\/\/portalmf.com.br\/index.php\/2023\/03\/28\/pipa-comunicacao-e-a-nova-assessoria-de-imprensa-e-pr-da-bombril\/#breadcrumb\"},\"inLanguage\":\"pt-BR\",\"potentialAction\":[{\"@type\":\"ReadAction\",\"target\":[\"https:\/\/portalmf.com.br\/index.php\/2023\/03\/28\/pipa-comunicacao-e-a-nova-assessoria-de-imprensa-e-pr-da-bombril\/\"]}]},{\"@type\":\"ImageObject\",\"inLanguage\":\"pt-BR\",\"@id\":\"https:\/\/portalmf.com.br\/index.php\/2023\/03\/28\/pipa-comunicacao-e-a-nova-assessoria-de-imprensa-e-pr-da-bombril\/#primaryimage\",\"url\":\"https:\/\/portalmf.com.br\/wp-content\/uploads\/2023\/03\/Patricia-Dornelas-e-Pietro-Rana-da-Pipa-Comunicacao-estarao-a-frente-do-atendimento.jpg\",\"contentUrl\":\"https:\/\/portalmf.com.br\/wp-content\/uploads\/2023\/03\/Patricia-Dornelas-e-Pietro-Rana-da-Pipa-Comunicacao-estarao-a-frente-do-atendimento.jpg\",\"width\":1000,\"height\":905},{\"@type\":\"BreadcrumbList\",\"@id\":\"https:\/\/portalmf.com.br\/index.php\/2023\/03\/28\/pipa-comunicacao-e-a-nova-assessoria-de-imprensa-e-pr-da-bombril\/#breadcrumb\",\"itemListElement\":[{\"@type\":\"ListItem\",\"position\":1,\"name\":\"In\u00edcio\",\"item\":\"https:\/\/portalmf.com.br\/\"},{\"@type\":\"ListItem\",\"position\":2,\"name\":\"Pipa Comunica\u00e7\u00e3o \u00e9 a nova assessoria de imprensa e PR da Bombril\"}]},{\"@type\":\"WebSite\",\"@id\":\"https:\/\/portalmf.com.br\/#website\",\"url\":\"https:\/\/portalmf.com.br\/\",\"name\":\"Portal MF\",\"description\":\"Voc\u00ea conectado com a informa\u00e7\u00e3o\",\"potentialAction\":[{\"@type\":\"SearchAction\",\"target\":{\"@type\":\"EntryPoint\",\"urlTemplate\":\"https:\/\/portalmf.com.br\/?s={search_term_string}\"},\"query-input\":\"required name=search_term_string\"}],\"inLanguage\":\"pt-BR\"},{\"@type\":\"Person\",\"@id\":\"https:\/\/portalmf.com.br\/#\/schema\/person\/9ec101baf56233e53520c26de5d6f6f0\",\"name\":\"Reda\u00e7\u00e3o Portal MF\",\"image\":{\"@type\":\"ImageObject\",\"inLanguage\":\"pt-BR\",\"@id\":\"https:\/\/portalmf.com.br\/#\/schema\/person\/image\/\",\"url\":\"https:\/\/secure.gravatar.com\/avatar\/41b9aaeb2100835f7c64362330f74c7f?s=96&d=mm&r=g\",\"contentUrl\":\"https:\/\/secure.gravatar.com\/avatar\/41b9aaeb2100835f7c64362330f74c7f?s=96&d=mm&r=g\",\"caption\":\"Reda\u00e7\u00e3o Portal MF\"},\"description\":\"Sejam bem-vindos o portal de informa\u00e7\u00f5es de entretenimento de Feira de Santana, desde 2006 realiza coberturas dos principais eventos com entrevistas exclusivas com as principais personalidades mundiais. Fique conectado tamb\u00e9m nas redes sociais.\",\"sameAs\":[\"http:\/\/www.portalmf.com.br\/\",\"https:\/\/www.facebook.com\/portalmfoficial\",\"https:\/\/www.instagram.com\/portalmf\/\",\"https:\/\/x.com\/https:\/\/x.com\/portalmfoficial\",\"https:\/\/www.youtube.com\/@portalmfoficial\"],\"url\":\"https:\/\/portalmf.com.br\/index.php\/author\/junior\/\"}]}<\/script>\n<!-- \/ Yoast SEO plugin. -->","yoast_head_json":{"title":"Pipa Comunica\u00e7\u00e3o \u00e9 a nova assessoria de imprensa e PR da Bombril - Portal MF","robots":{"index":"index","follow":"follow","max-snippet":"max-snippet:-1","max-image-preview":"max-image-preview:large","max-video-preview":"max-video-preview:-1"},"canonical":"https:\/\/portalmf.com.br\/index.php\/2023\/03\/28\/pipa-comunicacao-e-a-nova-assessoria-de-imprensa-e-pr-da-bombril\/","og_locale":"pt_BR","og_type":"article","og_title":"Pipa Comunica\u00e7\u00e3o \u00e9 a nova assessoria de imprensa e PR da Bombril - Portal MF","og_description":"A ag\u00eancia baiana Pipa Comunica\u00e7\u00e3o foi a escolhida pela Bombril para assumir a assessoria de imprensa nacional da marca no ano de 2023, ap\u00f3s um processo de concorr\u00eancia que analisou ag\u00eancias de todo o pa\u00eds. A parceria foi consolidada em S\u00e3o Paulo, durante um encontro, quando se reuniram o Presidente da Bombril, Ronnie Motta, a [&hellip;]","og_url":"https:\/\/portalmf.com.br\/index.php\/2023\/03\/28\/pipa-comunicacao-e-a-nova-assessoria-de-imprensa-e-pr-da-bombril\/","og_site_name":"Portal MF","article_author":"https:\/\/www.facebook.com\/portalmfoficial","article_published_time":"2023-03-28T19:35:15+00:00","article_modified_time":"2023-03-28T19:35:16+00:00","og_image":[{"width":1000,"height":905,"url":"https:\/\/portalmf.com.br\/wp-content\/uploads\/2023\/03\/Patricia-Dornelas-e-Pietro-Rana-da-Pipa-Comunicacao-estarao-a-frente-do-atendimento.jpg","type":"image\/jpeg"}],"author":"Reda\u00e7\u00e3o Portal MF","twitter_card":"summary_large_image","twitter_creator":"@https:\/\/x.com\/portalmfoficial","twitter_misc":{"Escrito por":"Reda\u00e7\u00e3o Portal MF","Est. tempo de leitura":"2 minutos"},"schema":{"@context":"https:\/\/schema.org","@graph":[{"@type":"WebPage","@id":"https:\/\/portalmf.com.br\/index.php\/2023\/03\/28\/pipa-comunicacao-e-a-nova-assessoria-de-imprensa-e-pr-da-bombril\/","url":"https:\/\/portalmf.com.br\/index.php\/2023\/03\/28\/pipa-comunicacao-e-a-nova-assessoria-de-imprensa-e-pr-da-bombril\/","name":"Pipa Comunica\u00e7\u00e3o \u00e9 a nova assessoria de imprensa e PR da Bombril - Portal MF","isPartOf":{"@id":"https:\/\/portalmf.com.br\/#website"},"primaryImageOfPage":{"@id":"https:\/\/portalmf.com.br\/index.php\/2023\/03\/28\/pipa-comunicacao-e-a-nova-assessoria-de-imprensa-e-pr-da-bombril\/#primaryimage"},"image":{"@id":"https:\/\/portalmf.com.br\/index.php\/2023\/03\/28\/pipa-comunicacao-e-a-nova-assessoria-de-imprensa-e-pr-da-bombril\/#primaryimage"},"thumbnailUrl":"https:\/\/portalmf.com.br\/wp-content\/uploads\/2023\/03\/Patricia-Dornelas-e-Pietro-Rana-da-Pipa-Comunicacao-estarao-a-frente-do-atendimento.jpg","datePublished":"2023-03-28T19:35:15+00:00","dateModified":"2023-03-28T19:35:16+00:00","author":{"@id":"https:\/\/portalmf.com.br\/#\/schema\/person\/9ec101baf56233e53520c26de5d6f6f0"},"breadcrumb":{"@id":"https:\/\/portalmf.com.br\/index.php\/2023\/03\/28\/pipa-comunicacao-e-a-nova-assessoria-de-imprensa-e-pr-da-bombril\/#breadcrumb"},"inLanguage":"pt-BR","potentialAction":[{"@type":"ReadAction","target":["https:\/\/portalmf.com.br\/index.php\/2023\/03\/28\/pipa-comunicacao-e-a-nova-assessoria-de-imprensa-e-pr-da-bombril\/"]}]},{"@type":"ImageObject","inLanguage":"pt-BR","@id":"https:\/\/portalmf.com.br\/index.php\/2023\/03\/28\/pipa-comunicacao-e-a-nova-assessoria-de-imprensa-e-pr-da-bombril\/#primaryimage","url":"https:\/\/portalmf.com.br\/wp-content\/uploads\/2023\/03\/Patricia-Dornelas-e-Pietro-Rana-da-Pipa-Comunicacao-estarao-a-frente-do-atendimento.jpg","contentUrl":"https:\/\/portalmf.com.br\/wp-content\/uploads\/2023\/03\/Patricia-Dornelas-e-Pietro-Rana-da-Pipa-Comunicacao-estarao-a-frente-do-atendimento.jpg","width":1000,"height":905},{"@type":"BreadcrumbList","@id":"https:\/\/portalmf.com.br\/index.php\/2023\/03\/28\/pipa-comunicacao-e-a-nova-assessoria-de-imprensa-e-pr-da-bombril\/#breadcrumb","itemListElement":[{"@type":"ListItem","position":1,"name":"In\u00edcio","item":"https:\/\/portalmf.com.br\/"},{"@type":"ListItem","position":2,"name":"Pipa Comunica\u00e7\u00e3o \u00e9 a nova assessoria de imprensa e PR da Bombril"}]},{"@type":"WebSite","@id":"https:\/\/portalmf.com.br\/#website","url":"https:\/\/portalmf.com.br\/","name":"Portal MF","description":"Voc\u00ea conectado com a informa\u00e7\u00e3o","potentialAction":[{"@type":"SearchAction","target":{"@type":"EntryPoint","urlTemplate":"https:\/\/portalmf.com.br\/?s={search_term_string}"},"query-input":"required name=search_term_string"}],"inLanguage":"pt-BR"},{"@type":"Person","@id":"https:\/\/portalmf.com.br\/#\/schema\/person\/9ec101baf56233e53520c26de5d6f6f0","name":"Reda\u00e7\u00e3o Portal MF","image":{"@type":"ImageObject","inLanguage":"pt-BR","@id":"https:\/\/portalmf.com.br\/#\/schema\/person\/image\/","url":"https:\/\/secure.gravatar.com\/avatar\/41b9aaeb2100835f7c64362330f74c7f?s=96&d=mm&r=g","contentUrl":"https:\/\/secure.gravatar.com\/avatar\/41b9aaeb2100835f7c64362330f74c7f?s=96&d=mm&r=g","caption":"Reda\u00e7\u00e3o Portal MF"},"description":"Sejam bem-vindos o portal de informa\u00e7\u00f5es de entretenimento de Feira de Santana, desde 2006 realiza coberturas dos principais eventos com entrevistas exclusivas com as principais personalidades mundiais. Fique conectado tamb\u00e9m nas redes sociais.","sameAs":["http:\/\/www.portalmf.com.br\/","https:\/\/www.facebook.com\/portalmfoficial","https:\/\/www.instagram.com\/portalmf\/","https:\/\/x.com\/https:\/\/x.com\/portalmfoficial","https:\/\/www.youtube.com\/@portalmfoficial"],"url":"https:\/\/portalmf.com.br\/index.php\/author\/junior\/"}]}},"_links":{"self":[{"href":"https:\/\/portalmf.com.br\/index.php\/wp-json\/wp\/v2\/posts\/10473"}],"collection":[{"href":"https:\/\/portalmf.com.br\/index.php\/wp-json\/wp\/v2\/posts"}],"about":[{"href":"https:\/\/portalmf.com.br\/index.php\/wp-json\/wp\/v2\/types\/post"}],"author":[{"embeddable":true,"href":"https:\/\/portalmf.com.br\/index.php\/wp-json\/wp\/v2\/users\/3"}],"replies":[{"embeddable":true,"href":"https:\/\/portalmf.com.br\/index.php\/wp-json\/wp\/v2\/comments?post=10473"}],"version-history":[{"count":1,"href":"https:\/\/portalmf.com.br\/index.php\/wp-json\/wp\/v2\/posts\/10473\/revisions"}],"predecessor-version":[{"id":10475,"href":"https:\/\/portalmf.com.br\/index.php\/wp-json\/wp\/v2\/posts\/10473\/revisions\/10475"}],"wp:featuredmedia":[{"embeddable":true,"href":"https:\/\/portalmf.com.br\/index.php\/wp-json\/wp\/v2\/media\/10474"}],"wp:attachment":[{"href":"https:\/\/portalmf.com.br\/index.php\/wp-json\/wp\/v2\/media?parent=10473"}],"wp:term":[{"taxonomy":"category","embeddable":true,"href":"https:\/\/portalmf.com.br\/index.php\/wp-json\/wp\/v2\/categories?post=10473"},{"taxonomy":"post_tag","embeddable":true,"href":"https:\/\/portalmf.com.br\/index.php\/wp-json\/wp\/v2\/tags?post=10473"}],"curies":[{"name":"wp","href":"https:\/\/api.w.org\/{rel}","templated":true}]}}