{"id":10448,"date":"2023-04-07T10:59:00","date_gmt":"2023-04-07T13:59:00","guid":{"rendered":"https:\/\/portalmf.com.br\/?p=10448"},"modified":"2023-04-07T12:11:35","modified_gmt":"2023-04-07T15:11:35","slug":"muito-antes-que-ivete-cantor-feirense-diz-ser-precussor-em-ajudar-ambulantes-de-cima-do-trio","status":"publish","type":"post","link":"https:\/\/portalmf.com.br\/index.php\/2023\/04\/07\/muito-antes-que-ivete-cantor-feirense-diz-ser-precussor-em-ajudar-ambulantes-de-cima-do-trio\/","title":{"rendered":"Muito antes que Ivete, cantor feirense diz ser precursor em ajudar ambulantes de cima do Trio"},"content":{"rendered":"\n<p>A Micareta de Feira est\u00e1 de volta. E um dos representantes mais antigos da festa \u00e9 Paulo Bind\u00e1, cantor feirense que fez muito sucesso na folia, especialmente nos anos 90.<\/p>\n\n\n\n<p>Paulo relata ser incr\u00edvel poder participar da volta da Micareta, n\u00e3o somente por sua presen\u00e7a, mas pela parceria de todos os envolvidos. Ele comemora muito o fato de ver seu nome na grade principal da mais antiga Micareta do Brasil.<\/p>\n\n\n\n<p>O cantor confessa que v\u00ea o povo feirense como bairrista, no bom sentido; e que o feirense fica muito feliz por ver artistas da sua cidade se apresentando no seu Carnaval fora de \u00e9poca.<\/p>\n\n\n\n<p>&#8220;Eu j\u00e1 tenho 29 anos de Micareta; e \u00e9 uma grande responsabilidade tocar em um trio el\u00e9trico, pois s\u00e3o seis horas de percurso&#8221;, afirmou ao Portal MF.<\/p>\n\n\n\n<p>Dentre in\u00fameras hist\u00f3rias j\u00e1 vivenciadas na avenida, uma que marcou Bind\u00e1 foi quando em umas de suas apresenta\u00e7\u00f5es, ocorreu uma confus\u00e3o com o seu foli\u00e3o e um isopor de uma ambulante foi quebrado, por conta do tumulto. Segundo ele, ap\u00f3s seu pedido, a vendedora recebeu uma quantia em dinheiro doada por alguns foli\u00f5es.<\/p>\n\n\n\n<p>&#8220;A mulher recebeu mais dinheiro que a quantia da venda de todas as bebidas. E, recentemente, vi Ivete fazendo isto, no Carnaval de 2019 com o dinheiro dela; ou seja foram epis\u00f3dios marcantes&#8221;, relatou ao Portal MF.<\/p>\n\n\n\n<p><strong>Reportagem: Reginaldo J\u00fanior \/ Portal MF<\/strong><\/p>\n","protected":false},"excerpt":{"rendered":"<p>A Micareta de Feira est\u00e1 de volta. E um dos representantes mais antigos da festa \u00e9 Paulo Bind\u00e1, cantor feirense que fez muito sucesso na folia, especialmente nos anos 90. Paulo relata ser incr\u00edvel poder participar da volta da Micareta, n\u00e3o somente por sua presen\u00e7a, mas pela parceria de todos os envolvidos. Ele comemora muito [&hellip;]<\/p>\n","protected":false},"author":4,"featured_media":10455,"comment_status":"open","ping_status":"open","sticky":true,"template":"","format":"standard","meta":{"_monsterinsights_skip_tracking":false,"_monsterinsights_sitenote_active":false,"_monsterinsights_sitenote_note":"","_monsterinsights_sitenote_category":0,"footnotes":""},"categories":[48,39],"tags":[],"yoast_head":"<!-- This site is optimized with the Yoast SEO plugin v22.9 - https:\/\/yoast.com\/wordpress\/plugins\/seo\/ -->\n<title>Muito antes que Ivete, cantor feirense diz ser precursor em ajudar ambulantes de cima do Trio - Portal MF<\/title>\n<meta name=\"robots\" content=\"index, follow, max-snippet:-1, max-image-preview:large, max-video-preview:-1\" \/>\n<link rel=\"canonical\" href=\"https:\/\/portalmf.com.br\/index.php\/2023\/04\/07\/muito-antes-que-ivete-cantor-feirense-diz-ser-precussor-em-ajudar-ambulantes-de-cima-do-trio\/\" \/>\n<meta property=\"og:locale\" content=\"pt_BR\" \/>\n<meta property=\"og:type\" content=\"article\" \/>\n<meta property=\"og:title\" content=\"Muito antes que Ivete, cantor feirense diz ser precursor em ajudar ambulantes de cima do Trio - Portal MF\" \/>\n<meta property=\"og:description\" content=\"A Micareta de Feira est\u00e1 de volta. E um dos representantes mais antigos da festa \u00e9 Paulo Bind\u00e1, cantor feirense que fez muito sucesso na folia, especialmente nos anos 90. Paulo relata ser incr\u00edvel poder participar da volta da Micareta, n\u00e3o somente por sua presen\u00e7a, mas pela parceria de todos os envolvidos. Ele comemora muito [&hellip;]\" \/>\n<meta property=\"og:url\" content=\"https:\/\/portalmf.com.br\/index.php\/2023\/04\/07\/muito-antes-que-ivete-cantor-feirense-diz-ser-precussor-em-ajudar-ambulantes-de-cima-do-trio\/\" \/>\n<meta property=\"og:site_name\" content=\"Portal MF\" \/>\n<meta property=\"article:published_time\" content=\"2023-04-07T13:59:00+00:00\" \/>\n<meta property=\"article:modified_time\" content=\"2023-04-07T15:11:35+00:00\" \/>\n<meta property=\"og:image\" content=\"https:\/\/portalmf.com.br\/wp-content\/uploads\/2023\/03\/MICARETA-2018-PAULO-BIND_-FOTO-VALDENIR-LIMA-17.jpg\" \/>\n\t<meta property=\"og:image:width\" content=\"709\" \/>\n\t<meta property=\"og:image:height\" content=\"473\" \/>\n\t<meta property=\"og:image:type\" content=\"image\/jpeg\" \/>\n<meta name=\"author\" content=\"Erivelton Costa\" \/>\n<meta name=\"twitter:card\" content=\"summary_large_image\" \/>\n<meta name=\"twitter:label1\" content=\"Escrito por\" \/>\n\t<meta name=\"twitter:data1\" content=\"Erivelton Costa\" \/>\n\t<meta name=\"twitter:label2\" content=\"Est. tempo de leitura\" \/>\n\t<meta name=\"twitter:data2\" content=\"2 minutos\" \/>\n<script type=\"application\/ld+json\" class=\"yoast-schema-graph\">{\"@context\":\"https:\/\/schema.org\",\"@graph\":[{\"@type\":\"WebPage\",\"@id\":\"https:\/\/portalmf.com.br\/index.php\/2023\/04\/07\/muito-antes-que-ivete-cantor-feirense-diz-ser-precussor-em-ajudar-ambulantes-de-cima-do-trio\/\",\"url\":\"https:\/\/portalmf.com.br\/index.php\/2023\/04\/07\/muito-antes-que-ivete-cantor-feirense-diz-ser-precussor-em-ajudar-ambulantes-de-cima-do-trio\/\",\"name\":\"Muito antes que Ivete, cantor feirense diz ser precursor em ajudar ambulantes de cima do Trio - Portal MF\",\"isPartOf\":{\"@id\":\"https:\/\/portalmf.com.br\/#website\"},\"primaryImageOfPage\":{\"@id\":\"https:\/\/portalmf.com.br\/index.php\/2023\/04\/07\/muito-antes-que-ivete-cantor-feirense-diz-ser-precussor-em-ajudar-ambulantes-de-cima-do-trio\/#primaryimage\"},\"image\":{\"@id\":\"https:\/\/portalmf.com.br\/index.php\/2023\/04\/07\/muito-antes-que-ivete-cantor-feirense-diz-ser-precussor-em-ajudar-ambulantes-de-cima-do-trio\/#primaryimage\"},\"thumbnailUrl\":\"https:\/\/portalmf.com.br\/wp-content\/uploads\/2023\/03\/MICARETA-2018-PAULO-BIND_-FOTO-VALDENIR-LIMA-17.jpg\",\"datePublished\":\"2023-04-07T13:59:00+00:00\",\"dateModified\":\"2023-04-07T15:11:35+00:00\",\"author\":{\"@id\":\"https:\/\/portalmf.com.br\/#\/schema\/person\/68a086817af0e8624a5fe3aa1d520a09\"},\"breadcrumb\":{\"@id\":\"https:\/\/portalmf.com.br\/index.php\/2023\/04\/07\/muito-antes-que-ivete-cantor-feirense-diz-ser-precussor-em-ajudar-ambulantes-de-cima-do-trio\/#breadcrumb\"},\"inLanguage\":\"pt-BR\",\"potentialAction\":[{\"@type\":\"ReadAction\",\"target\":[\"https:\/\/portalmf.com.br\/index.php\/2023\/04\/07\/muito-antes-que-ivete-cantor-feirense-diz-ser-precussor-em-ajudar-ambulantes-de-cima-do-trio\/\"]}]},{\"@type\":\"ImageObject\",\"inLanguage\":\"pt-BR\",\"@id\":\"https:\/\/portalmf.com.br\/index.php\/2023\/04\/07\/muito-antes-que-ivete-cantor-feirense-diz-ser-precussor-em-ajudar-ambulantes-de-cima-do-trio\/#primaryimage\",\"url\":\"https:\/\/portalmf.com.br\/wp-content\/uploads\/2023\/03\/MICARETA-2018-PAULO-BIND_-FOTO-VALDENIR-LIMA-17.jpg\",\"contentUrl\":\"https:\/\/portalmf.com.br\/wp-content\/uploads\/2023\/03\/MICARETA-2018-PAULO-BIND_-FOTO-VALDENIR-LIMA-17.jpg\",\"width\":709,\"height\":473},{\"@type\":\"BreadcrumbList\",\"@id\":\"https:\/\/portalmf.com.br\/index.php\/2023\/04\/07\/muito-antes-que-ivete-cantor-feirense-diz-ser-precussor-em-ajudar-ambulantes-de-cima-do-trio\/#breadcrumb\",\"itemListElement\":[{\"@type\":\"ListItem\",\"position\":1,\"name\":\"In\u00edcio\",\"item\":\"https:\/\/portalmf.com.br\/\"},{\"@type\":\"ListItem\",\"position\":2,\"name\":\"Muito antes que Ivete, cantor feirense diz ser precursor em ajudar ambulantes de cima do Trio\"}]},{\"@type\":\"WebSite\",\"@id\":\"https:\/\/portalmf.com.br\/#website\",\"url\":\"https:\/\/portalmf.com.br\/\",\"name\":\"Portal MF\",\"description\":\"Voc\u00ea conectado com a informa\u00e7\u00e3o\",\"potentialAction\":[{\"@type\":\"SearchAction\",\"target\":{\"@type\":\"EntryPoint\",\"urlTemplate\":\"https:\/\/portalmf.com.br\/?s={search_term_string}\"},\"query-input\":\"required name=search_term_string\"}],\"inLanguage\":\"pt-BR\"},{\"@type\":\"Person\",\"@id\":\"https:\/\/portalmf.com.br\/#\/schema\/person\/68a086817af0e8624a5fe3aa1d520a09\",\"name\":\"Erivelton Costa\",\"image\":{\"@type\":\"ImageObject\",\"inLanguage\":\"pt-BR\",\"@id\":\"https:\/\/portalmf.com.br\/#\/schema\/person\/image\/\",\"url\":\"https:\/\/secure.gravatar.com\/avatar\/568bc70f6528e14005a2e78a0b61ba2e?s=96&d=mm&r=g\",\"contentUrl\":\"https:\/\/secure.gravatar.com\/avatar\/568bc70f6528e14005a2e78a0b61ba2e?s=96&d=mm&r=g\",\"caption\":\"Erivelton Costa\"},\"description\":\"Jornalista\",\"sameAs\":[\"https:\/\/portalmf.com.br\/\",\"toncostaa\"],\"url\":\"https:\/\/portalmf.com.br\/index.php\/author\/eriveltoncosta\/\"}]}<\/script>\n<!-- \/ Yoast SEO plugin. -->","yoast_head_json":{"title":"Muito antes que Ivete, cantor feirense diz ser precursor em ajudar ambulantes de cima do Trio - Portal MF","robots":{"index":"index","follow":"follow","max-snippet":"max-snippet:-1","max-image-preview":"max-image-preview:large","max-video-preview":"max-video-preview:-1"},"canonical":"https:\/\/portalmf.com.br\/index.php\/2023\/04\/07\/muito-antes-que-ivete-cantor-feirense-diz-ser-precussor-em-ajudar-ambulantes-de-cima-do-trio\/","og_locale":"pt_BR","og_type":"article","og_title":"Muito antes que Ivete, cantor feirense diz ser precursor em ajudar ambulantes de cima do Trio - Portal MF","og_description":"A Micareta de Feira est\u00e1 de volta. E um dos representantes mais antigos da festa \u00e9 Paulo Bind\u00e1, cantor feirense que fez muito sucesso na folia, especialmente nos anos 90. Paulo relata ser incr\u00edvel poder participar da volta da Micareta, n\u00e3o somente por sua presen\u00e7a, mas pela parceria de todos os envolvidos. Ele comemora muito [&hellip;]","og_url":"https:\/\/portalmf.com.br\/index.php\/2023\/04\/07\/muito-antes-que-ivete-cantor-feirense-diz-ser-precussor-em-ajudar-ambulantes-de-cima-do-trio\/","og_site_name":"Portal MF","article_published_time":"2023-04-07T13:59:00+00:00","article_modified_time":"2023-04-07T15:11:35+00:00","og_image":[{"width":709,"height":473,"url":"https:\/\/portalmf.com.br\/wp-content\/uploads\/2023\/03\/MICARETA-2018-PAULO-BIND_-FOTO-VALDENIR-LIMA-17.jpg","type":"image\/jpeg"}],"author":"Erivelton Costa","twitter_card":"summary_large_image","twitter_misc":{"Escrito por":"Erivelton Costa","Est. tempo de leitura":"2 minutos"},"schema":{"@context":"https:\/\/schema.org","@graph":[{"@type":"WebPage","@id":"https:\/\/portalmf.com.br\/index.php\/2023\/04\/07\/muito-antes-que-ivete-cantor-feirense-diz-ser-precussor-em-ajudar-ambulantes-de-cima-do-trio\/","url":"https:\/\/portalmf.com.br\/index.php\/2023\/04\/07\/muito-antes-que-ivete-cantor-feirense-diz-ser-precussor-em-ajudar-ambulantes-de-cima-do-trio\/","name":"Muito antes que Ivete, cantor feirense diz ser precursor em ajudar ambulantes de cima do Trio - Portal MF","isPartOf":{"@id":"https:\/\/portalmf.com.br\/#website"},"primaryImageOfPage":{"@id":"https:\/\/portalmf.com.br\/index.php\/2023\/04\/07\/muito-antes-que-ivete-cantor-feirense-diz-ser-precussor-em-ajudar-ambulantes-de-cima-do-trio\/#primaryimage"},"image":{"@id":"https:\/\/portalmf.com.br\/index.php\/2023\/04\/07\/muito-antes-que-ivete-cantor-feirense-diz-ser-precussor-em-ajudar-ambulantes-de-cima-do-trio\/#primaryimage"},"thumbnailUrl":"https:\/\/portalmf.com.br\/wp-content\/uploads\/2023\/03\/MICARETA-2018-PAULO-BIND_-FOTO-VALDENIR-LIMA-17.jpg","datePublished":"2023-04-07T13:59:00+00:00","dateModified":"2023-04-07T15:11:35+00:00","author":{"@id":"https:\/\/portalmf.com.br\/#\/schema\/person\/68a086817af0e8624a5fe3aa1d520a09"},"breadcrumb":{"@id":"https:\/\/portalmf.com.br\/index.php\/2023\/04\/07\/muito-antes-que-ivete-cantor-feirense-diz-ser-precussor-em-ajudar-ambulantes-de-cima-do-trio\/#breadcrumb"},"inLanguage":"pt-BR","potentialAction":[{"@type":"ReadAction","target":["https:\/\/portalmf.com.br\/index.php\/2023\/04\/07\/muito-antes-que-ivete-cantor-feirense-diz-ser-precussor-em-ajudar-ambulantes-de-cima-do-trio\/"]}]},{"@type":"ImageObject","inLanguage":"pt-BR","@id":"https:\/\/portalmf.com.br\/index.php\/2023\/04\/07\/muito-antes-que-ivete-cantor-feirense-diz-ser-precussor-em-ajudar-ambulantes-de-cima-do-trio\/#primaryimage","url":"https:\/\/portalmf.com.br\/wp-content\/uploads\/2023\/03\/MICARETA-2018-PAULO-BIND_-FOTO-VALDENIR-LIMA-17.jpg","contentUrl":"https:\/\/portalmf.com.br\/wp-content\/uploads\/2023\/03\/MICARETA-2018-PAULO-BIND_-FOTO-VALDENIR-LIMA-17.jpg","width":709,"height":473},{"@type":"BreadcrumbList","@id":"https:\/\/portalmf.com.br\/index.php\/2023\/04\/07\/muito-antes-que-ivete-cantor-feirense-diz-ser-precussor-em-ajudar-ambulantes-de-cima-do-trio\/#breadcrumb","itemListElement":[{"@type":"ListItem","position":1,"name":"In\u00edcio","item":"https:\/\/portalmf.com.br\/"},{"@type":"ListItem","position":2,"name":"Muito antes que Ivete, cantor feirense diz ser precursor em ajudar ambulantes de cima do Trio"}]},{"@type":"WebSite","@id":"https:\/\/portalmf.com.br\/#website","url":"https:\/\/portalmf.com.br\/","name":"Portal MF","description":"Voc\u00ea conectado com a informa\u00e7\u00e3o","potentialAction":[{"@type":"SearchAction","target":{"@type":"EntryPoint","urlTemplate":"https:\/\/portalmf.com.br\/?s={search_term_string}"},"query-input":"required name=search_term_string"}],"inLanguage":"pt-BR"},{"@type":"Person","@id":"https:\/\/portalmf.com.br\/#\/schema\/person\/68a086817af0e8624a5fe3aa1d520a09","name":"Erivelton Costa","image":{"@type":"ImageObject","inLanguage":"pt-BR","@id":"https:\/\/portalmf.com.br\/#\/schema\/person\/image\/","url":"https:\/\/secure.gravatar.com\/avatar\/568bc70f6528e14005a2e78a0b61ba2e?s=96&d=mm&r=g","contentUrl":"https:\/\/secure.gravatar.com\/avatar\/568bc70f6528e14005a2e78a0b61ba2e?s=96&d=mm&r=g","caption":"Erivelton Costa"},"description":"Jornalista","sameAs":["https:\/\/portalmf.com.br\/","toncostaa"],"url":"https:\/\/portalmf.com.br\/index.php\/author\/eriveltoncosta\/"}]}},"_links":{"self":[{"href":"https:\/\/portalmf.com.br\/index.php\/wp-json\/wp\/v2\/posts\/10448"}],"collection":[{"href":"https:\/\/portalmf.com.br\/index.php\/wp-json\/wp\/v2\/posts"}],"about":[{"href":"https:\/\/portalmf.com.br\/index.php\/wp-json\/wp\/v2\/types\/post"}],"author":[{"embeddable":true,"href":"https:\/\/portalmf.com.br\/index.php\/wp-json\/wp\/v2\/users\/4"}],"replies":[{"embeddable":true,"href":"https:\/\/portalmf.com.br\/index.php\/wp-json\/wp\/v2\/comments?post=10448"}],"version-history":[{"count":3,"href":"https:\/\/portalmf.com.br\/index.php\/wp-json\/wp\/v2\/posts\/10448\/revisions"}],"predecessor-version":[{"id":10820,"href":"https:\/\/portalmf.com.br\/index.php\/wp-json\/wp\/v2\/posts\/10448\/revisions\/10820"}],"wp:featuredmedia":[{"embeddable":true,"href":"https:\/\/portalmf.com.br\/index.php\/wp-json\/wp\/v2\/media\/10455"}],"wp:attachment":[{"href":"https:\/\/portalmf.com.br\/index.php\/wp-json\/wp\/v2\/media?parent=10448"}],"wp:term":[{"taxonomy":"category","embeddable":true,"href":"https:\/\/portalmf.com.br\/index.php\/wp-json\/wp\/v2\/categories?post=10448"},{"taxonomy":"post_tag","embeddable":true,"href":"https:\/\/portalmf.com.br\/index.php\/wp-json\/wp\/v2\/tags?post=10448"}],"curies":[{"name":"wp","href":"https:\/\/api.w.org\/{rel}","templated":true}]}}