{"id":10397,"date":"2023-03-23T17:53:39","date_gmt":"2023-03-23T20:53:39","guid":{"rendered":"https:\/\/portalmf.com.br\/?p=10397"},"modified":"2023-03-24T17:55:04","modified_gmt":"2023-03-24T20:55:04","slug":"costa-do-sauipe-anuncia-novo-grand-premium-brisa-e-shows-com-bell-marques-e-grandes-nomes-da-musica","status":"publish","type":"post","link":"https:\/\/portalmf.com.br\/index.php\/2023\/03\/23\/costa-do-sauipe-anuncia-novo-grand-premium-brisa-e-shows-com-bell-marques-e-grandes-nomes-da-musica\/","title":{"rendered":"Costa do Sau\u00edpe anuncia novo Grand Premium Brisa e shows com Bell Marques e grandes nomes da m\u00fasica"},"content":{"rendered":"\n<p>A&nbsp;<strong>Aviva<\/strong>, plataforma de entretenimento detentora dos destinos&nbsp;<strong>Costa do Sau\u00edpe (BA)<\/strong>, Rio Quente Resorts (GO) e do parque aqu\u00e1tico Hot Park, apresentou ao mercado o&nbsp;<strong>novo posicionamento do Grand Premium Brisa<\/strong>, seu resort de mais alto padr\u00e3o no complexo baiano. Entre as novidades est\u00e1 uma parceria com a marca de mixologia APTK by Al\u00ea D\u2019Agostino para uma nova carta de drinks e a&nbsp;<strong>volta dos grandes shows<\/strong>&nbsp;no local com nomes ic\u00f4nicos&nbsp;<strong>como Bell Marques<\/strong>.<\/p>\n\n\n\n<p>&#8220;O ano de 2023 come\u00e7ou em modo turbo para a Aviva. Depois do melhor janeiro de todos os tempos para as marcas Hot Park, com a inaugura\u00e7\u00e3o da atra\u00e7\u00e3o radical Turbilhados, e Aviva Vacation Club, garantindo o sucesso do modelo timeshare, a Costa do Sau\u00edpe tamb\u00e9m vive um novo momento muito importante&#8221;, afirma Alessandro Cunha, CEO da Aviva.<\/p>\n\n\n\n<p>&#8220;O investimento de cerca de R$ 100 milh\u00f5es no complexo desde que a Aviva o assumiu, em 2018, j\u00e1 nos trouxe \u00f3timos resultados e tanto a inaugura\u00e7\u00e3o do Grand Premium Brisa quanto o an\u00fancio dos novos shows em&nbsp;<strong>parceria com a Oquei Entretenimento<\/strong>&nbsp;coroam esse novo momento, celebrando a baianidade com o melhor da Experi\u00eancia Aviva&#8221;, completa o executivo.<\/p>\n\n\n\n<p><strong>Grand Premium Brisa<\/strong><\/p>\n\n\n\n<p>O complexo Costa do Sau\u00edpe, no litoral norte da Bahia, conta hoje com quatro diferentes op\u00e7\u00f5es de hospedagem. Na categoria Sau\u00edpe Resorts, s\u00e3o dois \u2013 Ala Terra e Ala Mar \u2013 e a categoria Premium agora tem somente a Ala Sol, j\u00e1 que a Ala Brisa ganhou uma atualiza\u00e7\u00e3o aprimorada e inaugurou a nova categoria Grand Premium.<\/p>\n\n\n\n<p>Com 198 su\u00edtes, o Grand Premium Brisa passou por uma renova\u00e7\u00e3o em duas etapas, que se iniciou em 2019 com importantes mudan\u00e7as estruturais e foi finalizada no fim de 2022, j\u00e1 em recupera\u00e7\u00e3o p\u00f3s-pandemia, com altera\u00e7\u00f5es significativas em servi\u00e7o e gastronomia.<\/p>\n\n\n\n<p>A nova experi\u00eancia j\u00e1 pode ser percebida no momento da chegada, quando h\u00f3spedes s\u00e3o recebidos com m\u00fasica suave e brasileira, servi\u00e7o de oshibori \u2013 toalhinhas de m\u00e3o frescas e perfumadas \u2013 e cheiro marcante de alfazema, al\u00e9m de \u00e1gua de coco e \u00e1guas aromatizadas \u00e0 disposi\u00e7\u00e3o.<\/p>\n\n\n\n<p>Apesar da exclusiva piscina de borda infinita chamar a aten\u00e7\u00e3o e garantir \u00f3timas fotos para as redes sociais dos h\u00f3spedes, o destaque deste &#8220;retrofit&#8221; fica para a&nbsp;<strong>alta gastronomia<\/strong>, com itens nobres e saud\u00e1veis. O card\u00e1pio \u00e9 variado, com menus diversificados que atendem a todos os gostos, al\u00e9m de ter um cuidado genu\u00edno na sele\u00e7\u00e3o e preparo dos ingredientes. Com base na cultura brasileira, a gastronomia do Grand Premium Brisa entrega, inclusive, momentos de entretenimento exclusivo em bares e restaurantes.<\/p>\n\n\n\n<p>Exemplo da integra\u00e7\u00e3o de entretenimento e gastronomia, as noites tem\u00e1ticas no restaurante \u00d4 Mainha s\u00e3o uma verdadeira viagem pela hist\u00f3ria da gastronomia brasileira, desde o per\u00edodo das navega\u00e7\u00f5es, com uma noite portuguesa, passando por menus com influ\u00eancia ind\u00edgena e de outras culturas, como africanas e europeias, finalizando com uma noite tem\u00e1tica com o que h\u00e1 de melhor na culin\u00e1ria baiana. Outro exemplo, desta vez para as crian\u00e7as, \u00e9 o \u201cbom dia animado\u201d que acontece quando personagens da Turminha da Zooeira \u2013 grupo de animais animados que promovem entretenimento educativo \u2013 passam pelo restaurante, com muita m\u00fasica e divers\u00e3o.<\/p>\n\n\n\n<p>Al\u00e9m das refei\u00e7\u00f5es no restaurante, o hotel oferece servi\u00e7os de gastronomia em outras \u00e1reas, como no bar da piscina, com especialidades baianas e itens saud\u00e1veis e em ilhas tem\u00e1ticas com frutos do mar e carnes nobres, coquet\u00e9is e petiscos customizados. Um servi\u00e7o volante serve pratos especiais no restaurante e petiscos e picol\u00e9s na piscina. Todos os dias, um ch\u00e1 da tarde tamb\u00e9m \u00e9 servido no lobby, pr\u00f3ximo ao Costeira Lounge Bar.<\/p>\n\n\n\n<p>\u00c9 neste bar, com vista para a piscina e sentindo a brisa do mar que d\u00e1 nome ao hotel, que h\u00f3spedes j\u00e1 podem desfrutar de mais de 15 op\u00e7\u00f5es de coquet\u00e9is com diferentes cores, formas e aromas. A&nbsp;<strong>nova carta de drinks<\/strong>&nbsp;\u00e9 assinada pela&nbsp;<strong>APTK<\/strong>, com receitas desenvolvidas pelo&nbsp;<strong>mixologista Al\u00ea D\u2019Agostino<\/strong>, um dos nomes mais conhecidos da alta coquetelaria brasileira.<\/p>\n\n\n\n<p>Especialmente para este novo momento do Grand Premium Brisa, na Costa do Sau\u00edpe, foi desenvolvida uma carta personalizada, que traz drinks como Negroni, Moscow Mule e Clericot e releituras exclusivas, com a cara da Bahia, de outros cl\u00e1ssicos. O Brisa Cosmo, por exemplo, \u00e9 uma vers\u00e3o do Cosmopolitan que tem acerola como ingrediente principal. O Bahia Colada \u00e9 uma mistura refrescante de frutas tropicais regionais: a manga e o abacaxi. E o Sau\u00edpe Spritz traz o frescor do Brisa que a Bahia pede: maracuj\u00e1, hortel\u00e3 e um toque especial da alta mixologia APTK. Todos os drinks est\u00e3o dispon\u00edveis no sistema all-inclusive.<\/p>\n\n\n\n<p>Os amplos e confort\u00e1veis apartamentos t\u00eam decora\u00e7\u00e3o tropical, com &#8220;cama dos sonhos&#8221; king size, edredon macio e travesseiros com diferentes texturas, densidades e alturas, agradando a todos os tipos de h\u00f3spedes que buscam nada menos do que h\u00e1 de melhor. O tamb\u00e9m amplo banheiro segue a tem\u00e1tica e traz amenities de alta qualidade com mensagens acolhedoras \u2013 caracter\u00edstica da hospitalidade baiana \u2013 em suas embalagens. Toda sinaliza\u00e7\u00e3o do complexo, inclusive, segue a comunica\u00e7\u00e3o afetuosa e informal.<\/p>\n\n\n\n<p>A brinquedoteca e a copa da fam\u00edlia seguem o tema marinho e colorido, a convite da baleia L\u00e9ia e da tartaruga Marina, da Turminha da Zooeira, e contam com materiais naturais e sustent\u00e1veis e paredes criativas. Al\u00e9m disso, um frald\u00e1rio com itens de higiene fica \u00e0 disposi\u00e7\u00e3o na \u00e1rea da piscina.<\/p>\n\n\n\n<p>Quem se hospeda do Grand Premium Brisa tem acesso \u00e0s piscinas e \u00e1reas comuns de todas as outras alas, al\u00e9m de benef\u00edcios na Vila Nova da Praia e na Quermesse da Vila \u2013 \u00e1reas tem\u00e1ticas que representam, respectivamente, o centrinho de uma cidade pequena e um parque de divers\u00f5es no interior. Ao mesmo tempo, podem ter conforto e estilo em \u00e1reas reservadas somente para quem \u00e9 h\u00f3spede do Grand Premium.<\/p>\n\n\n\n<p><strong>A volta dos grandes shows \u00e0 Costa do Sau\u00edpe<\/strong><\/p>\n\n\n\n<p>No fim de fevereiro, a Aviva reuniu seus principais parceiros do setor de turismo em seu empreendimento no litoral norte da Bahia para apresentar as novidades do Grand Premium Brisa durante o evento Aviva Celebra e anunciou uma outra novidade.<\/p>\n\n\n\n<p>Em parceria com a Oquei Entretenimento, reconhecida empresa do ramo na Bahia, o empreendimento anunciou que a Costa do Sau\u00edpe ter\u00e1, em 2023, uma repleta agenda de shows, de pequeno, m\u00e9dio e grande portes, ao longo do ano. Antes da apresenta\u00e7\u00e3o de Adelmo Cas\u00e9 e banda Negra Cor, foi anunciado o primeiro grande nome, Bell Marques, ainda sem data confirmada. Outros nomes devem ser anunciados em breve.<\/p>\n\n\n\n<p>&#8220;Estamos muito contentes com a retomada da parceria com a Oquei Entretenimento para concretizar em Costa do Sau\u00edpe o prop\u00f3sito da Aviva, como plataforma de entretenimento total, de promover em seus destinos experi\u00eancias inesquec\u00edveis. Este ano trar\u00e1 muitas novidades e estamos ansiosos para compartilhar com o p\u00fablico baiano&#8221;, completa Oliver Krause, gerente geral corporativo de Entretenimento e Parques da Aviva.<\/p>\n\n\n\n<p><strong>Sobre a Aviva<\/strong><\/p>\n\n\n\n<p>A Aviva j\u00e1 nasceu gigante, com o prop\u00f3sito de promover experi\u00eancias \u00fanicas e momentos inesquec\u00edveis. A plataforma de entretenimento detentora do Rio Quente, Costa do Sau\u00edpe e Hot Park tem em seu DNA o objetivo de fazer fam\u00edlias felizes em para\u00edsos integrados \u00e0 natureza, oferecendo hospitalidade, gastronomia, lazer e divers\u00e3o. O Rio Quente Parques e Resorts tem seis hot\u00e9is cercados de natureza e \u00e9 abastecido por fontes de \u00e1guas quentes, assim como o parque aqu\u00e1tico Hot Park, eleito um dos melhores parques do mundo que conta com mais de 15 atra\u00e7\u00f5es radicais em 55 mil m\u00b2. O complexo Costa do Sau\u00edpe inclui quatro hot\u00e9is all-inclusive \u00e0 beira-mar que refletem a beleza e a cultura da Bahia, al\u00e9m de \u00e1rea tem\u00e1tica e gastronomia de qualidade. A Aviva foi precursora no modelo de timeshare no Brasil e, por meio do Aviva Vacation Club oferece servi\u00e7os exclusivos em seus destinos. Para mais informa\u00e7\u00f5es, acesse&nbsp;<a href=\"https:\/\/aviva.com.br\/\" target=\"_blank\" rel=\"noreferrer noopener\">https:\/\/aviva.com.br<\/a>.<\/p>\n","protected":false},"excerpt":{"rendered":"<p>A&nbsp;Aviva, plataforma de entretenimento detentora dos destinos&nbsp;Costa do Sau\u00edpe (BA), Rio Quente Resorts (GO) e do parque aqu\u00e1tico Hot Park, apresentou ao mercado o&nbsp;novo posicionamento do Grand Premium Brisa, seu resort de mais alto padr\u00e3o no complexo baiano. Entre as novidades est\u00e1 uma parceria com a marca de mixologia APTK by Al\u00ea D\u2019Agostino para uma [&hellip;]<\/p>\n","protected":false},"author":3,"featured_media":10398,"comment_status":"open","ping_status":"open","sticky":false,"template":"","format":"standard","meta":{"_monsterinsights_skip_tracking":false,"_monsterinsights_sitenote_active":false,"_monsterinsights_sitenote_note":"","_monsterinsights_sitenote_category":0,"footnotes":""},"categories":[295],"tags":[],"yoast_head":"<!-- This site is optimized with the Yoast SEO plugin v22.9 - https:\/\/yoast.com\/wordpress\/plugins\/seo\/ -->\n<title>Costa do Sau\u00edpe anuncia novo Grand Premium Brisa e shows com Bell Marques e grandes nomes da m\u00fasica - Portal MF<\/title>\n<meta name=\"robots\" content=\"index, follow, max-snippet:-1, max-image-preview:large, max-video-preview:-1\" \/>\n<link rel=\"canonical\" href=\"https:\/\/portalmf.com.br\/index.php\/2023\/03\/23\/costa-do-sauipe-anuncia-novo-grand-premium-brisa-e-shows-com-bell-marques-e-grandes-nomes-da-musica\/\" \/>\n<meta property=\"og:locale\" content=\"pt_BR\" \/>\n<meta property=\"og:type\" content=\"article\" \/>\n<meta property=\"og:title\" content=\"Costa do Sau\u00edpe anuncia novo Grand Premium Brisa e shows com Bell Marques e grandes nomes da m\u00fasica - Portal MF\" \/>\n<meta property=\"og:description\" content=\"A&nbsp;Aviva, plataforma de entretenimento detentora dos destinos&nbsp;Costa do Sau\u00edpe (BA), Rio Quente Resorts (GO) e do parque aqu\u00e1tico Hot Park, apresentou ao mercado o&nbsp;novo posicionamento do Grand Premium Brisa, seu resort de mais alto padr\u00e3o no complexo baiano. Entre as novidades est\u00e1 uma parceria com a marca de mixologia APTK by Al\u00ea D\u2019Agostino para uma [&hellip;]\" \/>\n<meta property=\"og:url\" content=\"https:\/\/portalmf.com.br\/index.php\/2023\/03\/23\/costa-do-sauipe-anuncia-novo-grand-premium-brisa-e-shows-com-bell-marques-e-grandes-nomes-da-musica\/\" \/>\n<meta property=\"og:site_name\" content=\"Portal MF\" \/>\n<meta property=\"article:author\" content=\"https:\/\/www.facebook.com\/portalmfoficial\" \/>\n<meta property=\"article:published_time\" content=\"2023-03-23T20:53:39+00:00\" \/>\n<meta property=\"article:modified_time\" content=\"2023-03-24T20:55:04+00:00\" \/>\n<meta property=\"og:image\" content=\"https:\/\/portalmf.com.br\/wp-content\/uploads\/2023\/03\/Costa-do-Sauipe-Foto-Raul-Aragao.jpg\" \/>\n\t<meta property=\"og:image:width\" content=\"1000\" \/>\n\t<meta property=\"og:image:height\" content=\"666\" \/>\n\t<meta property=\"og:image:type\" content=\"image\/jpeg\" \/>\n<meta name=\"author\" content=\"Reda\u00e7\u00e3o Portal MF\" \/>\n<meta name=\"twitter:card\" content=\"summary_large_image\" \/>\n<meta name=\"twitter:creator\" content=\"@https:\/\/x.com\/portalmfoficial\" \/>\n<meta name=\"twitter:label1\" content=\"Escrito por\" \/>\n\t<meta name=\"twitter:data1\" content=\"Reda\u00e7\u00e3o Portal MF\" \/>\n\t<meta name=\"twitter:label2\" content=\"Est. tempo de leitura\" \/>\n\t<meta name=\"twitter:data2\" content=\"8 minutos\" \/>\n<script type=\"application\/ld+json\" class=\"yoast-schema-graph\">{\"@context\":\"https:\/\/schema.org\",\"@graph\":[{\"@type\":\"WebPage\",\"@id\":\"https:\/\/portalmf.com.br\/index.php\/2023\/03\/23\/costa-do-sauipe-anuncia-novo-grand-premium-brisa-e-shows-com-bell-marques-e-grandes-nomes-da-musica\/\",\"url\":\"https:\/\/portalmf.com.br\/index.php\/2023\/03\/23\/costa-do-sauipe-anuncia-novo-grand-premium-brisa-e-shows-com-bell-marques-e-grandes-nomes-da-musica\/\",\"name\":\"Costa do Sau\u00edpe anuncia novo Grand Premium Brisa e shows com Bell Marques e grandes nomes da m\u00fasica - Portal MF\",\"isPartOf\":{\"@id\":\"https:\/\/portalmf.com.br\/#website\"},\"primaryImageOfPage\":{\"@id\":\"https:\/\/portalmf.com.br\/index.php\/2023\/03\/23\/costa-do-sauipe-anuncia-novo-grand-premium-brisa-e-shows-com-bell-marques-e-grandes-nomes-da-musica\/#primaryimage\"},\"image\":{\"@id\":\"https:\/\/portalmf.com.br\/index.php\/2023\/03\/23\/costa-do-sauipe-anuncia-novo-grand-premium-brisa-e-shows-com-bell-marques-e-grandes-nomes-da-musica\/#primaryimage\"},\"thumbnailUrl\":\"https:\/\/portalmf.com.br\/wp-content\/uploads\/2023\/03\/Costa-do-Sauipe-Foto-Raul-Aragao.jpg\",\"datePublished\":\"2023-03-23T20:53:39+00:00\",\"dateModified\":\"2023-03-24T20:55:04+00:00\",\"author\":{\"@id\":\"https:\/\/portalmf.com.br\/#\/schema\/person\/9ec101baf56233e53520c26de5d6f6f0\"},\"breadcrumb\":{\"@id\":\"https:\/\/portalmf.com.br\/index.php\/2023\/03\/23\/costa-do-sauipe-anuncia-novo-grand-premium-brisa-e-shows-com-bell-marques-e-grandes-nomes-da-musica\/#breadcrumb\"},\"inLanguage\":\"pt-BR\",\"potentialAction\":[{\"@type\":\"ReadAction\",\"target\":[\"https:\/\/portalmf.com.br\/index.php\/2023\/03\/23\/costa-do-sauipe-anuncia-novo-grand-premium-brisa-e-shows-com-bell-marques-e-grandes-nomes-da-musica\/\"]}]},{\"@type\":\"ImageObject\",\"inLanguage\":\"pt-BR\",\"@id\":\"https:\/\/portalmf.com.br\/index.php\/2023\/03\/23\/costa-do-sauipe-anuncia-novo-grand-premium-brisa-e-shows-com-bell-marques-e-grandes-nomes-da-musica\/#primaryimage\",\"url\":\"https:\/\/portalmf.com.br\/wp-content\/uploads\/2023\/03\/Costa-do-Sauipe-Foto-Raul-Aragao.jpg\",\"contentUrl\":\"https:\/\/portalmf.com.br\/wp-content\/uploads\/2023\/03\/Costa-do-Sauipe-Foto-Raul-Aragao.jpg\",\"width\":1000,\"height\":666,\"caption\":\"Foto: Raul Arag\u00e3o\"},{\"@type\":\"BreadcrumbList\",\"@id\":\"https:\/\/portalmf.com.br\/index.php\/2023\/03\/23\/costa-do-sauipe-anuncia-novo-grand-premium-brisa-e-shows-com-bell-marques-e-grandes-nomes-da-musica\/#breadcrumb\",\"itemListElement\":[{\"@type\":\"ListItem\",\"position\":1,\"name\":\"In\u00edcio\",\"item\":\"https:\/\/portalmf.com.br\/\"},{\"@type\":\"ListItem\",\"position\":2,\"name\":\"Costa do Sau\u00edpe anuncia novo Grand Premium Brisa e shows com Bell Marques e grandes nomes da m\u00fasica\"}]},{\"@type\":\"WebSite\",\"@id\":\"https:\/\/portalmf.com.br\/#website\",\"url\":\"https:\/\/portalmf.com.br\/\",\"name\":\"Portal MF\",\"description\":\"Voc\u00ea conectado com a informa\u00e7\u00e3o\",\"potentialAction\":[{\"@type\":\"SearchAction\",\"target\":{\"@type\":\"EntryPoint\",\"urlTemplate\":\"https:\/\/portalmf.com.br\/?s={search_term_string}\"},\"query-input\":\"required name=search_term_string\"}],\"inLanguage\":\"pt-BR\"},{\"@type\":\"Person\",\"@id\":\"https:\/\/portalmf.com.br\/#\/schema\/person\/9ec101baf56233e53520c26de5d6f6f0\",\"name\":\"Reda\u00e7\u00e3o Portal MF\",\"image\":{\"@type\":\"ImageObject\",\"inLanguage\":\"pt-BR\",\"@id\":\"https:\/\/portalmf.com.br\/#\/schema\/person\/image\/\",\"url\":\"https:\/\/secure.gravatar.com\/avatar\/41b9aaeb2100835f7c64362330f74c7f?s=96&d=mm&r=g\",\"contentUrl\":\"https:\/\/secure.gravatar.com\/avatar\/41b9aaeb2100835f7c64362330f74c7f?s=96&d=mm&r=g\",\"caption\":\"Reda\u00e7\u00e3o Portal MF\"},\"description\":\"Sejam bem-vindos o portal de informa\u00e7\u00f5es de entretenimento de Feira de Santana, desde 2006 realiza coberturas dos principais eventos com entrevistas exclusivas com as principais personalidades mundiais. Fique conectado tamb\u00e9m nas redes sociais.\",\"sameAs\":[\"http:\/\/www.portalmf.com.br\/\",\"https:\/\/www.facebook.com\/portalmfoficial\",\"https:\/\/www.instagram.com\/portalmf\/\",\"https:\/\/x.com\/https:\/\/x.com\/portalmfoficial\",\"https:\/\/www.youtube.com\/@portalmfoficial\"],\"url\":\"https:\/\/portalmf.com.br\/index.php\/author\/junior\/\"}]}<\/script>\n<!-- \/ Yoast SEO plugin. -->","yoast_head_json":{"title":"Costa do Sau\u00edpe anuncia novo Grand Premium Brisa e shows com Bell Marques e grandes nomes da m\u00fasica - Portal MF","robots":{"index":"index","follow":"follow","max-snippet":"max-snippet:-1","max-image-preview":"max-image-preview:large","max-video-preview":"max-video-preview:-1"},"canonical":"https:\/\/portalmf.com.br\/index.php\/2023\/03\/23\/costa-do-sauipe-anuncia-novo-grand-premium-brisa-e-shows-com-bell-marques-e-grandes-nomes-da-musica\/","og_locale":"pt_BR","og_type":"article","og_title":"Costa do Sau\u00edpe anuncia novo Grand Premium Brisa e shows com Bell Marques e grandes nomes da m\u00fasica - Portal MF","og_description":"A&nbsp;Aviva, plataforma de entretenimento detentora dos destinos&nbsp;Costa do Sau\u00edpe (BA), Rio Quente Resorts (GO) e do parque aqu\u00e1tico Hot Park, apresentou ao mercado o&nbsp;novo posicionamento do Grand Premium Brisa, seu resort de mais alto padr\u00e3o no complexo baiano. Entre as novidades est\u00e1 uma parceria com a marca de mixologia APTK by Al\u00ea D\u2019Agostino para uma [&hellip;]","og_url":"https:\/\/portalmf.com.br\/index.php\/2023\/03\/23\/costa-do-sauipe-anuncia-novo-grand-premium-brisa-e-shows-com-bell-marques-e-grandes-nomes-da-musica\/","og_site_name":"Portal MF","article_author":"https:\/\/www.facebook.com\/portalmfoficial","article_published_time":"2023-03-23T20:53:39+00:00","article_modified_time":"2023-03-24T20:55:04+00:00","og_image":[{"width":1000,"height":666,"url":"https:\/\/portalmf.com.br\/wp-content\/uploads\/2023\/03\/Costa-do-Sauipe-Foto-Raul-Aragao.jpg","type":"image\/jpeg"}],"author":"Reda\u00e7\u00e3o Portal MF","twitter_card":"summary_large_image","twitter_creator":"@https:\/\/x.com\/portalmfoficial","twitter_misc":{"Escrito por":"Reda\u00e7\u00e3o Portal MF","Est. tempo de leitura":"8 minutos"},"schema":{"@context":"https:\/\/schema.org","@graph":[{"@type":"WebPage","@id":"https:\/\/portalmf.com.br\/index.php\/2023\/03\/23\/costa-do-sauipe-anuncia-novo-grand-premium-brisa-e-shows-com-bell-marques-e-grandes-nomes-da-musica\/","url":"https:\/\/portalmf.com.br\/index.php\/2023\/03\/23\/costa-do-sauipe-anuncia-novo-grand-premium-brisa-e-shows-com-bell-marques-e-grandes-nomes-da-musica\/","name":"Costa do Sau\u00edpe anuncia novo Grand Premium Brisa e shows com Bell Marques e grandes nomes da m\u00fasica - Portal MF","isPartOf":{"@id":"https:\/\/portalmf.com.br\/#website"},"primaryImageOfPage":{"@id":"https:\/\/portalmf.com.br\/index.php\/2023\/03\/23\/costa-do-sauipe-anuncia-novo-grand-premium-brisa-e-shows-com-bell-marques-e-grandes-nomes-da-musica\/#primaryimage"},"image":{"@id":"https:\/\/portalmf.com.br\/index.php\/2023\/03\/23\/costa-do-sauipe-anuncia-novo-grand-premium-brisa-e-shows-com-bell-marques-e-grandes-nomes-da-musica\/#primaryimage"},"thumbnailUrl":"https:\/\/portalmf.com.br\/wp-content\/uploads\/2023\/03\/Costa-do-Sauipe-Foto-Raul-Aragao.jpg","datePublished":"2023-03-23T20:53:39+00:00","dateModified":"2023-03-24T20:55:04+00:00","author":{"@id":"https:\/\/portalmf.com.br\/#\/schema\/person\/9ec101baf56233e53520c26de5d6f6f0"},"breadcrumb":{"@id":"https:\/\/portalmf.com.br\/index.php\/2023\/03\/23\/costa-do-sauipe-anuncia-novo-grand-premium-brisa-e-shows-com-bell-marques-e-grandes-nomes-da-musica\/#breadcrumb"},"inLanguage":"pt-BR","potentialAction":[{"@type":"ReadAction","target":["https:\/\/portalmf.com.br\/index.php\/2023\/03\/23\/costa-do-sauipe-anuncia-novo-grand-premium-brisa-e-shows-com-bell-marques-e-grandes-nomes-da-musica\/"]}]},{"@type":"ImageObject","inLanguage":"pt-BR","@id":"https:\/\/portalmf.com.br\/index.php\/2023\/03\/23\/costa-do-sauipe-anuncia-novo-grand-premium-brisa-e-shows-com-bell-marques-e-grandes-nomes-da-musica\/#primaryimage","url":"https:\/\/portalmf.com.br\/wp-content\/uploads\/2023\/03\/Costa-do-Sauipe-Foto-Raul-Aragao.jpg","contentUrl":"https:\/\/portalmf.com.br\/wp-content\/uploads\/2023\/03\/Costa-do-Sauipe-Foto-Raul-Aragao.jpg","width":1000,"height":666,"caption":"Foto: Raul Arag\u00e3o"},{"@type":"BreadcrumbList","@id":"https:\/\/portalmf.com.br\/index.php\/2023\/03\/23\/costa-do-sauipe-anuncia-novo-grand-premium-brisa-e-shows-com-bell-marques-e-grandes-nomes-da-musica\/#breadcrumb","itemListElement":[{"@type":"ListItem","position":1,"name":"In\u00edcio","item":"https:\/\/portalmf.com.br\/"},{"@type":"ListItem","position":2,"name":"Costa do Sau\u00edpe anuncia novo Grand Premium Brisa e shows com Bell Marques e grandes nomes da m\u00fasica"}]},{"@type":"WebSite","@id":"https:\/\/portalmf.com.br\/#website","url":"https:\/\/portalmf.com.br\/","name":"Portal MF","description":"Voc\u00ea conectado com a informa\u00e7\u00e3o","potentialAction":[{"@type":"SearchAction","target":{"@type":"EntryPoint","urlTemplate":"https:\/\/portalmf.com.br\/?s={search_term_string}"},"query-input":"required name=search_term_string"}],"inLanguage":"pt-BR"},{"@type":"Person","@id":"https:\/\/portalmf.com.br\/#\/schema\/person\/9ec101baf56233e53520c26de5d6f6f0","name":"Reda\u00e7\u00e3o Portal MF","image":{"@type":"ImageObject","inLanguage":"pt-BR","@id":"https:\/\/portalmf.com.br\/#\/schema\/person\/image\/","url":"https:\/\/secure.gravatar.com\/avatar\/41b9aaeb2100835f7c64362330f74c7f?s=96&d=mm&r=g","contentUrl":"https:\/\/secure.gravatar.com\/avatar\/41b9aaeb2100835f7c64362330f74c7f?s=96&d=mm&r=g","caption":"Reda\u00e7\u00e3o Portal MF"},"description":"Sejam bem-vindos o portal de informa\u00e7\u00f5es de entretenimento de Feira de Santana, desde 2006 realiza coberturas dos principais eventos com entrevistas exclusivas com as principais personalidades mundiais. Fique conectado tamb\u00e9m nas redes sociais.","sameAs":["http:\/\/www.portalmf.com.br\/","https:\/\/www.facebook.com\/portalmfoficial","https:\/\/www.instagram.com\/portalmf\/","https:\/\/x.com\/https:\/\/x.com\/portalmfoficial","https:\/\/www.youtube.com\/@portalmfoficial"],"url":"https:\/\/portalmf.com.br\/index.php\/author\/junior\/"}]}},"_links":{"self":[{"href":"https:\/\/portalmf.com.br\/index.php\/wp-json\/wp\/v2\/posts\/10397"}],"collection":[{"href":"https:\/\/portalmf.com.br\/index.php\/wp-json\/wp\/v2\/posts"}],"about":[{"href":"https:\/\/portalmf.com.br\/index.php\/wp-json\/wp\/v2\/types\/post"}],"author":[{"embeddable":true,"href":"https:\/\/portalmf.com.br\/index.php\/wp-json\/wp\/v2\/users\/3"}],"replies":[{"embeddable":true,"href":"https:\/\/portalmf.com.br\/index.php\/wp-json\/wp\/v2\/comments?post=10397"}],"version-history":[{"count":1,"href":"https:\/\/portalmf.com.br\/index.php\/wp-json\/wp\/v2\/posts\/10397\/revisions"}],"predecessor-version":[{"id":10399,"href":"https:\/\/portalmf.com.br\/index.php\/wp-json\/wp\/v2\/posts\/10397\/revisions\/10399"}],"wp:featuredmedia":[{"embeddable":true,"href":"https:\/\/portalmf.com.br\/index.php\/wp-json\/wp\/v2\/media\/10398"}],"wp:attachment":[{"href":"https:\/\/portalmf.com.br\/index.php\/wp-json\/wp\/v2\/media?parent=10397"}],"wp:term":[{"taxonomy":"category","embeddable":true,"href":"https:\/\/portalmf.com.br\/index.php\/wp-json\/wp\/v2\/categories?post=10397"},{"taxonomy":"post_tag","embeddable":true,"href":"https:\/\/portalmf.com.br\/index.php\/wp-json\/wp\/v2\/tags?post=10397"}],"curies":[{"name":"wp","href":"https:\/\/api.w.org\/{rel}","templated":true}]}}