{"id":10320,"date":"2023-03-23T15:47:59","date_gmt":"2023-03-23T18:47:59","guid":{"rendered":"https:\/\/portalmf.com.br\/?p=10320"},"modified":"2023-03-23T15:48:02","modified_gmt":"2023-03-23T18:48:02","slug":"russo-passapusso-desilude-sobre-participacao-da-baianasystem-na-micareta-de-feira","status":"publish","type":"post","link":"https:\/\/portalmf.com.br\/index.php\/2023\/03\/23\/russo-passapusso-desilude-sobre-participacao-da-baianasystem-na-micareta-de-feira\/","title":{"rendered":"Russo Passapusso desilude sobre participa\u00e7\u00e3o da BaianaSystem na Micareta de Feira"},"content":{"rendered":"\n<p>O cantor Russo Passapusso compareceu, na noite desta quarta-feira (22) em Salvador, da pr\u00e9-estreia do filme \u201cO Rio do Desejo\u201d, no Cine Metha Glauber Rocha, e falou a Micareta de Feira, seus projetos individuais e tamb\u00e9m com a banda BaianaSystem, fen\u00f4meno cada vez mais consolidado no carnaval de Salvador.<\/p>\n\n\n\n<p>Em entrevista ao site Bahia Not\u00edcias e para a tristeza dos f\u00e3s de BaianaSystem em Feira de Santana, Russo Passapusso praticamente descartou a possibilidade da banda participar da micareta da cidade, que ocorrer\u00e1 entre os dias 20 e 23 de abril deste ano.<\/p>\n\n\n\n<p><em>\u201cEu acho que n\u00e3o vai rolar a Micareta de Feira. Porque, depois do carnaval, o Baiana desemprega todo mundo. Todo mundo entra em seus projetos pessoais, ent\u00e3o o Baiana est\u00e1 mesmo arrumando a casa. Foi muito de surpresa para a gente esse processo. A gente nunca fez micareta. Sempre fez carnaval. As pessoas conhecem o trabalho que a gente faz. A gente n\u00e3o entra pelo show. A gente entra pela hist\u00f3ria, principalmente em festas que s\u00e3o manifesta\u00e7\u00f5es, que s\u00e3o ritos de passagem\u201d,<\/em>&nbsp;disse o vocalista do BaianaSystem.<\/p>\n\n\n\n<p>Russo, entretanto, deixou claro que pretende produzir algo especial junto com a banda para apresentar em Feira de Santana. Para isso, entretanto, o artista avalia que ser\u00e1 necess\u00e1rio um tempo maior, para preparar algo \u00e0 altura da import\u00e2ncia do munic\u00edpio em que ele nasceu.<\/p>\n\n\n\n<p><em>\u201cPara a gente, \u00e9 pensar em trabalhar para entregar uma coisa como a gente faz em Salvador. Eu sou filho de Feira de Santana e, para mim, \u00e9 muito importante a gente levar um material cl\u00e1ssico, important\u00edssimo, para l\u00e1. Como aconteceu dessa forma, a gente prefere primeiro arrumar a casa e entender\u201d,<\/em>&nbsp;disse Passapusso, em tom de promessa.<\/p>\n\n\n\n<p><em>\u201cDepois do carnaval, todo mundo saiu. Eu fui entrar l\u00e1 no Alto da Maravilha, que \u00e9 um trabalho que eu estou fazendo com Ant\u00f4nio Carlos e Jocafi. Era um disco que eu queria j\u00e1 estar lan\u00e7ando h\u00e1 muito tempo e, como eu fui para esse trabalho \u2014 que \u00e9 preciso ter muito cuidado, porque trata-se do legado da m\u00fasica baiana \u2014 eu n\u00e3o posso agora largar um lado para fazer outro. A gente precisa produzir bem, produzir direito, para que seja um presente mesmo para Feira de Santana\u201d,<\/em>&nbsp;complementou.<\/p>\n\n\n\n<p><strong>OLODUM BAIANA<\/strong><\/p>\n\n\n\n<p>Questionado sobre uma poss\u00edvel turn\u00ea conjunta do BaianSystem com o grupo Olodum, Russo Passapusso afirmou estar na torcida para que o projeto caminhe para frente. A jun\u00e7\u00e3o, apelidada de Olodumbaiana, fez sucesso na parceria apresentada durante o Festival de Ver\u00e3o de 2023, em Salvador.<\/p>\n\n\n\n<p><em>\u201cTomara! Na real, os m\u00fasicos querem tocar, o projeto est\u00e1 pronto e a gente quer que a galera tenha a iniciativa de fazer esse processo, porque trata muito dessa acupuntura cultural, mostrar para as pessoas que hoje pode ter um processo coletivo. Trabalhar com Olodum, com Mal\u00ea Debal\u00ea, com Muzenza, com Did\u00e1\u201d,<\/em>&nbsp;afirmou Passapusso, que incentivou que as novas bandas da m\u00fasica brasileira chamem os blocos afros para parcerias.<\/p>\n\n\n\n<p><em>\u201cBora, bandas das novas gera\u00e7\u00f5es, chamem essas pessoas, misturem com cada vez mais gente, botem os tambores para falar. Vamos entender que a gente n\u00e3o alcan\u00e7ou o futuro do que essas pessoas que passaram fizeram\u201d,<\/em>&nbsp;finalizou.<\/p>\n\n\n\n<p>Com informa\u00e7\u00f5es do Bahia Noticias<\/p>\n","protected":false},"excerpt":{"rendered":"<p>O cantor Russo Passapusso compareceu, na noite desta quarta-feira (22) em Salvador, da pr\u00e9-estreia do filme \u201cO Rio do Desejo\u201d, no Cine Metha Glauber Rocha, e falou a Micareta de Feira, seus projetos individuais e tamb\u00e9m com a banda BaianaSystem, fen\u00f4meno cada vez mais consolidado no carnaval de Salvador. Em entrevista ao site Bahia Not\u00edcias [&hellip;]<\/p>\n","protected":false},"author":3,"featured_media":10313,"comment_status":"open","ping_status":"open","sticky":false,"template":"","format":"standard","meta":{"_monsterinsights_skip_tracking":false,"_monsterinsights_sitenote_active":false,"_monsterinsights_sitenote_note":"","_monsterinsights_sitenote_category":0,"footnotes":""},"categories":[47,39],"tags":[],"yoast_head":"<!-- This site is optimized with the Yoast SEO plugin v22.9 - https:\/\/yoast.com\/wordpress\/plugins\/seo\/ -->\n<title>Russo Passapusso desilude sobre participa\u00e7\u00e3o da BaianaSystem na Micareta de Feira - Portal MF<\/title>\n<meta name=\"robots\" content=\"index, follow, max-snippet:-1, max-image-preview:large, max-video-preview:-1\" \/>\n<link rel=\"canonical\" href=\"https:\/\/portalmf.com.br\/index.php\/2023\/03\/23\/russo-passapusso-desilude-sobre-participacao-da-baianasystem-na-micareta-de-feira\/\" \/>\n<meta property=\"og:locale\" content=\"pt_BR\" \/>\n<meta property=\"og:type\" content=\"article\" \/>\n<meta property=\"og:title\" content=\"Russo Passapusso desilude sobre participa\u00e7\u00e3o da BaianaSystem na Micareta de Feira - Portal MF\" \/>\n<meta property=\"og:description\" content=\"O cantor Russo Passapusso compareceu, na noite desta quarta-feira (22) em Salvador, da pr\u00e9-estreia do filme \u201cO Rio do Desejo\u201d, no Cine Metha Glauber Rocha, e falou a Micareta de Feira, seus projetos individuais e tamb\u00e9m com a banda BaianaSystem, fen\u00f4meno cada vez mais consolidado no carnaval de Salvador. Em entrevista ao site Bahia Not\u00edcias [&hellip;]\" \/>\n<meta property=\"og:url\" content=\"https:\/\/portalmf.com.br\/index.php\/2023\/03\/23\/russo-passapusso-desilude-sobre-participacao-da-baianasystem-na-micareta-de-feira\/\" \/>\n<meta property=\"og:site_name\" content=\"Portal MF\" \/>\n<meta property=\"article:author\" content=\"https:\/\/www.facebook.com\/portalmfoficial\" \/>\n<meta property=\"article:published_time\" content=\"2023-03-23T18:47:59+00:00\" \/>\n<meta property=\"article:modified_time\" content=\"2023-03-23T18:48:02+00:00\" \/>\n<meta property=\"og:image\" content=\"https:\/\/portalmf.com.br\/wp-content\/uploads\/2023\/03\/BaianaSystem.jpg\" \/>\n\t<meta property=\"og:image:width\" content=\"1920\" \/>\n\t<meta property=\"og:image:height\" content=\"1279\" \/>\n\t<meta property=\"og:image:type\" content=\"image\/jpeg\" \/>\n<meta name=\"author\" content=\"Reda\u00e7\u00e3o Portal MF\" \/>\n<meta name=\"twitter:card\" content=\"summary_large_image\" \/>\n<meta name=\"twitter:creator\" content=\"@https:\/\/x.com\/portalmfoficial\" \/>\n<meta name=\"twitter:label1\" content=\"Escrito por\" \/>\n\t<meta name=\"twitter:data1\" content=\"Reda\u00e7\u00e3o Portal MF\" \/>\n\t<meta name=\"twitter:label2\" content=\"Est. tempo de leitura\" \/>\n\t<meta name=\"twitter:data2\" content=\"3 minutos\" \/>\n<script type=\"application\/ld+json\" class=\"yoast-schema-graph\">{\"@context\":\"https:\/\/schema.org\",\"@graph\":[{\"@type\":\"WebPage\",\"@id\":\"https:\/\/portalmf.com.br\/index.php\/2023\/03\/23\/russo-passapusso-desilude-sobre-participacao-da-baianasystem-na-micareta-de-feira\/\",\"url\":\"https:\/\/portalmf.com.br\/index.php\/2023\/03\/23\/russo-passapusso-desilude-sobre-participacao-da-baianasystem-na-micareta-de-feira\/\",\"name\":\"Russo Passapusso desilude sobre participa\u00e7\u00e3o da BaianaSystem na Micareta de Feira - Portal MF\",\"isPartOf\":{\"@id\":\"https:\/\/portalmf.com.br\/#website\"},\"primaryImageOfPage\":{\"@id\":\"https:\/\/portalmf.com.br\/index.php\/2023\/03\/23\/russo-passapusso-desilude-sobre-participacao-da-baianasystem-na-micareta-de-feira\/#primaryimage\"},\"image\":{\"@id\":\"https:\/\/portalmf.com.br\/index.php\/2023\/03\/23\/russo-passapusso-desilude-sobre-participacao-da-baianasystem-na-micareta-de-feira\/#primaryimage\"},\"thumbnailUrl\":\"https:\/\/portalmf.com.br\/wp-content\/uploads\/2023\/03\/BaianaSystem.jpg\",\"datePublished\":\"2023-03-23T18:47:59+00:00\",\"dateModified\":\"2023-03-23T18:48:02+00:00\",\"author\":{\"@id\":\"https:\/\/portalmf.com.br\/#\/schema\/person\/9ec101baf56233e53520c26de5d6f6f0\"},\"breadcrumb\":{\"@id\":\"https:\/\/portalmf.com.br\/index.php\/2023\/03\/23\/russo-passapusso-desilude-sobre-participacao-da-baianasystem-na-micareta-de-feira\/#breadcrumb\"},\"inLanguage\":\"pt-BR\",\"potentialAction\":[{\"@type\":\"ReadAction\",\"target\":[\"https:\/\/portalmf.com.br\/index.php\/2023\/03\/23\/russo-passapusso-desilude-sobre-participacao-da-baianasystem-na-micareta-de-feira\/\"]}]},{\"@type\":\"ImageObject\",\"inLanguage\":\"pt-BR\",\"@id\":\"https:\/\/portalmf.com.br\/index.php\/2023\/03\/23\/russo-passapusso-desilude-sobre-participacao-da-baianasystem-na-micareta-de-feira\/#primaryimage\",\"url\":\"https:\/\/portalmf.com.br\/wp-content\/uploads\/2023\/03\/BaianaSystem.jpg\",\"contentUrl\":\"https:\/\/portalmf.com.br\/wp-content\/uploads\/2023\/03\/BaianaSystem.jpg\",\"width\":1920,\"height\":1279},{\"@type\":\"BreadcrumbList\",\"@id\":\"https:\/\/portalmf.com.br\/index.php\/2023\/03\/23\/russo-passapusso-desilude-sobre-participacao-da-baianasystem-na-micareta-de-feira\/#breadcrumb\",\"itemListElement\":[{\"@type\":\"ListItem\",\"position\":1,\"name\":\"In\u00edcio\",\"item\":\"https:\/\/portalmf.com.br\/\"},{\"@type\":\"ListItem\",\"position\":2,\"name\":\"Russo Passapusso desilude sobre participa\u00e7\u00e3o da BaianaSystem na Micareta de Feira\"}]},{\"@type\":\"WebSite\",\"@id\":\"https:\/\/portalmf.com.br\/#website\",\"url\":\"https:\/\/portalmf.com.br\/\",\"name\":\"Portal MF\",\"description\":\"Voc\u00ea conectado com a informa\u00e7\u00e3o\",\"potentialAction\":[{\"@type\":\"SearchAction\",\"target\":{\"@type\":\"EntryPoint\",\"urlTemplate\":\"https:\/\/portalmf.com.br\/?s={search_term_string}\"},\"query-input\":\"required name=search_term_string\"}],\"inLanguage\":\"pt-BR\"},{\"@type\":\"Person\",\"@id\":\"https:\/\/portalmf.com.br\/#\/schema\/person\/9ec101baf56233e53520c26de5d6f6f0\",\"name\":\"Reda\u00e7\u00e3o Portal MF\",\"image\":{\"@type\":\"ImageObject\",\"inLanguage\":\"pt-BR\",\"@id\":\"https:\/\/portalmf.com.br\/#\/schema\/person\/image\/\",\"url\":\"https:\/\/secure.gravatar.com\/avatar\/41b9aaeb2100835f7c64362330f74c7f?s=96&d=mm&r=g\",\"contentUrl\":\"https:\/\/secure.gravatar.com\/avatar\/41b9aaeb2100835f7c64362330f74c7f?s=96&d=mm&r=g\",\"caption\":\"Reda\u00e7\u00e3o Portal MF\"},\"description\":\"Sejam bem-vindos o portal de informa\u00e7\u00f5es de entretenimento de Feira de Santana, desde 2006 realiza coberturas dos principais eventos com entrevistas exclusivas com as principais personalidades mundiais. Fique conectado tamb\u00e9m nas redes sociais.\",\"sameAs\":[\"http:\/\/www.portalmf.com.br\/\",\"https:\/\/www.facebook.com\/portalmfoficial\",\"https:\/\/www.instagram.com\/portalmf\/\",\"https:\/\/x.com\/https:\/\/x.com\/portalmfoficial\",\"https:\/\/www.youtube.com\/@portalmfoficial\"],\"url\":\"https:\/\/portalmf.com.br\/index.php\/author\/junior\/\"}]}<\/script>\n<!-- \/ Yoast SEO plugin. -->","yoast_head_json":{"title":"Russo Passapusso desilude sobre participa\u00e7\u00e3o da BaianaSystem na Micareta de Feira - Portal MF","robots":{"index":"index","follow":"follow","max-snippet":"max-snippet:-1","max-image-preview":"max-image-preview:large","max-video-preview":"max-video-preview:-1"},"canonical":"https:\/\/portalmf.com.br\/index.php\/2023\/03\/23\/russo-passapusso-desilude-sobre-participacao-da-baianasystem-na-micareta-de-feira\/","og_locale":"pt_BR","og_type":"article","og_title":"Russo Passapusso desilude sobre participa\u00e7\u00e3o da BaianaSystem na Micareta de Feira - Portal MF","og_description":"O cantor Russo Passapusso compareceu, na noite desta quarta-feira (22) em Salvador, da pr\u00e9-estreia do filme \u201cO Rio do Desejo\u201d, no Cine Metha Glauber Rocha, e falou a Micareta de Feira, seus projetos individuais e tamb\u00e9m com a banda BaianaSystem, fen\u00f4meno cada vez mais consolidado no carnaval de Salvador. Em entrevista ao site Bahia Not\u00edcias [&hellip;]","og_url":"https:\/\/portalmf.com.br\/index.php\/2023\/03\/23\/russo-passapusso-desilude-sobre-participacao-da-baianasystem-na-micareta-de-feira\/","og_site_name":"Portal MF","article_author":"https:\/\/www.facebook.com\/portalmfoficial","article_published_time":"2023-03-23T18:47:59+00:00","article_modified_time":"2023-03-23T18:48:02+00:00","og_image":[{"width":1920,"height":1279,"url":"https:\/\/portalmf.com.br\/wp-content\/uploads\/2023\/03\/BaianaSystem.jpg","type":"image\/jpeg"}],"author":"Reda\u00e7\u00e3o Portal MF","twitter_card":"summary_large_image","twitter_creator":"@https:\/\/x.com\/portalmfoficial","twitter_misc":{"Escrito por":"Reda\u00e7\u00e3o Portal MF","Est. tempo de leitura":"3 minutos"},"schema":{"@context":"https:\/\/schema.org","@graph":[{"@type":"WebPage","@id":"https:\/\/portalmf.com.br\/index.php\/2023\/03\/23\/russo-passapusso-desilude-sobre-participacao-da-baianasystem-na-micareta-de-feira\/","url":"https:\/\/portalmf.com.br\/index.php\/2023\/03\/23\/russo-passapusso-desilude-sobre-participacao-da-baianasystem-na-micareta-de-feira\/","name":"Russo Passapusso desilude sobre participa\u00e7\u00e3o da BaianaSystem na Micareta de Feira - Portal MF","isPartOf":{"@id":"https:\/\/portalmf.com.br\/#website"},"primaryImageOfPage":{"@id":"https:\/\/portalmf.com.br\/index.php\/2023\/03\/23\/russo-passapusso-desilude-sobre-participacao-da-baianasystem-na-micareta-de-feira\/#primaryimage"},"image":{"@id":"https:\/\/portalmf.com.br\/index.php\/2023\/03\/23\/russo-passapusso-desilude-sobre-participacao-da-baianasystem-na-micareta-de-feira\/#primaryimage"},"thumbnailUrl":"https:\/\/portalmf.com.br\/wp-content\/uploads\/2023\/03\/BaianaSystem.jpg","datePublished":"2023-03-23T18:47:59+00:00","dateModified":"2023-03-23T18:48:02+00:00","author":{"@id":"https:\/\/portalmf.com.br\/#\/schema\/person\/9ec101baf56233e53520c26de5d6f6f0"},"breadcrumb":{"@id":"https:\/\/portalmf.com.br\/index.php\/2023\/03\/23\/russo-passapusso-desilude-sobre-participacao-da-baianasystem-na-micareta-de-feira\/#breadcrumb"},"inLanguage":"pt-BR","potentialAction":[{"@type":"ReadAction","target":["https:\/\/portalmf.com.br\/index.php\/2023\/03\/23\/russo-passapusso-desilude-sobre-participacao-da-baianasystem-na-micareta-de-feira\/"]}]},{"@type":"ImageObject","inLanguage":"pt-BR","@id":"https:\/\/portalmf.com.br\/index.php\/2023\/03\/23\/russo-passapusso-desilude-sobre-participacao-da-baianasystem-na-micareta-de-feira\/#primaryimage","url":"https:\/\/portalmf.com.br\/wp-content\/uploads\/2023\/03\/BaianaSystem.jpg","contentUrl":"https:\/\/portalmf.com.br\/wp-content\/uploads\/2023\/03\/BaianaSystem.jpg","width":1920,"height":1279},{"@type":"BreadcrumbList","@id":"https:\/\/portalmf.com.br\/index.php\/2023\/03\/23\/russo-passapusso-desilude-sobre-participacao-da-baianasystem-na-micareta-de-feira\/#breadcrumb","itemListElement":[{"@type":"ListItem","position":1,"name":"In\u00edcio","item":"https:\/\/portalmf.com.br\/"},{"@type":"ListItem","position":2,"name":"Russo Passapusso desilude sobre participa\u00e7\u00e3o da BaianaSystem na Micareta de Feira"}]},{"@type":"WebSite","@id":"https:\/\/portalmf.com.br\/#website","url":"https:\/\/portalmf.com.br\/","name":"Portal MF","description":"Voc\u00ea conectado com a informa\u00e7\u00e3o","potentialAction":[{"@type":"SearchAction","target":{"@type":"EntryPoint","urlTemplate":"https:\/\/portalmf.com.br\/?s={search_term_string}"},"query-input":"required name=search_term_string"}],"inLanguage":"pt-BR"},{"@type":"Person","@id":"https:\/\/portalmf.com.br\/#\/schema\/person\/9ec101baf56233e53520c26de5d6f6f0","name":"Reda\u00e7\u00e3o Portal MF","image":{"@type":"ImageObject","inLanguage":"pt-BR","@id":"https:\/\/portalmf.com.br\/#\/schema\/person\/image\/","url":"https:\/\/secure.gravatar.com\/avatar\/41b9aaeb2100835f7c64362330f74c7f?s=96&d=mm&r=g","contentUrl":"https:\/\/secure.gravatar.com\/avatar\/41b9aaeb2100835f7c64362330f74c7f?s=96&d=mm&r=g","caption":"Reda\u00e7\u00e3o Portal MF"},"description":"Sejam bem-vindos o portal de informa\u00e7\u00f5es de entretenimento de Feira de Santana, desde 2006 realiza coberturas dos principais eventos com entrevistas exclusivas com as principais personalidades mundiais. Fique conectado tamb\u00e9m nas redes sociais.","sameAs":["http:\/\/www.portalmf.com.br\/","https:\/\/www.facebook.com\/portalmfoficial","https:\/\/www.instagram.com\/portalmf\/","https:\/\/x.com\/https:\/\/x.com\/portalmfoficial","https:\/\/www.youtube.com\/@portalmfoficial"],"url":"https:\/\/portalmf.com.br\/index.php\/author\/junior\/"}]}},"_links":{"self":[{"href":"https:\/\/portalmf.com.br\/index.php\/wp-json\/wp\/v2\/posts\/10320"}],"collection":[{"href":"https:\/\/portalmf.com.br\/index.php\/wp-json\/wp\/v2\/posts"}],"about":[{"href":"https:\/\/portalmf.com.br\/index.php\/wp-json\/wp\/v2\/types\/post"}],"author":[{"embeddable":true,"href":"https:\/\/portalmf.com.br\/index.php\/wp-json\/wp\/v2\/users\/3"}],"replies":[{"embeddable":true,"href":"https:\/\/portalmf.com.br\/index.php\/wp-json\/wp\/v2\/comments?post=10320"}],"version-history":[{"count":1,"href":"https:\/\/portalmf.com.br\/index.php\/wp-json\/wp\/v2\/posts\/10320\/revisions"}],"predecessor-version":[{"id":10321,"href":"https:\/\/portalmf.com.br\/index.php\/wp-json\/wp\/v2\/posts\/10320\/revisions\/10321"}],"wp:featuredmedia":[{"embeddable":true,"href":"https:\/\/portalmf.com.br\/index.php\/wp-json\/wp\/v2\/media\/10313"}],"wp:attachment":[{"href":"https:\/\/portalmf.com.br\/index.php\/wp-json\/wp\/v2\/media?parent=10320"}],"wp:term":[{"taxonomy":"category","embeddable":true,"href":"https:\/\/portalmf.com.br\/index.php\/wp-json\/wp\/v2\/categories?post=10320"},{"taxonomy":"post_tag","embeddable":true,"href":"https:\/\/portalmf.com.br\/index.php\/wp-json\/wp\/v2\/tags?post=10320"}],"curies":[{"name":"wp","href":"https:\/\/api.w.org\/{rel}","templated":true}]}}