{"id":10315,"date":"2023-03-23T15:40:05","date_gmt":"2023-03-23T18:40:05","guid":{"rendered":"https:\/\/portalmf.com.br\/?p=10315"},"modified":"2023-03-23T15:40:07","modified_gmt":"2023-03-23T18:40:07","slug":"micareta-de-feira-sera-festa-oficial-de-50-anos-de-carreira-de-dionorina","status":"publish","type":"post","link":"https:\/\/portalmf.com.br\/index.php\/2023\/03\/23\/micareta-de-feira-sera-festa-oficial-de-50-anos-de-carreira-de-dionorina\/","title":{"rendered":"Micareta de Feira ser\u00e1 festa oficial de 50 anos de carreira de Dionorina"},"content":{"rendered":"\n<p>As bodas de ouro de Tonho Dionorina com a m\u00fasica j\u00e1 tem data e local confirmados. Ser\u00e1 durante a Micareta de Feira. O m\u00fasico natural de Jussari, no sul da Bahia, mas feirense de cora\u00e7\u00e3o, ir\u00e1 celebrar cinco d\u00e9cadas carreira. A presen\u00e7a do artista na grade de atra\u00e7\u00f5es da Micareta foi confirmada na \u00faltima segunda-feira, 20, pelo prefeito Colbert Martins Filho.<\/p>\n\n\n\n<p>Tonho Dionorina conversou com nossa reportagem minutos depois de ter o nome anunciado pelo Chefe do Executivo.<\/p>\n\n\n\n<p><em>\u201cMe sinto gratificado em estar presente no primeiro anuncio. \u00c9 gratificante tamb\u00e9m saber que a gente est\u00e1 retornando para o jogo novamente depois de tr\u00eas anos sem festa\u201d,<\/em> disse o cantor que tamb\u00e9m deu \u00eanfase ao prazer de sentir o calor do p\u00fablico novamente, j\u00e1 que considera que essa energia \u00e9 o maior cach\u00ea de todos.<\/p>\n\n\n\n<p>Dionorina relembrou que dos cinquenta anos fazendo m\u00fasica, pelo menos quarenta t\u00eam passagem pela Micareta de Feira, portanto nada mais justo do que comemorar a trajet\u00f3ria no cen\u00e1rio art\u00edstico e musical de Feira em plena folia momesca.<\/p>\n\n\n\n<p><em>\u201cEste \u00e9 o retorno tamb\u00e9m da nossa batalha na m\u00fasica depois de tr\u00eas anos praticamente sem trabalhar\u201d,<\/em> pontuou. Perguntado sobre o que n\u00e3o pode faltar na Micareta, respondeu sem pensar: \u201co reggae\u201d.<\/p>\n\n\n\n<p>Disse ainda que o repert\u00f3rio j\u00e1 come\u00e7ou a ser montado com m\u00fasicas novas e as de dom\u00ednio do p\u00fablico.<\/p>\n\n\n\n<p>A Micareta de Feira acontecer\u00e1 entre os dias 20 e 23 de abril. Parte das atra\u00e7\u00f5es foi divulgada numa coletiva de imprensa. Nomes como L\u00e9o Santana, Tayrone, Bell Marques, Thiago Aquino, Jovem Dex e Aud\u00e1cia Pura j\u00e1 foram confirmados.<\/p>\n\n\n\n<p>Com informa\u00e7\u00f5es da Secom<\/p>\n","protected":false},"excerpt":{"rendered":"<p>As bodas de ouro de Tonho Dionorina com a m\u00fasica j\u00e1 tem data e local confirmados. Ser\u00e1 durante a Micareta de Feira. O m\u00fasico natural de Jussari, no sul da Bahia, mas feirense de cora\u00e7\u00e3o, ir\u00e1 celebrar cinco d\u00e9cadas carreira. A presen\u00e7a do artista na grade de atra\u00e7\u00f5es da Micareta foi confirmada na \u00faltima segunda-feira, [&hellip;]<\/p>\n","protected":false},"author":3,"featured_media":10316,"comment_status":"open","ping_status":"open","sticky":false,"template":"","format":"standard","meta":{"_monsterinsights_skip_tracking":false,"_monsterinsights_sitenote_active":false,"_monsterinsights_sitenote_note":"","_monsterinsights_sitenote_category":0,"footnotes":""},"categories":[48,39],"tags":[],"yoast_head":"<!-- This site is optimized with the Yoast SEO plugin v22.9 - https:\/\/yoast.com\/wordpress\/plugins\/seo\/ -->\n<title>Micareta de Feira ser\u00e1 festa oficial de 50 anos de carreira de Dionorina - Portal MF<\/title>\n<meta name=\"robots\" content=\"index, follow, max-snippet:-1, max-image-preview:large, max-video-preview:-1\" \/>\n<link rel=\"canonical\" href=\"https:\/\/portalmf.com.br\/index.php\/2023\/03\/23\/micareta-de-feira-sera-festa-oficial-de-50-anos-de-carreira-de-dionorina\/\" \/>\n<meta property=\"og:locale\" content=\"pt_BR\" \/>\n<meta property=\"og:type\" content=\"article\" \/>\n<meta property=\"og:title\" content=\"Micareta de Feira ser\u00e1 festa oficial de 50 anos de carreira de Dionorina - Portal MF\" \/>\n<meta property=\"og:description\" content=\"As bodas de ouro de Tonho Dionorina com a m\u00fasica j\u00e1 tem data e local confirmados. Ser\u00e1 durante a Micareta de Feira. O m\u00fasico natural de Jussari, no sul da Bahia, mas feirense de cora\u00e7\u00e3o, ir\u00e1 celebrar cinco d\u00e9cadas carreira. A presen\u00e7a do artista na grade de atra\u00e7\u00f5es da Micareta foi confirmada na \u00faltima segunda-feira, [&hellip;]\" \/>\n<meta property=\"og:url\" content=\"https:\/\/portalmf.com.br\/index.php\/2023\/03\/23\/micareta-de-feira-sera-festa-oficial-de-50-anos-de-carreira-de-dionorina\/\" \/>\n<meta property=\"og:site_name\" content=\"Portal MF\" \/>\n<meta property=\"article:author\" content=\"https:\/\/www.facebook.com\/portalmfoficial\" \/>\n<meta property=\"article:published_time\" content=\"2023-03-23T18:40:05+00:00\" \/>\n<meta property=\"article:modified_time\" content=\"2023-03-23T18:40:07+00:00\" \/>\n<meta property=\"og:image\" content=\"https:\/\/portalmf.com.br\/wp-content\/uploads\/2023\/03\/Dionorina_secom.jpg\" \/>\n\t<meta property=\"og:image:width\" content=\"960\" \/>\n\t<meta property=\"og:image:height\" content=\"720\" \/>\n\t<meta property=\"og:image:type\" content=\"image\/jpeg\" \/>\n<meta name=\"author\" content=\"Reda\u00e7\u00e3o Portal MF\" \/>\n<meta name=\"twitter:card\" content=\"summary_large_image\" \/>\n<meta name=\"twitter:creator\" content=\"@https:\/\/x.com\/portalmfoficial\" \/>\n<meta name=\"twitter:label1\" content=\"Escrito por\" \/>\n\t<meta name=\"twitter:data1\" content=\"Reda\u00e7\u00e3o Portal MF\" \/>\n\t<meta name=\"twitter:label2\" content=\"Est. tempo de leitura\" \/>\n\t<meta name=\"twitter:data2\" content=\"2 minutos\" \/>\n<script type=\"application\/ld+json\" class=\"yoast-schema-graph\">{\"@context\":\"https:\/\/schema.org\",\"@graph\":[{\"@type\":\"WebPage\",\"@id\":\"https:\/\/portalmf.com.br\/index.php\/2023\/03\/23\/micareta-de-feira-sera-festa-oficial-de-50-anos-de-carreira-de-dionorina\/\",\"url\":\"https:\/\/portalmf.com.br\/index.php\/2023\/03\/23\/micareta-de-feira-sera-festa-oficial-de-50-anos-de-carreira-de-dionorina\/\",\"name\":\"Micareta de Feira ser\u00e1 festa oficial de 50 anos de carreira de Dionorina - Portal MF\",\"isPartOf\":{\"@id\":\"https:\/\/portalmf.com.br\/#website\"},\"primaryImageOfPage\":{\"@id\":\"https:\/\/portalmf.com.br\/index.php\/2023\/03\/23\/micareta-de-feira-sera-festa-oficial-de-50-anos-de-carreira-de-dionorina\/#primaryimage\"},\"image\":{\"@id\":\"https:\/\/portalmf.com.br\/index.php\/2023\/03\/23\/micareta-de-feira-sera-festa-oficial-de-50-anos-de-carreira-de-dionorina\/#primaryimage\"},\"thumbnailUrl\":\"https:\/\/portalmf.com.br\/wp-content\/uploads\/2023\/03\/Dionorina_secom.jpg\",\"datePublished\":\"2023-03-23T18:40:05+00:00\",\"dateModified\":\"2023-03-23T18:40:07+00:00\",\"author\":{\"@id\":\"https:\/\/portalmf.com.br\/#\/schema\/person\/9ec101baf56233e53520c26de5d6f6f0\"},\"breadcrumb\":{\"@id\":\"https:\/\/portalmf.com.br\/index.php\/2023\/03\/23\/micareta-de-feira-sera-festa-oficial-de-50-anos-de-carreira-de-dionorina\/#breadcrumb\"},\"inLanguage\":\"pt-BR\",\"potentialAction\":[{\"@type\":\"ReadAction\",\"target\":[\"https:\/\/portalmf.com.br\/index.php\/2023\/03\/23\/micareta-de-feira-sera-festa-oficial-de-50-anos-de-carreira-de-dionorina\/\"]}]},{\"@type\":\"ImageObject\",\"inLanguage\":\"pt-BR\",\"@id\":\"https:\/\/portalmf.com.br\/index.php\/2023\/03\/23\/micareta-de-feira-sera-festa-oficial-de-50-anos-de-carreira-de-dionorina\/#primaryimage\",\"url\":\"https:\/\/portalmf.com.br\/wp-content\/uploads\/2023\/03\/Dionorina_secom.jpg\",\"contentUrl\":\"https:\/\/portalmf.com.br\/wp-content\/uploads\/2023\/03\/Dionorina_secom.jpg\",\"width\":960,\"height\":720},{\"@type\":\"BreadcrumbList\",\"@id\":\"https:\/\/portalmf.com.br\/index.php\/2023\/03\/23\/micareta-de-feira-sera-festa-oficial-de-50-anos-de-carreira-de-dionorina\/#breadcrumb\",\"itemListElement\":[{\"@type\":\"ListItem\",\"position\":1,\"name\":\"In\u00edcio\",\"item\":\"https:\/\/portalmf.com.br\/\"},{\"@type\":\"ListItem\",\"position\":2,\"name\":\"Micareta de Feira ser\u00e1 festa oficial de 50 anos de carreira de Dionorina\"}]},{\"@type\":\"WebSite\",\"@id\":\"https:\/\/portalmf.com.br\/#website\",\"url\":\"https:\/\/portalmf.com.br\/\",\"name\":\"Portal MF\",\"description\":\"Voc\u00ea conectado com a informa\u00e7\u00e3o\",\"potentialAction\":[{\"@type\":\"SearchAction\",\"target\":{\"@type\":\"EntryPoint\",\"urlTemplate\":\"https:\/\/portalmf.com.br\/?s={search_term_string}\"},\"query-input\":\"required name=search_term_string\"}],\"inLanguage\":\"pt-BR\"},{\"@type\":\"Person\",\"@id\":\"https:\/\/portalmf.com.br\/#\/schema\/person\/9ec101baf56233e53520c26de5d6f6f0\",\"name\":\"Reda\u00e7\u00e3o Portal MF\",\"image\":{\"@type\":\"ImageObject\",\"inLanguage\":\"pt-BR\",\"@id\":\"https:\/\/portalmf.com.br\/#\/schema\/person\/image\/\",\"url\":\"https:\/\/secure.gravatar.com\/avatar\/41b9aaeb2100835f7c64362330f74c7f?s=96&d=mm&r=g\",\"contentUrl\":\"https:\/\/secure.gravatar.com\/avatar\/41b9aaeb2100835f7c64362330f74c7f?s=96&d=mm&r=g\",\"caption\":\"Reda\u00e7\u00e3o Portal MF\"},\"description\":\"Sejam bem-vindos o portal de informa\u00e7\u00f5es de entretenimento de Feira de Santana, desde 2006 realiza coberturas dos principais eventos com entrevistas exclusivas com as principais personalidades mundiais. Fique conectado tamb\u00e9m nas redes sociais.\",\"sameAs\":[\"http:\/\/www.portalmf.com.br\/\",\"https:\/\/www.facebook.com\/portalmfoficial\",\"https:\/\/www.instagram.com\/portalmf\/\",\"https:\/\/x.com\/https:\/\/x.com\/portalmfoficial\",\"https:\/\/www.youtube.com\/@portalmfoficial\"],\"url\":\"https:\/\/portalmf.com.br\/index.php\/author\/junior\/\"}]}<\/script>\n<!-- \/ Yoast SEO plugin. -->","yoast_head_json":{"title":"Micareta de Feira ser\u00e1 festa oficial de 50 anos de carreira de Dionorina - Portal MF","robots":{"index":"index","follow":"follow","max-snippet":"max-snippet:-1","max-image-preview":"max-image-preview:large","max-video-preview":"max-video-preview:-1"},"canonical":"https:\/\/portalmf.com.br\/index.php\/2023\/03\/23\/micareta-de-feira-sera-festa-oficial-de-50-anos-de-carreira-de-dionorina\/","og_locale":"pt_BR","og_type":"article","og_title":"Micareta de Feira ser\u00e1 festa oficial de 50 anos de carreira de Dionorina - Portal MF","og_description":"As bodas de ouro de Tonho Dionorina com a m\u00fasica j\u00e1 tem data e local confirmados. Ser\u00e1 durante a Micareta de Feira. O m\u00fasico natural de Jussari, no sul da Bahia, mas feirense de cora\u00e7\u00e3o, ir\u00e1 celebrar cinco d\u00e9cadas carreira. A presen\u00e7a do artista na grade de atra\u00e7\u00f5es da Micareta foi confirmada na \u00faltima segunda-feira, [&hellip;]","og_url":"https:\/\/portalmf.com.br\/index.php\/2023\/03\/23\/micareta-de-feira-sera-festa-oficial-de-50-anos-de-carreira-de-dionorina\/","og_site_name":"Portal MF","article_author":"https:\/\/www.facebook.com\/portalmfoficial","article_published_time":"2023-03-23T18:40:05+00:00","article_modified_time":"2023-03-23T18:40:07+00:00","og_image":[{"width":960,"height":720,"url":"https:\/\/portalmf.com.br\/wp-content\/uploads\/2023\/03\/Dionorina_secom.jpg","type":"image\/jpeg"}],"author":"Reda\u00e7\u00e3o Portal MF","twitter_card":"summary_large_image","twitter_creator":"@https:\/\/x.com\/portalmfoficial","twitter_misc":{"Escrito por":"Reda\u00e7\u00e3o Portal MF","Est. tempo de leitura":"2 minutos"},"schema":{"@context":"https:\/\/schema.org","@graph":[{"@type":"WebPage","@id":"https:\/\/portalmf.com.br\/index.php\/2023\/03\/23\/micareta-de-feira-sera-festa-oficial-de-50-anos-de-carreira-de-dionorina\/","url":"https:\/\/portalmf.com.br\/index.php\/2023\/03\/23\/micareta-de-feira-sera-festa-oficial-de-50-anos-de-carreira-de-dionorina\/","name":"Micareta de Feira ser\u00e1 festa oficial de 50 anos de carreira de Dionorina - Portal MF","isPartOf":{"@id":"https:\/\/portalmf.com.br\/#website"},"primaryImageOfPage":{"@id":"https:\/\/portalmf.com.br\/index.php\/2023\/03\/23\/micareta-de-feira-sera-festa-oficial-de-50-anos-de-carreira-de-dionorina\/#primaryimage"},"image":{"@id":"https:\/\/portalmf.com.br\/index.php\/2023\/03\/23\/micareta-de-feira-sera-festa-oficial-de-50-anos-de-carreira-de-dionorina\/#primaryimage"},"thumbnailUrl":"https:\/\/portalmf.com.br\/wp-content\/uploads\/2023\/03\/Dionorina_secom.jpg","datePublished":"2023-03-23T18:40:05+00:00","dateModified":"2023-03-23T18:40:07+00:00","author":{"@id":"https:\/\/portalmf.com.br\/#\/schema\/person\/9ec101baf56233e53520c26de5d6f6f0"},"breadcrumb":{"@id":"https:\/\/portalmf.com.br\/index.php\/2023\/03\/23\/micareta-de-feira-sera-festa-oficial-de-50-anos-de-carreira-de-dionorina\/#breadcrumb"},"inLanguage":"pt-BR","potentialAction":[{"@type":"ReadAction","target":["https:\/\/portalmf.com.br\/index.php\/2023\/03\/23\/micareta-de-feira-sera-festa-oficial-de-50-anos-de-carreira-de-dionorina\/"]}]},{"@type":"ImageObject","inLanguage":"pt-BR","@id":"https:\/\/portalmf.com.br\/index.php\/2023\/03\/23\/micareta-de-feira-sera-festa-oficial-de-50-anos-de-carreira-de-dionorina\/#primaryimage","url":"https:\/\/portalmf.com.br\/wp-content\/uploads\/2023\/03\/Dionorina_secom.jpg","contentUrl":"https:\/\/portalmf.com.br\/wp-content\/uploads\/2023\/03\/Dionorina_secom.jpg","width":960,"height":720},{"@type":"BreadcrumbList","@id":"https:\/\/portalmf.com.br\/index.php\/2023\/03\/23\/micareta-de-feira-sera-festa-oficial-de-50-anos-de-carreira-de-dionorina\/#breadcrumb","itemListElement":[{"@type":"ListItem","position":1,"name":"In\u00edcio","item":"https:\/\/portalmf.com.br\/"},{"@type":"ListItem","position":2,"name":"Micareta de Feira ser\u00e1 festa oficial de 50 anos de carreira de Dionorina"}]},{"@type":"WebSite","@id":"https:\/\/portalmf.com.br\/#website","url":"https:\/\/portalmf.com.br\/","name":"Portal MF","description":"Voc\u00ea conectado com a informa\u00e7\u00e3o","potentialAction":[{"@type":"SearchAction","target":{"@type":"EntryPoint","urlTemplate":"https:\/\/portalmf.com.br\/?s={search_term_string}"},"query-input":"required name=search_term_string"}],"inLanguage":"pt-BR"},{"@type":"Person","@id":"https:\/\/portalmf.com.br\/#\/schema\/person\/9ec101baf56233e53520c26de5d6f6f0","name":"Reda\u00e7\u00e3o Portal MF","image":{"@type":"ImageObject","inLanguage":"pt-BR","@id":"https:\/\/portalmf.com.br\/#\/schema\/person\/image\/","url":"https:\/\/secure.gravatar.com\/avatar\/41b9aaeb2100835f7c64362330f74c7f?s=96&d=mm&r=g","contentUrl":"https:\/\/secure.gravatar.com\/avatar\/41b9aaeb2100835f7c64362330f74c7f?s=96&d=mm&r=g","caption":"Reda\u00e7\u00e3o Portal MF"},"description":"Sejam bem-vindos o portal de informa\u00e7\u00f5es de entretenimento de Feira de Santana, desde 2006 realiza coberturas dos principais eventos com entrevistas exclusivas com as principais personalidades mundiais. Fique conectado tamb\u00e9m nas redes sociais.","sameAs":["http:\/\/www.portalmf.com.br\/","https:\/\/www.facebook.com\/portalmfoficial","https:\/\/www.instagram.com\/portalmf\/","https:\/\/x.com\/https:\/\/x.com\/portalmfoficial","https:\/\/www.youtube.com\/@portalmfoficial"],"url":"https:\/\/portalmf.com.br\/index.php\/author\/junior\/"}]}},"_links":{"self":[{"href":"https:\/\/portalmf.com.br\/index.php\/wp-json\/wp\/v2\/posts\/10315"}],"collection":[{"href":"https:\/\/portalmf.com.br\/index.php\/wp-json\/wp\/v2\/posts"}],"about":[{"href":"https:\/\/portalmf.com.br\/index.php\/wp-json\/wp\/v2\/types\/post"}],"author":[{"embeddable":true,"href":"https:\/\/portalmf.com.br\/index.php\/wp-json\/wp\/v2\/users\/3"}],"replies":[{"embeddable":true,"href":"https:\/\/portalmf.com.br\/index.php\/wp-json\/wp\/v2\/comments?post=10315"}],"version-history":[{"count":1,"href":"https:\/\/portalmf.com.br\/index.php\/wp-json\/wp\/v2\/posts\/10315\/revisions"}],"predecessor-version":[{"id":10317,"href":"https:\/\/portalmf.com.br\/index.php\/wp-json\/wp\/v2\/posts\/10315\/revisions\/10317"}],"wp:featuredmedia":[{"embeddable":true,"href":"https:\/\/portalmf.com.br\/index.php\/wp-json\/wp\/v2\/media\/10316"}],"wp:attachment":[{"href":"https:\/\/portalmf.com.br\/index.php\/wp-json\/wp\/v2\/media?parent=10315"}],"wp:term":[{"taxonomy":"category","embeddable":true,"href":"https:\/\/portalmf.com.br\/index.php\/wp-json\/wp\/v2\/categories?post=10315"},{"taxonomy":"post_tag","embeddable":true,"href":"https:\/\/portalmf.com.br\/index.php\/wp-json\/wp\/v2\/tags?post=10315"}],"curies":[{"name":"wp","href":"https:\/\/api.w.org\/{rel}","templated":true}]}}