{"id":10234,"date":"2023-03-22T11:19:45","date_gmt":"2023-03-22T14:19:45","guid":{"rendered":"https:\/\/portalmf.com.br\/?p=10234"},"modified":"2023-03-22T11:39:27","modified_gmt":"2023-03-22T14:39:27","slug":"pm-informa-que-nao-montara-camarote-na-micareta-de-feira-2023-prefeitura-responde","status":"publish","type":"post","link":"https:\/\/portalmf.com.br\/index.php\/2023\/03\/22\/pm-informa-que-nao-montara-camarote-na-micareta-de-feira-2023-prefeitura-responde\/","title":{"rendered":"PM informa que n\u00e3o montar\u00e1 camarote na Micareta de Feira 2023, Prefeitura responde"},"content":{"rendered":"\n<p>Na noite desta ter\u00e7a-feira (21), o Comando de Policiamento da Regi\u00e3o Leste (CPRL), que coordena a seguran\u00e7a p\u00fablica, atrav\u00e9s da Pol\u00edcia Militar, no munic\u00edpio de Feira de Santana, informou atrav\u00e9s de nota, que o camarote da institui\u00e7\u00e3o n\u00e3o ser\u00e1 montado no circuito da Micareta de Feira 2023. &nbsp;<\/p>\n\n\n\n<p>O espa\u00e7o voltado para policiais de folga e seus familiares n\u00e3o tem fins lucrativos, e existe h\u00e1 dez edi\u00e7\u00f5es de forma ininterrupta, desde a sua cria\u00e7\u00e3o no circuito da festa.<\/p>\n\n\n\n<p>Segundo a nota, a Prefeitura remanejou o Camarote do local tradicional, situado no centro da avenida, para o \u00faltimo ponto do circuito, o que inviabiliza o projeto. Confira a nota completa<\/p>\n\n\n\n<p><em>Comunicamos a todos que, excepcionalmente, nesta edi\u00e7\u00e3o da Micareta 2023, ap\u00f3s 10 anos desde a sua cria\u00e7\u00e3o, n\u00e3o teremos o tradicional Camarote Espa\u00e7o Folia da Pol\u00edcia Militar- CPRL, uma iniciativa sem fins lucrativos do Comando Geral da PMBA, que visa proporcionar um ambiente seguro e acolhedor a mais de 3 mil policiais militares e seus familiares, para que no seu hor\u00e1rio de folga durante a opera\u00e7\u00e3o, possam ter o m\u00ednimo de lazer com a sua fam\u00edlia.<\/em><\/p>\n\n\n\n<p><em>A interrup\u00e7\u00e3o moment\u00e2nea do citado projeto d\u00e1-se em virtude da Prefeitura Municipal ter remanejado o Camarote do seu local tradicional, situado no centro da avenida, para o \u00faltimo ponto do circuito, o que inviabiliza o projeto, que sempre funcionou tamb\u00e9m como Posto Estrat\u00e9gico de Observa\u00e7\u00e3o (PEO) para o alto comando da PM, como um ponto base para as atividades da assessoria de comunica\u00e7\u00e3o social e acompanhamento operacional da tropa.<\/em><\/p>\n\n\n\n<p><em>O Comando de Policiamento da Regi\u00e3o Leste lamenta, inclusive, pelo projeto tamb\u00e9m ter um fim social de arrecadar mais de 6 toneladas de alimentos para comunidades vulner\u00e1veis, e espera que no pr\u00f3ximo ano o poder p\u00fablico municipal tenha a sensibilidade de retornar o equipamento ao seu local original, para proporcionar dignidade aos seus policiais militares, que tanto se dedicam em promover a seguran\u00e7a p\u00fablica dos feirenses e visitantes durante a festa da Micareta.<\/em><\/p>\n\n\n\n<p><strong><em>PMBA: uma For\u00e7a a servi\u00e7o do cidad\u00e3o!<\/em><\/strong><\/p>\n\n\n\n<p><strong><em>Assessoria de Comunica\u00e7\u00e3o do CPRL<\/em><\/strong><\/p>\n\n\n\n<p><strong>Resposta da Prefeitura de Feira<\/strong><\/p>\n\n\n\n<p>Na manh\u00e3 desta quarta-feira (22), a secretaria de comunica\u00e7\u00e3o da Prefeitura de Feira de Santana, divulgou nota oficial sobre o assunto, informando que todos os camarotes institucionais da Prefeitura, C\u00e2mara de Vereadores, Ex\u00e9rcito e Comunica\u00e7\u00e3o, ficar\u00e3o entre o cruzamento da Avenida Maria Quit\u00e9ria e a rodovi\u00e1ria e disponibilizou toda a estrutura para o Camarote Espa\u00e7o Folia da Pol\u00edcia Militar-CPRL neste espa\u00e7o, confira a nota:<\/p>\n\n\n\n<p><strong><em>Nota de esclarecimento<\/em><\/strong><\/p>\n\n\n\n<p><em>A prefeitura de Feira de Santana informa que est\u00e1 montando todos os camarotes institucionais no circuito da micareta e disponibilizou toda a estrutura para o Camarote Espa\u00e7o Folia da Pol\u00edcia Militar- CPRL, como vem fazendo nos anos anteriores. Para a micareta 2023, o percurso cresceu, os camarotes institucionais, como o da Prefeitura, C\u00e2mara de Vereadores, Ex\u00e9rcito, e, tamb\u00e9m, da imprensa v\u00e3o ficar entre o cruzamento da Avenida Maria Quit\u00e9ria e a rodovi\u00e1ria. As atra\u00e7\u00f5es v\u00e3o terminar as apresenta\u00e7\u00f5es na regi\u00e3o da rodovi\u00e1ria.<\/em><\/p>\n\n\n\n<p><em>A proposta da prefeitura \u00e9 montar um hospital pr\u00f3ximo ao cruzamento da avenida Jo\u00e3o Durval, com mais de 500 m2. A estrutura ter\u00e1 duas \u00e1reas distintas, uma ser\u00e1 organizada para atender as urg\u00eancias e emerg\u00eancias no circuito da micareta, com recep\u00e7\u00e3o, triagem, uma sala vermelha (UTI) montada com os equipamentos para atender os pacientes mais graves. O hospital ter\u00e1 ainda um sal\u00e3o com leitos para administra\u00e7\u00e3o de medicamentos, soro e para os pacientes em observa\u00e7\u00e3o. A segunda \u00e1rea do hospital ser\u00e1 destinada ao CEREST- Centro de Refer\u00eancia em Sa\u00fade do Trabalhador, Vigil\u00e2ncia Sanit\u00e1ria e testagem r\u00e1pidas para HIV, DSTs, hepatite e s\u00edfilis. Al\u00e9m disso, as equipes de vigil\u00e2ncia epidemiol\u00f3gica v\u00e3o estar no circuito orientando sobre a preven\u00e7\u00e3o da dengue e outras arboviroses.<\/em><\/p>\n\n\n\n<p><em>O hospital contar\u00e1 com ambul\u00e2ncias \u00e0 disposi\u00e7\u00e3o para atender os foli\u00f5es de todas as idades que v\u00e3o pular atr\u00e1s do trio. O local \u00e9 estrat\u00e9gico para o deslocamento dessas ambul\u00e2ncias para hospitais que ficam na regi\u00e3o da avenida Get\u00falio Vargas e, tamb\u00e9m, para o Hospital Geral Cleriston Andrade. Ou seja, o descolamento ser\u00e1 mais r\u00e1pido do norte ao sul da cidade.<\/em><\/p>\n\n\n\n<p><em>A Prefeitura mais uma vez se coloca \u00e0 disposi\u00e7\u00e3o do Comando de Policiamento da Regi\u00e3o Leste para montar toda a estrutura do camarote Espa\u00e7o Folia da Pol\u00edcia Militar- CPRL para a micareta, com as mesmas dimens\u00f5es do espa\u00e7o anterior, s\u00f3 que na \u00e1rea dos camarotes institucionais, onde ser\u00e1 montado o da pr\u00f3pria Prefeitura. A prefeitura quer que os policiais militares e seus familiares aproveitem o momento de folga para curtir a Micareta de Feira de Santana.<\/em><\/p>\n\n\n\n<p><em>A Prefeitura de Feira, tamb\u00e9m, informa que o Posto Estrat\u00e9gico de Observa\u00e7\u00e3o (PEO) para o alto comando da PM, como um ponto base para as atividades da assessoria de comunica\u00e7\u00e3o social e acompanhamento operacional da tropa ser\u00e1 montado pelo munic\u00edpio num ponto central e estrat\u00e9gico do circuito Maneca Ferreira, seguindo o projeto de estrutura enviado pela pr\u00f3pria PM.<\/em><\/p>\n\n\n\n<p>Na noite desta ter\u00e7a-feira (21), o Comando de Policiamento da Regi\u00e3o Leste (CPRL), que coordena a seguran\u00e7a p\u00fablica, atrav\u00e9s da Pol\u00edcia Militar, no munic\u00edpio de Feira de Santana, informou atrav\u00e9s de nota, que o camarote da institui\u00e7\u00e3o n\u00e3o ser\u00e1 montado no circuito da Micareta de Feira 2023. &nbsp;<\/p>\n\n\n\n<p>O espa\u00e7o voltado para policiais de folga e seus familiares n\u00e3o tem fins lucrativos, e existe h\u00e1 dez edi\u00e7\u00f5es de forma ininterrupta, desde a sua cria\u00e7\u00e3o no circuito da festa.<\/p>\n\n\n\n<p>Segundo a nota, a Prefeitura remanejou o Camarote do local tradicional, situado no centro da avenida, para o \u00faltimo ponto do circuito, o que inviabiliza o projeto. Confira a nota completa<\/p>\n\n\n\n<p><em>Comunicamos a todos que, excepcionalmente, nesta edi\u00e7\u00e3o da Micareta 2023, ap\u00f3s 10 anos desde a sua cria\u00e7\u00e3o, n\u00e3o teremos o tradicional Camarote Espa\u00e7o Folia da Pol\u00edcia Militar- CPRL, uma iniciativa sem fins lucrativos do Comando Geral da PMBA, que visa proporcionar um ambiente seguro e acolhedor a mais de 3 mil policiais militares e seus familiares, para que no seu hor\u00e1rio de folga durante a opera\u00e7\u00e3o, possam ter o m\u00ednimo de lazer com a sua fam\u00edlia.<\/em><\/p>\n\n\n\n<p><em>A interrup\u00e7\u00e3o moment\u00e2nea do citado projeto d\u00e1-se em virtude da Prefeitura Municipal ter remanejado o Camarote do seu local tradicional, situado no centro da avenida, para o \u00faltimo ponto do circuito, o que inviabiliza o projeto, que sempre funcionou tamb\u00e9m como Posto Estrat\u00e9gico de Observa\u00e7\u00e3o (PEO) para o alto comando da PM, como um ponto base para as atividades da assessoria de comunica\u00e7\u00e3o social e acompanhamento operacional da tropa.<\/em><\/p>\n\n\n\n<p><em>O Comando de Policiamento da Regi\u00e3o Leste lamenta, inclusive, pelo projeto tamb\u00e9m ter um fim social de arrecadar mais de 6 toneladas de alimentos para comunidades vulner\u00e1veis, e espera que no pr\u00f3ximo ano o poder p\u00fablico municipal tenha a sensibilidade de retornar o equipamento ao seu local original, para proporcionar dignidade aos seus policiais militares, que tanto se dedicam em promover a seguran\u00e7a p\u00fablica dos feirenses e visitantes durante a festa da Micareta.<\/em><\/p>\n\n\n\n<p><strong><em>PMBA: uma For\u00e7a a servi\u00e7o do cidad\u00e3o!<\/em><\/strong><\/p>\n\n\n\n<p><strong><em>Assessoria de Comunica\u00e7\u00e3o do CPRL<\/em><\/strong><\/p>\n\n\n\n<p><strong>Resposta da Prefeitura de Feira<\/strong><\/p>\n\n\n\n<p>Na manh\u00e3 desta quarta-feira (22), a secretaria de comunica\u00e7\u00e3o da Prefeitura de Feira de Santana, divulgou nota oficial sobre o assunto, informando que todos os camarotes institucionais da Prefeitura, C\u00e2mara de Vereadores, Ex\u00e9rcito e Comunica\u00e7\u00e3o, ficar\u00e3o entre o cruzamento da Avenida Maria Quit\u00e9ria e a rodovi\u00e1ria e disponibilizou toda a estrutura para o Camarote Espa\u00e7o Folia da Pol\u00edcia Militar-CPRL neste espa\u00e7o, confira a nota:<\/p>\n\n\n\n<p><strong><em>Nota de esclarecimento<\/em><\/strong><\/p>\n\n\n\n<p><em>A prefeitura de Feira de Santana informa que est\u00e1 montando todos os camarotes institucionais no circuito da micareta e disponibilizou toda a estrutura para o Camarote Espa\u00e7o Folia da Pol\u00edcia Militar- CPRL, como vem fazendo nos anos anteriores. Para a micareta 2023, o percurso cresceu, os camarotes institucionais, como o da Prefeitura, C\u00e2mara de Vereadores, Ex\u00e9rcito, e, tamb\u00e9m, da imprensa v\u00e3o ficar entre o cruzamento da Avenida Maria Quit\u00e9ria e a rodovi\u00e1ria. As atra\u00e7\u00f5es v\u00e3o terminar as apresenta\u00e7\u00f5es na regi\u00e3o da rodovi\u00e1ria.<\/em><\/p>\n\n\n\n<p><em>A proposta da prefeitura \u00e9 montar um hospital pr\u00f3ximo ao cruzamento da avenida Jo\u00e3o Durval, com mais de 500 m2. A estrutura ter\u00e1 duas \u00e1reas distintas, uma ser\u00e1 organizada para atender as urg\u00eancias e emerg\u00eancias no circuito da micareta, com recep\u00e7\u00e3o, triagem, uma sala vermelha (UTI) montada com os equipamentos para atender os pacientes mais graves. O hospital ter\u00e1 ainda um sal\u00e3o com leitos para administra\u00e7\u00e3o de medicamentos, soro e para os pacientes em observa\u00e7\u00e3o. A segunda \u00e1rea do hospital ser\u00e1 destinada ao CEREST- Centro de Refer\u00eancia em Sa\u00fade do Trabalhador, Vigil\u00e2ncia Sanit\u00e1ria e testagem r\u00e1pidas para HIV, DSTs, hepatite e s\u00edfilis. Al\u00e9m disso, as equipes de vigil\u00e2ncia epidemiol\u00f3gica v\u00e3o estar no circuito orientando sobre a preven\u00e7\u00e3o da dengue e outras arboviroses.<\/em><\/p>\n\n\n\n<p><em>O hospital contar\u00e1 com ambul\u00e2ncias \u00e0 disposi\u00e7\u00e3o para atender os foli\u00f5es de todas as idades que v\u00e3o pular atr\u00e1s do trio. O local \u00e9 estrat\u00e9gico para o deslocamento dessas ambul\u00e2ncias para hospitais que ficam na regi\u00e3o da avenida Get\u00falio Vargas e, tamb\u00e9m, para o Hospital Geral Cleriston Andrade. Ou seja, o descolamento ser\u00e1 mais r\u00e1pido do norte ao sul da cidade.<\/em><\/p>\n\n\n\n<p><em>A Prefeitura mais uma vez se coloca \u00e0 disposi\u00e7\u00e3o do Comando de Policiamento da Regi\u00e3o Leste para montar toda a estrutura do camarote Espa\u00e7o Folia da Pol\u00edcia Militar- CPRL para a micareta, com as mesmas dimens\u00f5es do espa\u00e7o anterior, s\u00f3 que na \u00e1rea dos camarotes institucionais, onde ser\u00e1 montado o da pr\u00f3pria Prefeitura. A prefeitura quer que os policiais militares e seus familiares aproveitem o momento de folga para curtir a Micareta de Feira de Santana.<\/em><\/p>\n\n\n\n<p><em>A Prefeitura de Feira, tamb\u00e9m, informa que o Posto Estrat\u00e9gico de Observa\u00e7\u00e3o (PEO) para o alto comando da PM, como um ponto base para as atividades da assessoria de comunica\u00e7\u00e3o social e acompanhamento operacional da tropa ser\u00e1 montado pelo munic\u00edpio num ponto central e estrat\u00e9gico do circuito Maneca Ferreira, seguindo o projeto de estrutura enviado pela pr\u00f3pria PM.<\/em><\/p>\n","protected":false},"excerpt":{"rendered":"<p>Na noite desta ter\u00e7a-feira (21), o Comando de Policiamento da Regi\u00e3o Leste (CPRL), que coordena a seguran\u00e7a p\u00fablica, atrav\u00e9s da Pol\u00edcia Militar, no munic\u00edpio de Feira de Santana, informou atrav\u00e9s de nota, que o camarote da institui\u00e7\u00e3o n\u00e3o ser\u00e1 montado no circuito da Micareta de Feira 2023. &nbsp; O espa\u00e7o voltado para policiais de folga [&hellip;]<\/p>\n","protected":false},"author":2,"featured_media":10235,"comment_status":"open","ping_status":"open","sticky":false,"template":"","format":"standard","meta":{"_monsterinsights_skip_tracking":false,"_monsterinsights_sitenote_active":false,"_monsterinsights_sitenote_note":"","_monsterinsights_sitenote_category":0,"footnotes":""},"categories":[47,39],"tags":[],"yoast_head":"<!-- This site is optimized with the Yoast SEO plugin v22.9 - https:\/\/yoast.com\/wordpress\/plugins\/seo\/ -->\n<title>PM informa que n\u00e3o montar\u00e1 camarote na Micareta de Feira 2023, Prefeitura responde - Portal MF<\/title>\n<meta name=\"robots\" content=\"index, follow, max-snippet:-1, max-image-preview:large, max-video-preview:-1\" \/>\n<link rel=\"canonical\" href=\"https:\/\/portalmf.com.br\/index.php\/2023\/03\/22\/pm-informa-que-nao-montara-camarote-na-micareta-de-feira-2023-prefeitura-responde\/\" \/>\n<meta property=\"og:locale\" content=\"pt_BR\" \/>\n<meta property=\"og:type\" content=\"article\" \/>\n<meta property=\"og:title\" content=\"PM informa que n\u00e3o montar\u00e1 camarote na Micareta de Feira 2023, Prefeitura responde - Portal MF\" \/>\n<meta property=\"og:description\" content=\"Na noite desta ter\u00e7a-feira (21), o Comando de Policiamento da Regi\u00e3o Leste (CPRL), que coordena a seguran\u00e7a p\u00fablica, atrav\u00e9s da Pol\u00edcia Militar, no munic\u00edpio de Feira de Santana, informou atrav\u00e9s de nota, que o camarote da institui\u00e7\u00e3o n\u00e3o ser\u00e1 montado no circuito da Micareta de Feira 2023. &nbsp; O espa\u00e7o voltado para policiais de folga [&hellip;]\" \/>\n<meta property=\"og:url\" content=\"https:\/\/portalmf.com.br\/index.php\/2023\/03\/22\/pm-informa-que-nao-montara-camarote-na-micareta-de-feira-2023-prefeitura-responde\/\" \/>\n<meta property=\"og:site_name\" content=\"Portal MF\" \/>\n<meta property=\"article:author\" content=\"reginaldojrfsa\" \/>\n<meta property=\"article:published_time\" content=\"2023-03-22T14:19:45+00:00\" \/>\n<meta property=\"article:modified_time\" content=\"2023-03-22T14:39:27+00:00\" \/>\n<meta property=\"og:image\" content=\"https:\/\/portalmf.com.br\/wp-content\/uploads\/2023\/03\/foto_camarotedapm_micaretadefeira_portalmf.jpg\" \/>\n\t<meta property=\"og:image:width\" content=\"1600\" \/>\n\t<meta property=\"og:image:height\" content=\"1066\" \/>\n\t<meta property=\"og:image:type\" content=\"image\/jpeg\" \/>\n<meta name=\"author\" content=\"Reginaldo J\u00fanior\" \/>\n<meta name=\"twitter:card\" content=\"summary_large_image\" \/>\n<meta name=\"twitter:creator\" content=\"@reginaldojrmf\" \/>\n<meta name=\"twitter:label1\" content=\"Escrito por\" \/>\n\t<meta name=\"twitter:data1\" content=\"Reginaldo J\u00fanior\" \/>\n\t<meta name=\"twitter:label2\" content=\"Est. tempo de leitura\" \/>\n\t<meta name=\"twitter:data2\" content=\"9 minutos\" \/>\n<script type=\"application\/ld+json\" class=\"yoast-schema-graph\">{\"@context\":\"https:\/\/schema.org\",\"@graph\":[{\"@type\":\"WebPage\",\"@id\":\"https:\/\/portalmf.com.br\/index.php\/2023\/03\/22\/pm-informa-que-nao-montara-camarote-na-micareta-de-feira-2023-prefeitura-responde\/\",\"url\":\"https:\/\/portalmf.com.br\/index.php\/2023\/03\/22\/pm-informa-que-nao-montara-camarote-na-micareta-de-feira-2023-prefeitura-responde\/\",\"name\":\"PM informa que n\u00e3o montar\u00e1 camarote na Micareta de Feira 2023, Prefeitura responde - Portal MF\",\"isPartOf\":{\"@id\":\"https:\/\/portalmf.com.br\/#website\"},\"primaryImageOfPage\":{\"@id\":\"https:\/\/portalmf.com.br\/index.php\/2023\/03\/22\/pm-informa-que-nao-montara-camarote-na-micareta-de-feira-2023-prefeitura-responde\/#primaryimage\"},\"image\":{\"@id\":\"https:\/\/portalmf.com.br\/index.php\/2023\/03\/22\/pm-informa-que-nao-montara-camarote-na-micareta-de-feira-2023-prefeitura-responde\/#primaryimage\"},\"thumbnailUrl\":\"https:\/\/portalmf.com.br\/wp-content\/uploads\/2023\/03\/foto_camarotedapm_micaretadefeira_portalmf.jpg\",\"datePublished\":\"2023-03-22T14:19:45+00:00\",\"dateModified\":\"2023-03-22T14:39:27+00:00\",\"author\":{\"@id\":\"https:\/\/portalmf.com.br\/#\/schema\/person\/11c82086fe8abc05a19147e964587285\"},\"breadcrumb\":{\"@id\":\"https:\/\/portalmf.com.br\/index.php\/2023\/03\/22\/pm-informa-que-nao-montara-camarote-na-micareta-de-feira-2023-prefeitura-responde\/#breadcrumb\"},\"inLanguage\":\"pt-BR\",\"potentialAction\":[{\"@type\":\"ReadAction\",\"target\":[\"https:\/\/portalmf.com.br\/index.php\/2023\/03\/22\/pm-informa-que-nao-montara-camarote-na-micareta-de-feira-2023-prefeitura-responde\/\"]}]},{\"@type\":\"ImageObject\",\"inLanguage\":\"pt-BR\",\"@id\":\"https:\/\/portalmf.com.br\/index.php\/2023\/03\/22\/pm-informa-que-nao-montara-camarote-na-micareta-de-feira-2023-prefeitura-responde\/#primaryimage\",\"url\":\"https:\/\/portalmf.com.br\/wp-content\/uploads\/2023\/03\/foto_camarotedapm_micaretadefeira_portalmf.jpg\",\"contentUrl\":\"https:\/\/portalmf.com.br\/wp-content\/uploads\/2023\/03\/foto_camarotedapm_micaretadefeira_portalmf.jpg\",\"width\":1600,\"height\":1066,\"caption\":\"Foto: Ascom \/ CPML\"},{\"@type\":\"BreadcrumbList\",\"@id\":\"https:\/\/portalmf.com.br\/index.php\/2023\/03\/22\/pm-informa-que-nao-montara-camarote-na-micareta-de-feira-2023-prefeitura-responde\/#breadcrumb\",\"itemListElement\":[{\"@type\":\"ListItem\",\"position\":1,\"name\":\"In\u00edcio\",\"item\":\"https:\/\/portalmf.com.br\/\"},{\"@type\":\"ListItem\",\"position\":2,\"name\":\"PM informa que n\u00e3o montar\u00e1 camarote na Micareta de Feira 2023, Prefeitura responde\"}]},{\"@type\":\"WebSite\",\"@id\":\"https:\/\/portalmf.com.br\/#website\",\"url\":\"https:\/\/portalmf.com.br\/\",\"name\":\"Portal MF\",\"description\":\"Voc\u00ea conectado com a informa\u00e7\u00e3o\",\"potentialAction\":[{\"@type\":\"SearchAction\",\"target\":{\"@type\":\"EntryPoint\",\"urlTemplate\":\"https:\/\/portalmf.com.br\/?s={search_term_string}\"},\"query-input\":\"required name=search_term_string\"}],\"inLanguage\":\"pt-BR\"},{\"@type\":\"Person\",\"@id\":\"https:\/\/portalmf.com.br\/#\/schema\/person\/11c82086fe8abc05a19147e964587285\",\"name\":\"Reginaldo J\u00fanior\",\"image\":{\"@type\":\"ImageObject\",\"inLanguage\":\"pt-BR\",\"@id\":\"https:\/\/portalmf.com.br\/#\/schema\/person\/image\/\",\"url\":\"https:\/\/secure.gravatar.com\/avatar\/32a3c797cd0ac47cc53b8644c62776f9?s=96&d=mm&r=g\",\"contentUrl\":\"https:\/\/secure.gravatar.com\/avatar\/32a3c797cd0ac47cc53b8644c62776f9?s=96&d=mm&r=g\",\"caption\":\"Reginaldo J\u00fanior\"},\"description\":\"Jornalista e idealizador Portal MF\",\"sameAs\":[\"https:\/\/portalmf.com.br\/index.php\/author\/reginaldojr\/\",\"reginaldojrfsa\",\"reginaldojuniormf\",\"https:\/\/x.com\/reginaldojrmf\"],\"url\":\"https:\/\/portalmf.com.br\/index.php\/author\/reginaldojr\/\"}]}<\/script>\n<!-- \/ Yoast SEO plugin. -->","yoast_head_json":{"title":"PM informa que n\u00e3o montar\u00e1 camarote na Micareta de Feira 2023, Prefeitura responde - Portal MF","robots":{"index":"index","follow":"follow","max-snippet":"max-snippet:-1","max-image-preview":"max-image-preview:large","max-video-preview":"max-video-preview:-1"},"canonical":"https:\/\/portalmf.com.br\/index.php\/2023\/03\/22\/pm-informa-que-nao-montara-camarote-na-micareta-de-feira-2023-prefeitura-responde\/","og_locale":"pt_BR","og_type":"article","og_title":"PM informa que n\u00e3o montar\u00e1 camarote na Micareta de Feira 2023, Prefeitura responde - Portal MF","og_description":"Na noite desta ter\u00e7a-feira (21), o Comando de Policiamento da Regi\u00e3o Leste (CPRL), que coordena a seguran\u00e7a p\u00fablica, atrav\u00e9s da Pol\u00edcia Militar, no munic\u00edpio de Feira de Santana, informou atrav\u00e9s de nota, que o camarote da institui\u00e7\u00e3o n\u00e3o ser\u00e1 montado no circuito da Micareta de Feira 2023. &nbsp; O espa\u00e7o voltado para policiais de folga [&hellip;]","og_url":"https:\/\/portalmf.com.br\/index.php\/2023\/03\/22\/pm-informa-que-nao-montara-camarote-na-micareta-de-feira-2023-prefeitura-responde\/","og_site_name":"Portal MF","article_author":"reginaldojrfsa","article_published_time":"2023-03-22T14:19:45+00:00","article_modified_time":"2023-03-22T14:39:27+00:00","og_image":[{"width":1600,"height":1066,"url":"https:\/\/portalmf.com.br\/wp-content\/uploads\/2023\/03\/foto_camarotedapm_micaretadefeira_portalmf.jpg","type":"image\/jpeg"}],"author":"Reginaldo J\u00fanior","twitter_card":"summary_large_image","twitter_creator":"@reginaldojrmf","twitter_misc":{"Escrito por":"Reginaldo J\u00fanior","Est. tempo de leitura":"9 minutos"},"schema":{"@context":"https:\/\/schema.org","@graph":[{"@type":"WebPage","@id":"https:\/\/portalmf.com.br\/index.php\/2023\/03\/22\/pm-informa-que-nao-montara-camarote-na-micareta-de-feira-2023-prefeitura-responde\/","url":"https:\/\/portalmf.com.br\/index.php\/2023\/03\/22\/pm-informa-que-nao-montara-camarote-na-micareta-de-feira-2023-prefeitura-responde\/","name":"PM informa que n\u00e3o montar\u00e1 camarote na Micareta de Feira 2023, Prefeitura responde - Portal MF","isPartOf":{"@id":"https:\/\/portalmf.com.br\/#website"},"primaryImageOfPage":{"@id":"https:\/\/portalmf.com.br\/index.php\/2023\/03\/22\/pm-informa-que-nao-montara-camarote-na-micareta-de-feira-2023-prefeitura-responde\/#primaryimage"},"image":{"@id":"https:\/\/portalmf.com.br\/index.php\/2023\/03\/22\/pm-informa-que-nao-montara-camarote-na-micareta-de-feira-2023-prefeitura-responde\/#primaryimage"},"thumbnailUrl":"https:\/\/portalmf.com.br\/wp-content\/uploads\/2023\/03\/foto_camarotedapm_micaretadefeira_portalmf.jpg","datePublished":"2023-03-22T14:19:45+00:00","dateModified":"2023-03-22T14:39:27+00:00","author":{"@id":"https:\/\/portalmf.com.br\/#\/schema\/person\/11c82086fe8abc05a19147e964587285"},"breadcrumb":{"@id":"https:\/\/portalmf.com.br\/index.php\/2023\/03\/22\/pm-informa-que-nao-montara-camarote-na-micareta-de-feira-2023-prefeitura-responde\/#breadcrumb"},"inLanguage":"pt-BR","potentialAction":[{"@type":"ReadAction","target":["https:\/\/portalmf.com.br\/index.php\/2023\/03\/22\/pm-informa-que-nao-montara-camarote-na-micareta-de-feira-2023-prefeitura-responde\/"]}]},{"@type":"ImageObject","inLanguage":"pt-BR","@id":"https:\/\/portalmf.com.br\/index.php\/2023\/03\/22\/pm-informa-que-nao-montara-camarote-na-micareta-de-feira-2023-prefeitura-responde\/#primaryimage","url":"https:\/\/portalmf.com.br\/wp-content\/uploads\/2023\/03\/foto_camarotedapm_micaretadefeira_portalmf.jpg","contentUrl":"https:\/\/portalmf.com.br\/wp-content\/uploads\/2023\/03\/foto_camarotedapm_micaretadefeira_portalmf.jpg","width":1600,"height":1066,"caption":"Foto: Ascom \/ CPML"},{"@type":"BreadcrumbList","@id":"https:\/\/portalmf.com.br\/index.php\/2023\/03\/22\/pm-informa-que-nao-montara-camarote-na-micareta-de-feira-2023-prefeitura-responde\/#breadcrumb","itemListElement":[{"@type":"ListItem","position":1,"name":"In\u00edcio","item":"https:\/\/portalmf.com.br\/"},{"@type":"ListItem","position":2,"name":"PM informa que n\u00e3o montar\u00e1 camarote na Micareta de Feira 2023, Prefeitura responde"}]},{"@type":"WebSite","@id":"https:\/\/portalmf.com.br\/#website","url":"https:\/\/portalmf.com.br\/","name":"Portal MF","description":"Voc\u00ea conectado com a informa\u00e7\u00e3o","potentialAction":[{"@type":"SearchAction","target":{"@type":"EntryPoint","urlTemplate":"https:\/\/portalmf.com.br\/?s={search_term_string}"},"query-input":"required name=search_term_string"}],"inLanguage":"pt-BR"},{"@type":"Person","@id":"https:\/\/portalmf.com.br\/#\/schema\/person\/11c82086fe8abc05a19147e964587285","name":"Reginaldo J\u00fanior","image":{"@type":"ImageObject","inLanguage":"pt-BR","@id":"https:\/\/portalmf.com.br\/#\/schema\/person\/image\/","url":"https:\/\/secure.gravatar.com\/avatar\/32a3c797cd0ac47cc53b8644c62776f9?s=96&d=mm&r=g","contentUrl":"https:\/\/secure.gravatar.com\/avatar\/32a3c797cd0ac47cc53b8644c62776f9?s=96&d=mm&r=g","caption":"Reginaldo J\u00fanior"},"description":"Jornalista e idealizador Portal MF","sameAs":["https:\/\/portalmf.com.br\/index.php\/author\/reginaldojr\/","reginaldojrfsa","reginaldojuniormf","https:\/\/x.com\/reginaldojrmf"],"url":"https:\/\/portalmf.com.br\/index.php\/author\/reginaldojr\/"}]}},"_links":{"self":[{"href":"https:\/\/portalmf.com.br\/index.php\/wp-json\/wp\/v2\/posts\/10234"}],"collection":[{"href":"https:\/\/portalmf.com.br\/index.php\/wp-json\/wp\/v2\/posts"}],"about":[{"href":"https:\/\/portalmf.com.br\/index.php\/wp-json\/wp\/v2\/types\/post"}],"author":[{"embeddable":true,"href":"https:\/\/portalmf.com.br\/index.php\/wp-json\/wp\/v2\/users\/2"}],"replies":[{"embeddable":true,"href":"https:\/\/portalmf.com.br\/index.php\/wp-json\/wp\/v2\/comments?post=10234"}],"version-history":[{"count":2,"href":"https:\/\/portalmf.com.br\/index.php\/wp-json\/wp\/v2\/posts\/10234\/revisions"}],"predecessor-version":[{"id":10237,"href":"https:\/\/portalmf.com.br\/index.php\/wp-json\/wp\/v2\/posts\/10234\/revisions\/10237"}],"wp:featuredmedia":[{"embeddable":true,"href":"https:\/\/portalmf.com.br\/index.php\/wp-json\/wp\/v2\/media\/10235"}],"wp:attachment":[{"href":"https:\/\/portalmf.com.br\/index.php\/wp-json\/wp\/v2\/media?parent=10234"}],"wp:term":[{"taxonomy":"category","embeddable":true,"href":"https:\/\/portalmf.com.br\/index.php\/wp-json\/wp\/v2\/categories?post=10234"},{"taxonomy":"post_tag","embeddable":true,"href":"https:\/\/portalmf.com.br\/index.php\/wp-json\/wp\/v2\/tags?post=10234"}],"curies":[{"name":"wp","href":"https:\/\/api.w.org\/{rel}","templated":true}]}}