{"id":10231,"date":"2023-03-21T19:23:16","date_gmt":"2023-03-21T22:23:16","guid":{"rendered":"https:\/\/portalmf.com.br\/?p=10231"},"modified":"2023-03-21T19:23:18","modified_gmt":"2023-03-21T22:23:18","slug":"thiago-aquino-revela-expectativa-de-estreia-na-micareta-de-feira","status":"publish","type":"post","link":"https:\/\/portalmf.com.br\/index.php\/2023\/03\/21\/thiago-aquino-revela-expectativa-de-estreia-na-micareta-de-feira\/","title":{"rendered":"Thiago Aquino revela expectativa de estreia na Micareta de Feira"},"content":{"rendered":"\n<p>Int\u00e9rprete de v\u00e1rios sucessos como, &#8220;Erro Que d\u00e1 Certo&#8221;, &#8220;Balde na Cabe\u00e7a&#8221;, &#8220;Chip Novo&#8221;, entre outros, o cantor Thiago Aquino foi divulgado oficialmente, nesta segunda (20), entre as principais atra\u00e7\u00f5es da Micareta de Feira. O comunicado foi feito pelo prefeito Colbert Martins, em coletiva de imprensa, no Pa\u00e7o Municipal.<\/p>\n\n\n\n<p><em>&#8220;Nesta Micareta, n\u00e3o poderia deixar de ter um feirense muito forte: Thiago Aquino, estourado do arrocha no Brasil inteiro. O menino do bairro Queimadinha, que j\u00e1 foi entregador de caixas de verduras nas feiras ganhando R$ 10 por semana, estourou e, gra\u00e7as \u00e0 Deus, estar\u00e1 conosco na nossa micareta.&#8221;<\/em><\/p>\n\n\n\n<p>Em 2016, Aquino chegou a cantar em um pequeno trio na Micareta de Feira, onde teve o seu primeiro contato com o circuito Maneca Ferreira. Mas, agora em 2023 o artista vive uma grande expectativa para a folia, que marcar\u00e1 a sua estreia na avenida.<\/p>\n\n\n\n<p><em>&#8220;Estou muito feliz. \u00c9 a minha primeira micareta puxando um trio na cidade em que nasci. Estou vivendo um sonho, mais um que est\u00e1 se realizando. H\u00e1 um m\u00eas, abrimos e fechamos o Carnaval de Salvador, foi um momento \u00edmpar na minha carreira, mas nada como tocar em casa para o meu povo&#8221;,<\/em> disse realizado.<\/p>\n\n\n\n<p>Recentemente, Aquino desembarcou em S\u00e3o Paulo depois de um curto per\u00edodo de f\u00e9rias p\u00f3s-carnaval para realizar seu 2\u00ba tour pela cidade. Ele lotou todos os quatro shows nos dias 10 e 11 de mar\u00e7o, incluindo o Centro de Tradi\u00e7\u00f5es Nordestinas (CTN) &#8211; espa\u00e7o cultural dedicado a valoriza\u00e7\u00e3o e preserva\u00e7\u00e3o da cultura nordestina no estado. Na ocasi\u00e3o, o artista aproveitou para divulgar a turn\u00ea &#8216;Arrocha\u00ea&#8217;. Fruto da parceria com Pablo e Unha Pintada, o projeto promete percorrer o Brasil, incluindo a &#8216;Terra da Garoa&#8217; ainda este ano, al\u00e9m da Bahia, Pernambuco, Esp\u00edrito Santo e Rio de Janeiro.<\/p>\n","protected":false},"excerpt":{"rendered":"<p>Int\u00e9rprete de v\u00e1rios sucessos como, &#8220;Erro Que d\u00e1 Certo&#8221;, &#8220;Balde na Cabe\u00e7a&#8221;, &#8220;Chip Novo&#8221;, entre outros, o cantor Thiago Aquino foi divulgado oficialmente, nesta segunda (20), entre as principais atra\u00e7\u00f5es da Micareta de Feira. O comunicado foi feito pelo prefeito Colbert Martins, em coletiva de imprensa, no Pa\u00e7o Municipal. &#8220;Nesta Micareta, n\u00e3o poderia deixar de [&hellip;]<\/p>\n","protected":false},"author":3,"featured_media":10232,"comment_status":"open","ping_status":"open","sticky":false,"template":"","format":"standard","meta":{"_monsterinsights_skip_tracking":false,"_monsterinsights_sitenote_active":false,"_monsterinsights_sitenote_note":"","_monsterinsights_sitenote_category":0,"footnotes":""},"categories":[47,39],"tags":[],"yoast_head":"<!-- This site is optimized with the Yoast SEO plugin v22.9 - https:\/\/yoast.com\/wordpress\/plugins\/seo\/ -->\n<title>Thiago Aquino revela expectativa de estreia na Micareta de Feira - Portal MF<\/title>\n<meta name=\"robots\" content=\"index, follow, max-snippet:-1, max-image-preview:large, max-video-preview:-1\" \/>\n<link rel=\"canonical\" href=\"https:\/\/portalmf.com.br\/index.php\/2023\/03\/21\/thiago-aquino-revela-expectativa-de-estreia-na-micareta-de-feira\/\" \/>\n<meta property=\"og:locale\" content=\"pt_BR\" \/>\n<meta property=\"og:type\" content=\"article\" \/>\n<meta property=\"og:title\" content=\"Thiago Aquino revela expectativa de estreia na Micareta de Feira - Portal MF\" \/>\n<meta property=\"og:description\" content=\"Int\u00e9rprete de v\u00e1rios sucessos como, &#8220;Erro Que d\u00e1 Certo&#8221;, &#8220;Balde na Cabe\u00e7a&#8221;, &#8220;Chip Novo&#8221;, entre outros, o cantor Thiago Aquino foi divulgado oficialmente, nesta segunda (20), entre as principais atra\u00e7\u00f5es da Micareta de Feira. O comunicado foi feito pelo prefeito Colbert Martins, em coletiva de imprensa, no Pa\u00e7o Municipal. &#8220;Nesta Micareta, n\u00e3o poderia deixar de [&hellip;]\" \/>\n<meta property=\"og:url\" content=\"https:\/\/portalmf.com.br\/index.php\/2023\/03\/21\/thiago-aquino-revela-expectativa-de-estreia-na-micareta-de-feira\/\" \/>\n<meta property=\"og:site_name\" content=\"Portal MF\" \/>\n<meta property=\"article:author\" content=\"https:\/\/www.facebook.com\/portalmfoficial\" \/>\n<meta property=\"article:published_time\" content=\"2023-03-21T22:23:16+00:00\" \/>\n<meta property=\"article:modified_time\" content=\"2023-03-21T22:23:18+00:00\" \/>\n<meta property=\"og:image\" content=\"https:\/\/portalmf.com.br\/wp-content\/uploads\/2023\/03\/thiago_aquino_carnaval_foto_reginaldo_junior.jpg\" \/>\n\t<meta property=\"og:image:width\" content=\"1800\" \/>\n\t<meta property=\"og:image:height\" content=\"966\" \/>\n\t<meta property=\"og:image:type\" content=\"image\/jpeg\" \/>\n<meta name=\"author\" content=\"Reda\u00e7\u00e3o Portal MF\" \/>\n<meta name=\"twitter:card\" content=\"summary_large_image\" \/>\n<meta name=\"twitter:creator\" content=\"@https:\/\/x.com\/portalmfoficial\" \/>\n<meta name=\"twitter:label1\" content=\"Escrito por\" \/>\n\t<meta name=\"twitter:data1\" content=\"Reda\u00e7\u00e3o Portal MF\" \/>\n\t<meta name=\"twitter:label2\" content=\"Est. tempo de leitura\" \/>\n\t<meta name=\"twitter:data2\" content=\"2 minutos\" \/>\n<script type=\"application\/ld+json\" class=\"yoast-schema-graph\">{\"@context\":\"https:\/\/schema.org\",\"@graph\":[{\"@type\":\"WebPage\",\"@id\":\"https:\/\/portalmf.com.br\/index.php\/2023\/03\/21\/thiago-aquino-revela-expectativa-de-estreia-na-micareta-de-feira\/\",\"url\":\"https:\/\/portalmf.com.br\/index.php\/2023\/03\/21\/thiago-aquino-revela-expectativa-de-estreia-na-micareta-de-feira\/\",\"name\":\"Thiago Aquino revela expectativa de estreia na Micareta de Feira - Portal MF\",\"isPartOf\":{\"@id\":\"https:\/\/portalmf.com.br\/#website\"},\"primaryImageOfPage\":{\"@id\":\"https:\/\/portalmf.com.br\/index.php\/2023\/03\/21\/thiago-aquino-revela-expectativa-de-estreia-na-micareta-de-feira\/#primaryimage\"},\"image\":{\"@id\":\"https:\/\/portalmf.com.br\/index.php\/2023\/03\/21\/thiago-aquino-revela-expectativa-de-estreia-na-micareta-de-feira\/#primaryimage\"},\"thumbnailUrl\":\"https:\/\/portalmf.com.br\/wp-content\/uploads\/2023\/03\/thiago_aquino_carnaval_foto_reginaldo_junior.jpg\",\"datePublished\":\"2023-03-21T22:23:16+00:00\",\"dateModified\":\"2023-03-21T22:23:18+00:00\",\"author\":{\"@id\":\"https:\/\/portalmf.com.br\/#\/schema\/person\/9ec101baf56233e53520c26de5d6f6f0\"},\"breadcrumb\":{\"@id\":\"https:\/\/portalmf.com.br\/index.php\/2023\/03\/21\/thiago-aquino-revela-expectativa-de-estreia-na-micareta-de-feira\/#breadcrumb\"},\"inLanguage\":\"pt-BR\",\"potentialAction\":[{\"@type\":\"ReadAction\",\"target\":[\"https:\/\/portalmf.com.br\/index.php\/2023\/03\/21\/thiago-aquino-revela-expectativa-de-estreia-na-micareta-de-feira\/\"]}]},{\"@type\":\"ImageObject\",\"inLanguage\":\"pt-BR\",\"@id\":\"https:\/\/portalmf.com.br\/index.php\/2023\/03\/21\/thiago-aquino-revela-expectativa-de-estreia-na-micareta-de-feira\/#primaryimage\",\"url\":\"https:\/\/portalmf.com.br\/wp-content\/uploads\/2023\/03\/thiago_aquino_carnaval_foto_reginaldo_junior.jpg\",\"contentUrl\":\"https:\/\/portalmf.com.br\/wp-content\/uploads\/2023\/03\/thiago_aquino_carnaval_foto_reginaldo_junior.jpg\",\"width\":1800,\"height\":966,\"caption\":\"Foto: Reginaldo J\u00fanior \/ Portal MF\"},{\"@type\":\"BreadcrumbList\",\"@id\":\"https:\/\/portalmf.com.br\/index.php\/2023\/03\/21\/thiago-aquino-revela-expectativa-de-estreia-na-micareta-de-feira\/#breadcrumb\",\"itemListElement\":[{\"@type\":\"ListItem\",\"position\":1,\"name\":\"In\u00edcio\",\"item\":\"https:\/\/portalmf.com.br\/\"},{\"@type\":\"ListItem\",\"position\":2,\"name\":\"Thiago Aquino revela expectativa de estreia na Micareta de Feira\"}]},{\"@type\":\"WebSite\",\"@id\":\"https:\/\/portalmf.com.br\/#website\",\"url\":\"https:\/\/portalmf.com.br\/\",\"name\":\"Portal MF\",\"description\":\"Voc\u00ea conectado com a informa\u00e7\u00e3o\",\"potentialAction\":[{\"@type\":\"SearchAction\",\"target\":{\"@type\":\"EntryPoint\",\"urlTemplate\":\"https:\/\/portalmf.com.br\/?s={search_term_string}\"},\"query-input\":\"required name=search_term_string\"}],\"inLanguage\":\"pt-BR\"},{\"@type\":\"Person\",\"@id\":\"https:\/\/portalmf.com.br\/#\/schema\/person\/9ec101baf56233e53520c26de5d6f6f0\",\"name\":\"Reda\u00e7\u00e3o Portal MF\",\"image\":{\"@type\":\"ImageObject\",\"inLanguage\":\"pt-BR\",\"@id\":\"https:\/\/portalmf.com.br\/#\/schema\/person\/image\/\",\"url\":\"https:\/\/secure.gravatar.com\/avatar\/41b9aaeb2100835f7c64362330f74c7f?s=96&d=mm&r=g\",\"contentUrl\":\"https:\/\/secure.gravatar.com\/avatar\/41b9aaeb2100835f7c64362330f74c7f?s=96&d=mm&r=g\",\"caption\":\"Reda\u00e7\u00e3o Portal MF\"},\"description\":\"Sejam bem-vindos o portal de informa\u00e7\u00f5es de entretenimento de Feira de Santana, desde 2006 realiza coberturas dos principais eventos com entrevistas exclusivas com as principais personalidades mundiais. Fique conectado tamb\u00e9m nas redes sociais.\",\"sameAs\":[\"http:\/\/www.portalmf.com.br\/\",\"https:\/\/www.facebook.com\/portalmfoficial\",\"https:\/\/www.instagram.com\/portalmf\/\",\"https:\/\/x.com\/https:\/\/x.com\/portalmfoficial\",\"https:\/\/www.youtube.com\/@portalmfoficial\"],\"url\":\"https:\/\/portalmf.com.br\/index.php\/author\/junior\/\"}]}<\/script>\n<!-- \/ Yoast SEO plugin. -->","yoast_head_json":{"title":"Thiago Aquino revela expectativa de estreia na Micareta de Feira - Portal MF","robots":{"index":"index","follow":"follow","max-snippet":"max-snippet:-1","max-image-preview":"max-image-preview:large","max-video-preview":"max-video-preview:-1"},"canonical":"https:\/\/portalmf.com.br\/index.php\/2023\/03\/21\/thiago-aquino-revela-expectativa-de-estreia-na-micareta-de-feira\/","og_locale":"pt_BR","og_type":"article","og_title":"Thiago Aquino revela expectativa de estreia na Micareta de Feira - Portal MF","og_description":"Int\u00e9rprete de v\u00e1rios sucessos como, &#8220;Erro Que d\u00e1 Certo&#8221;, &#8220;Balde na Cabe\u00e7a&#8221;, &#8220;Chip Novo&#8221;, entre outros, o cantor Thiago Aquino foi divulgado oficialmente, nesta segunda (20), entre as principais atra\u00e7\u00f5es da Micareta de Feira. O comunicado foi feito pelo prefeito Colbert Martins, em coletiva de imprensa, no Pa\u00e7o Municipal. &#8220;Nesta Micareta, n\u00e3o poderia deixar de [&hellip;]","og_url":"https:\/\/portalmf.com.br\/index.php\/2023\/03\/21\/thiago-aquino-revela-expectativa-de-estreia-na-micareta-de-feira\/","og_site_name":"Portal MF","article_author":"https:\/\/www.facebook.com\/portalmfoficial","article_published_time":"2023-03-21T22:23:16+00:00","article_modified_time":"2023-03-21T22:23:18+00:00","og_image":[{"width":1800,"height":966,"url":"https:\/\/portalmf.com.br\/wp-content\/uploads\/2023\/03\/thiago_aquino_carnaval_foto_reginaldo_junior.jpg","type":"image\/jpeg"}],"author":"Reda\u00e7\u00e3o Portal MF","twitter_card":"summary_large_image","twitter_creator":"@https:\/\/x.com\/portalmfoficial","twitter_misc":{"Escrito por":"Reda\u00e7\u00e3o Portal MF","Est. tempo de leitura":"2 minutos"},"schema":{"@context":"https:\/\/schema.org","@graph":[{"@type":"WebPage","@id":"https:\/\/portalmf.com.br\/index.php\/2023\/03\/21\/thiago-aquino-revela-expectativa-de-estreia-na-micareta-de-feira\/","url":"https:\/\/portalmf.com.br\/index.php\/2023\/03\/21\/thiago-aquino-revela-expectativa-de-estreia-na-micareta-de-feira\/","name":"Thiago Aquino revela expectativa de estreia na Micareta de Feira - Portal MF","isPartOf":{"@id":"https:\/\/portalmf.com.br\/#website"},"primaryImageOfPage":{"@id":"https:\/\/portalmf.com.br\/index.php\/2023\/03\/21\/thiago-aquino-revela-expectativa-de-estreia-na-micareta-de-feira\/#primaryimage"},"image":{"@id":"https:\/\/portalmf.com.br\/index.php\/2023\/03\/21\/thiago-aquino-revela-expectativa-de-estreia-na-micareta-de-feira\/#primaryimage"},"thumbnailUrl":"https:\/\/portalmf.com.br\/wp-content\/uploads\/2023\/03\/thiago_aquino_carnaval_foto_reginaldo_junior.jpg","datePublished":"2023-03-21T22:23:16+00:00","dateModified":"2023-03-21T22:23:18+00:00","author":{"@id":"https:\/\/portalmf.com.br\/#\/schema\/person\/9ec101baf56233e53520c26de5d6f6f0"},"breadcrumb":{"@id":"https:\/\/portalmf.com.br\/index.php\/2023\/03\/21\/thiago-aquino-revela-expectativa-de-estreia-na-micareta-de-feira\/#breadcrumb"},"inLanguage":"pt-BR","potentialAction":[{"@type":"ReadAction","target":["https:\/\/portalmf.com.br\/index.php\/2023\/03\/21\/thiago-aquino-revela-expectativa-de-estreia-na-micareta-de-feira\/"]}]},{"@type":"ImageObject","inLanguage":"pt-BR","@id":"https:\/\/portalmf.com.br\/index.php\/2023\/03\/21\/thiago-aquino-revela-expectativa-de-estreia-na-micareta-de-feira\/#primaryimage","url":"https:\/\/portalmf.com.br\/wp-content\/uploads\/2023\/03\/thiago_aquino_carnaval_foto_reginaldo_junior.jpg","contentUrl":"https:\/\/portalmf.com.br\/wp-content\/uploads\/2023\/03\/thiago_aquino_carnaval_foto_reginaldo_junior.jpg","width":1800,"height":966,"caption":"Foto: Reginaldo J\u00fanior \/ Portal MF"},{"@type":"BreadcrumbList","@id":"https:\/\/portalmf.com.br\/index.php\/2023\/03\/21\/thiago-aquino-revela-expectativa-de-estreia-na-micareta-de-feira\/#breadcrumb","itemListElement":[{"@type":"ListItem","position":1,"name":"In\u00edcio","item":"https:\/\/portalmf.com.br\/"},{"@type":"ListItem","position":2,"name":"Thiago Aquino revela expectativa de estreia na Micareta de Feira"}]},{"@type":"WebSite","@id":"https:\/\/portalmf.com.br\/#website","url":"https:\/\/portalmf.com.br\/","name":"Portal MF","description":"Voc\u00ea conectado com a informa\u00e7\u00e3o","potentialAction":[{"@type":"SearchAction","target":{"@type":"EntryPoint","urlTemplate":"https:\/\/portalmf.com.br\/?s={search_term_string}"},"query-input":"required name=search_term_string"}],"inLanguage":"pt-BR"},{"@type":"Person","@id":"https:\/\/portalmf.com.br\/#\/schema\/person\/9ec101baf56233e53520c26de5d6f6f0","name":"Reda\u00e7\u00e3o Portal MF","image":{"@type":"ImageObject","inLanguage":"pt-BR","@id":"https:\/\/portalmf.com.br\/#\/schema\/person\/image\/","url":"https:\/\/secure.gravatar.com\/avatar\/41b9aaeb2100835f7c64362330f74c7f?s=96&d=mm&r=g","contentUrl":"https:\/\/secure.gravatar.com\/avatar\/41b9aaeb2100835f7c64362330f74c7f?s=96&d=mm&r=g","caption":"Reda\u00e7\u00e3o Portal MF"},"description":"Sejam bem-vindos o portal de informa\u00e7\u00f5es de entretenimento de Feira de Santana, desde 2006 realiza coberturas dos principais eventos com entrevistas exclusivas com as principais personalidades mundiais. Fique conectado tamb\u00e9m nas redes sociais.","sameAs":["http:\/\/www.portalmf.com.br\/","https:\/\/www.facebook.com\/portalmfoficial","https:\/\/www.instagram.com\/portalmf\/","https:\/\/x.com\/https:\/\/x.com\/portalmfoficial","https:\/\/www.youtube.com\/@portalmfoficial"],"url":"https:\/\/portalmf.com.br\/index.php\/author\/junior\/"}]}},"_links":{"self":[{"href":"https:\/\/portalmf.com.br\/index.php\/wp-json\/wp\/v2\/posts\/10231"}],"collection":[{"href":"https:\/\/portalmf.com.br\/index.php\/wp-json\/wp\/v2\/posts"}],"about":[{"href":"https:\/\/portalmf.com.br\/index.php\/wp-json\/wp\/v2\/types\/post"}],"author":[{"embeddable":true,"href":"https:\/\/portalmf.com.br\/index.php\/wp-json\/wp\/v2\/users\/3"}],"replies":[{"embeddable":true,"href":"https:\/\/portalmf.com.br\/index.php\/wp-json\/wp\/v2\/comments?post=10231"}],"version-history":[{"count":1,"href":"https:\/\/portalmf.com.br\/index.php\/wp-json\/wp\/v2\/posts\/10231\/revisions"}],"predecessor-version":[{"id":10233,"href":"https:\/\/portalmf.com.br\/index.php\/wp-json\/wp\/v2\/posts\/10231\/revisions\/10233"}],"wp:featuredmedia":[{"embeddable":true,"href":"https:\/\/portalmf.com.br\/index.php\/wp-json\/wp\/v2\/media\/10232"}],"wp:attachment":[{"href":"https:\/\/portalmf.com.br\/index.php\/wp-json\/wp\/v2\/media?parent=10231"}],"wp:term":[{"taxonomy":"category","embeddable":true,"href":"https:\/\/portalmf.com.br\/index.php\/wp-json\/wp\/v2\/categories?post=10231"},{"taxonomy":"post_tag","embeddable":true,"href":"https:\/\/portalmf.com.br\/index.php\/wp-json\/wp\/v2\/tags?post=10231"}],"curies":[{"name":"wp","href":"https:\/\/api.w.org\/{rel}","templated":true}]}}