{"id":10169,"date":"2023-03-20T11:57:00","date_gmt":"2023-03-20T14:57:00","guid":{"rendered":"https:\/\/portalmf.com.br\/?p=10169"},"modified":"2023-03-20T19:22:53","modified_gmt":"2023-03-20T22:22:53","slug":"sound-mare-e-afro-pop-animaram-lavagem-dos-bancarios-2023","status":"publish","type":"post","link":"https:\/\/portalmf.com.br\/index.php\/2023\/03\/20\/sound-mare-e-afro-pop-animaram-lavagem-dos-bancarios-2023\/","title":{"rendered":"<strong>Sound Mar\u00e9 e Afro Pop animaram Lavagem dos Banc\u00e1rios 2023<\/strong>"},"content":{"rendered":"\n<p>Com direito a banho de piscina, aconteceu neste domingo (19), a Lavagem dos Banc\u00e1rios 2023, o primeiro evento pr\u00e9-micaretesco da cidade, a festa aconteceu no Clube dos Banc\u00e1rios de Feira de Santana e contou com as apresenta\u00e7\u00f5es das bandas Sound Mar\u00e9 e Afro Pop.<\/p>\n\n\n\n<p>A festa renuiu banc\u00e1rios, familiares e amigos da categoria, que aproveitaram o clima de festa para fazer um esquenta para Micareta de Feira que acontece entre os dias 20 a 23 de abril.<\/p>\n\n\n\n<p><em>\u201cIniciando os festejos de micareta com o p\u00e9 direito, ap\u00f3s a pandemia onde ficamos sem condi\u00e7\u00f5es de realiz\u00e1-lo, estamos oferecendo a categoria banc\u00e1ria, amigos e familiares um dia de lazer com duas grandes bandas cidades, que representam o ax\u00e9 baiano\u201d,<\/em> disse o Eritan Machado presidente do Sindicato do Banc\u00e1rios de Feira de Santana.<\/p>\n\n\n\n<figure class=\"wp-block-image size-large\"><img fetchpriority=\"high\" decoding=\"async\" width=\"1024\" height=\"461\" src=\"https:\/\/portalmf.com.br\/wp-content\/uploads\/2023\/03\/lavagem-dos-bancarios-3-1024x461.jpg\" alt=\"\" class=\"wp-image-10172\" srcset=\"https:\/\/portalmf.com.br\/wp-content\/uploads\/2023\/03\/lavagem-dos-bancarios-3-1024x461.jpg 1024w, https:\/\/portalmf.com.br\/wp-content\/uploads\/2023\/03\/lavagem-dos-bancarios-3-300x135.jpg 300w, https:\/\/portalmf.com.br\/wp-content\/uploads\/2023\/03\/lavagem-dos-bancarios-3-768x346.jpg 768w, https:\/\/portalmf.com.br\/wp-content\/uploads\/2023\/03\/lavagem-dos-bancarios-3-1536x691.jpg 1536w, https:\/\/portalmf.com.br\/wp-content\/uploads\/2023\/03\/lavagem-dos-bancarios-3-2048x922.jpg 2048w, https:\/\/portalmf.com.br\/wp-content\/uploads\/2023\/03\/lavagem-dos-bancarios-3-1920x864.jpg 1920w, https:\/\/portalmf.com.br\/wp-content\/uploads\/2023\/03\/lavagem-dos-bancarios-3-1170x527.jpg 1170w, https:\/\/portalmf.com.br\/wp-content\/uploads\/2023\/03\/lavagem-dos-bancarios-3-585x263.jpg 585w\" sizes=\"(max-width: 1024px) 100vw, 1024px\" \/><figcaption class=\"wp-element-caption\">Foto: Reginaldo J\u00fanior \/ Portal MF<\/figcaption><\/figure>\n\n\n\n<p>A Lavagem dos Banc\u00e1rios foi aberta pela Sound Mar\u00e9, comandada pelo vocalista \u00cdcaro Cerqueira, que fez sua estreia no evento arrancando elogios de todos presentes que cantaram e dan\u00e7aram junto com a banda.<\/p>\n\n\n\n<p><em>\u201cFiz a minha estreia no evento e estou em \u00eaxtase com o clima da festa, para a mim a Micareta de Feira come\u00e7ou hoje e vamos seguir nesse clima at\u00e9 o final de abril. A festa foi maravilhosa, p\u00fablico super animado e todos do sindicato dos Banc\u00e1rios est\u00e3o de parab\u00e9ns pela organiza\u00e7\u00e3o do evento\u201d,<\/em> falou \u00cdcaro ao Portal MF.<\/p>\n\n\n\n<figure class=\"wp-block-image size-large\"><img decoding=\"async\" width=\"1024\" height=\"461\" src=\"https:\/\/portalmf.com.br\/wp-content\/uploads\/2023\/03\/lavagem-dos-bancarios-1-1024x461.jpg\" alt=\"\" class=\"wp-image-10170\" srcset=\"https:\/\/portalmf.com.br\/wp-content\/uploads\/2023\/03\/lavagem-dos-bancarios-1-1024x461.jpg 1024w, https:\/\/portalmf.com.br\/wp-content\/uploads\/2023\/03\/lavagem-dos-bancarios-1-300x135.jpg 300w, https:\/\/portalmf.com.br\/wp-content\/uploads\/2023\/03\/lavagem-dos-bancarios-1-768x346.jpg 768w, https:\/\/portalmf.com.br\/wp-content\/uploads\/2023\/03\/lavagem-dos-bancarios-1-1536x691.jpg 1536w, https:\/\/portalmf.com.br\/wp-content\/uploads\/2023\/03\/lavagem-dos-bancarios-1-2048x922.jpg 2048w, https:\/\/portalmf.com.br\/wp-content\/uploads\/2023\/03\/lavagem-dos-bancarios-1-1920x864.jpg 1920w, https:\/\/portalmf.com.br\/wp-content\/uploads\/2023\/03\/lavagem-dos-bancarios-1-1170x527.jpg 1170w, https:\/\/portalmf.com.br\/wp-content\/uploads\/2023\/03\/lavagem-dos-bancarios-1-585x263.jpg 585w\" sizes=\"(max-width: 1024px) 100vw, 1024px\" \/><figcaption class=\"wp-element-caption\">Foto: Reginaldo J\u00fanior \/ Portal MF<\/figcaption><\/figure>\n\n\n\n<p>Em seguida os tambores ecoaram no clube com o swing tribal da Afro Pop, banda que tem seis anos de atividades tocando e encantando milhares de pessoas.<\/p>\n\n\n\n<p><em>\u201c\u00c9 uma imensa satisfa\u00e7\u00e3o participar deste evento t\u00e3o lindo, estou emocionado, feliz, alegre, de voltar a cena, sentindo o calor da galera. A m\u00fasica faz esses sentimentos acontecerem e j\u00e1 estamos na expectativa para a Micareta de Feira\u201d<\/em>, diz Jeferson Akeno.<\/p>\n\n\n\n<p><strong>Em Tempo:<\/strong> Durante a entrevista ao Portal MF, Eritan Machado confirmou a realiza\u00e7\u00e3o do Forr\u00f3 do Pr\u00e9-Datado, um dos mais tradicionais da cidade, no in\u00edcio de junho.<\/p>\n","protected":false},"excerpt":{"rendered":"<p>Com direito a banho de piscina, aconteceu neste domingo (19), a Lavagem dos Banc\u00e1rios 2023, o primeiro evento pr\u00e9-micaretesco da cidade, a festa aconteceu no Clube dos Banc\u00e1rios de Feira de Santana e contou com as apresenta\u00e7\u00f5es das bandas Sound Mar\u00e9 e Afro Pop. A festa renuiu banc\u00e1rios, familiares e amigos da categoria, que aproveitaram [&hellip;]<\/p>\n","protected":false},"author":2,"featured_media":10171,"comment_status":"open","ping_status":"open","sticky":false,"template":"","format":"standard","meta":{"_monsterinsights_skip_tracking":false,"_monsterinsights_sitenote_active":false,"_monsterinsights_sitenote_note":"","_monsterinsights_sitenote_category":0,"footnotes":""},"categories":[47,39],"tags":[],"yoast_head":"<!-- This site is optimized with the Yoast SEO plugin v22.9 - https:\/\/yoast.com\/wordpress\/plugins\/seo\/ -->\n<title>Sound Mar\u00e9 e Afro Pop animaram Lavagem dos Banc\u00e1rios 2023 - Portal MF<\/title>\n<meta name=\"robots\" content=\"index, follow, max-snippet:-1, max-image-preview:large, max-video-preview:-1\" \/>\n<link rel=\"canonical\" href=\"https:\/\/portalmf.com.br\/index.php\/2023\/03\/20\/sound-mare-e-afro-pop-animaram-lavagem-dos-bancarios-2023\/\" \/>\n<meta property=\"og:locale\" content=\"pt_BR\" \/>\n<meta property=\"og:type\" content=\"article\" \/>\n<meta property=\"og:title\" content=\"Sound Mar\u00e9 e Afro Pop animaram Lavagem dos Banc\u00e1rios 2023 - Portal MF\" \/>\n<meta property=\"og:description\" content=\"Com direito a banho de piscina, aconteceu neste domingo (19), a Lavagem dos Banc\u00e1rios 2023, o primeiro evento pr\u00e9-micaretesco da cidade, a festa aconteceu no Clube dos Banc\u00e1rios de Feira de Santana e contou com as apresenta\u00e7\u00f5es das bandas Sound Mar\u00e9 e Afro Pop. A festa renuiu banc\u00e1rios, familiares e amigos da categoria, que aproveitaram [&hellip;]\" \/>\n<meta property=\"og:url\" content=\"https:\/\/portalmf.com.br\/index.php\/2023\/03\/20\/sound-mare-e-afro-pop-animaram-lavagem-dos-bancarios-2023\/\" \/>\n<meta property=\"og:site_name\" content=\"Portal MF\" \/>\n<meta property=\"article:author\" content=\"reginaldojrfsa\" \/>\n<meta property=\"article:published_time\" content=\"2023-03-20T14:57:00+00:00\" \/>\n<meta property=\"article:modified_time\" content=\"2023-03-20T22:22:53+00:00\" \/>\n<meta property=\"og:image\" content=\"https:\/\/portalmf.com.br\/wp-content\/uploads\/2023\/03\/lavagem-dos-bancarios-2-scaled.jpg\" \/>\n\t<meta property=\"og:image:width\" content=\"2560\" \/>\n\t<meta property=\"og:image:height\" content=\"1152\" \/>\n\t<meta property=\"og:image:type\" content=\"image\/jpeg\" \/>\n<meta name=\"author\" content=\"Reginaldo J\u00fanior\" \/>\n<meta name=\"twitter:card\" content=\"summary_large_image\" \/>\n<meta name=\"twitter:creator\" content=\"@reginaldojrmf\" \/>\n<meta name=\"twitter:label1\" content=\"Escrito por\" \/>\n\t<meta name=\"twitter:data1\" content=\"Reginaldo J\u00fanior\" \/>\n\t<meta name=\"twitter:label2\" content=\"Est. tempo de leitura\" \/>\n\t<meta name=\"twitter:data2\" content=\"3 minutos\" \/>\n<script type=\"application\/ld+json\" class=\"yoast-schema-graph\">{\"@context\":\"https:\/\/schema.org\",\"@graph\":[{\"@type\":\"WebPage\",\"@id\":\"https:\/\/portalmf.com.br\/index.php\/2023\/03\/20\/sound-mare-e-afro-pop-animaram-lavagem-dos-bancarios-2023\/\",\"url\":\"https:\/\/portalmf.com.br\/index.php\/2023\/03\/20\/sound-mare-e-afro-pop-animaram-lavagem-dos-bancarios-2023\/\",\"name\":\"Sound Mar\u00e9 e Afro Pop animaram Lavagem dos Banc\u00e1rios 2023 - Portal MF\",\"isPartOf\":{\"@id\":\"https:\/\/portalmf.com.br\/#website\"},\"primaryImageOfPage\":{\"@id\":\"https:\/\/portalmf.com.br\/index.php\/2023\/03\/20\/sound-mare-e-afro-pop-animaram-lavagem-dos-bancarios-2023\/#primaryimage\"},\"image\":{\"@id\":\"https:\/\/portalmf.com.br\/index.php\/2023\/03\/20\/sound-mare-e-afro-pop-animaram-lavagem-dos-bancarios-2023\/#primaryimage\"},\"thumbnailUrl\":\"https:\/\/portalmf.com.br\/wp-content\/uploads\/2023\/03\/lavagem-dos-bancarios-2-scaled.jpg\",\"datePublished\":\"2023-03-20T14:57:00+00:00\",\"dateModified\":\"2023-03-20T22:22:53+00:00\",\"author\":{\"@id\":\"https:\/\/portalmf.com.br\/#\/schema\/person\/11c82086fe8abc05a19147e964587285\"},\"breadcrumb\":{\"@id\":\"https:\/\/portalmf.com.br\/index.php\/2023\/03\/20\/sound-mare-e-afro-pop-animaram-lavagem-dos-bancarios-2023\/#breadcrumb\"},\"inLanguage\":\"pt-BR\",\"potentialAction\":[{\"@type\":\"ReadAction\",\"target\":[\"https:\/\/portalmf.com.br\/index.php\/2023\/03\/20\/sound-mare-e-afro-pop-animaram-lavagem-dos-bancarios-2023\/\"]}]},{\"@type\":\"ImageObject\",\"inLanguage\":\"pt-BR\",\"@id\":\"https:\/\/portalmf.com.br\/index.php\/2023\/03\/20\/sound-mare-e-afro-pop-animaram-lavagem-dos-bancarios-2023\/#primaryimage\",\"url\":\"https:\/\/portalmf.com.br\/wp-content\/uploads\/2023\/03\/lavagem-dos-bancarios-2-scaled.jpg\",\"contentUrl\":\"https:\/\/portalmf.com.br\/wp-content\/uploads\/2023\/03\/lavagem-dos-bancarios-2-scaled.jpg\",\"width\":2560,\"height\":1152,\"caption\":\"Foto: Reginaldo J\u00fanior \/ Portal MF\"},{\"@type\":\"BreadcrumbList\",\"@id\":\"https:\/\/portalmf.com.br\/index.php\/2023\/03\/20\/sound-mare-e-afro-pop-animaram-lavagem-dos-bancarios-2023\/#breadcrumb\",\"itemListElement\":[{\"@type\":\"ListItem\",\"position\":1,\"name\":\"In\u00edcio\",\"item\":\"https:\/\/portalmf.com.br\/\"},{\"@type\":\"ListItem\",\"position\":2,\"name\":\"Sound Mar\u00e9 e Afro Pop animaram Lavagem dos Banc\u00e1rios 2023\"}]},{\"@type\":\"WebSite\",\"@id\":\"https:\/\/portalmf.com.br\/#website\",\"url\":\"https:\/\/portalmf.com.br\/\",\"name\":\"Portal MF\",\"description\":\"Voc\u00ea conectado com a informa\u00e7\u00e3o\",\"potentialAction\":[{\"@type\":\"SearchAction\",\"target\":{\"@type\":\"EntryPoint\",\"urlTemplate\":\"https:\/\/portalmf.com.br\/?s={search_term_string}\"},\"query-input\":\"required name=search_term_string\"}],\"inLanguage\":\"pt-BR\"},{\"@type\":\"Person\",\"@id\":\"https:\/\/portalmf.com.br\/#\/schema\/person\/11c82086fe8abc05a19147e964587285\",\"name\":\"Reginaldo J\u00fanior\",\"image\":{\"@type\":\"ImageObject\",\"inLanguage\":\"pt-BR\",\"@id\":\"https:\/\/portalmf.com.br\/#\/schema\/person\/image\/\",\"url\":\"https:\/\/secure.gravatar.com\/avatar\/32a3c797cd0ac47cc53b8644c62776f9?s=96&d=mm&r=g\",\"contentUrl\":\"https:\/\/secure.gravatar.com\/avatar\/32a3c797cd0ac47cc53b8644c62776f9?s=96&d=mm&r=g\",\"caption\":\"Reginaldo J\u00fanior\"},\"description\":\"Jornalista e idealizador Portal MF\",\"sameAs\":[\"https:\/\/portalmf.com.br\/index.php\/author\/reginaldojr\/\",\"reginaldojrfsa\",\"reginaldojuniormf\",\"https:\/\/x.com\/reginaldojrmf\"],\"url\":\"https:\/\/portalmf.com.br\/index.php\/author\/reginaldojr\/\"}]}<\/script>\n<!-- \/ Yoast SEO plugin. -->","yoast_head_json":{"title":"Sound Mar\u00e9 e Afro Pop animaram Lavagem dos Banc\u00e1rios 2023 - Portal MF","robots":{"index":"index","follow":"follow","max-snippet":"max-snippet:-1","max-image-preview":"max-image-preview:large","max-video-preview":"max-video-preview:-1"},"canonical":"https:\/\/portalmf.com.br\/index.php\/2023\/03\/20\/sound-mare-e-afro-pop-animaram-lavagem-dos-bancarios-2023\/","og_locale":"pt_BR","og_type":"article","og_title":"Sound Mar\u00e9 e Afro Pop animaram Lavagem dos Banc\u00e1rios 2023 - Portal MF","og_description":"Com direito a banho de piscina, aconteceu neste domingo (19), a Lavagem dos Banc\u00e1rios 2023, o primeiro evento pr\u00e9-micaretesco da cidade, a festa aconteceu no Clube dos Banc\u00e1rios de Feira de Santana e contou com as apresenta\u00e7\u00f5es das bandas Sound Mar\u00e9 e Afro Pop. A festa renuiu banc\u00e1rios, familiares e amigos da categoria, que aproveitaram [&hellip;]","og_url":"https:\/\/portalmf.com.br\/index.php\/2023\/03\/20\/sound-mare-e-afro-pop-animaram-lavagem-dos-bancarios-2023\/","og_site_name":"Portal MF","article_author":"reginaldojrfsa","article_published_time":"2023-03-20T14:57:00+00:00","article_modified_time":"2023-03-20T22:22:53+00:00","og_image":[{"width":2560,"height":1152,"url":"https:\/\/portalmf.com.br\/wp-content\/uploads\/2023\/03\/lavagem-dos-bancarios-2-scaled.jpg","type":"image\/jpeg"}],"author":"Reginaldo J\u00fanior","twitter_card":"summary_large_image","twitter_creator":"@reginaldojrmf","twitter_misc":{"Escrito por":"Reginaldo J\u00fanior","Est. tempo de leitura":"3 minutos"},"schema":{"@context":"https:\/\/schema.org","@graph":[{"@type":"WebPage","@id":"https:\/\/portalmf.com.br\/index.php\/2023\/03\/20\/sound-mare-e-afro-pop-animaram-lavagem-dos-bancarios-2023\/","url":"https:\/\/portalmf.com.br\/index.php\/2023\/03\/20\/sound-mare-e-afro-pop-animaram-lavagem-dos-bancarios-2023\/","name":"Sound Mar\u00e9 e Afro Pop animaram Lavagem dos Banc\u00e1rios 2023 - Portal MF","isPartOf":{"@id":"https:\/\/portalmf.com.br\/#website"},"primaryImageOfPage":{"@id":"https:\/\/portalmf.com.br\/index.php\/2023\/03\/20\/sound-mare-e-afro-pop-animaram-lavagem-dos-bancarios-2023\/#primaryimage"},"image":{"@id":"https:\/\/portalmf.com.br\/index.php\/2023\/03\/20\/sound-mare-e-afro-pop-animaram-lavagem-dos-bancarios-2023\/#primaryimage"},"thumbnailUrl":"https:\/\/portalmf.com.br\/wp-content\/uploads\/2023\/03\/lavagem-dos-bancarios-2-scaled.jpg","datePublished":"2023-03-20T14:57:00+00:00","dateModified":"2023-03-20T22:22:53+00:00","author":{"@id":"https:\/\/portalmf.com.br\/#\/schema\/person\/11c82086fe8abc05a19147e964587285"},"breadcrumb":{"@id":"https:\/\/portalmf.com.br\/index.php\/2023\/03\/20\/sound-mare-e-afro-pop-animaram-lavagem-dos-bancarios-2023\/#breadcrumb"},"inLanguage":"pt-BR","potentialAction":[{"@type":"ReadAction","target":["https:\/\/portalmf.com.br\/index.php\/2023\/03\/20\/sound-mare-e-afro-pop-animaram-lavagem-dos-bancarios-2023\/"]}]},{"@type":"ImageObject","inLanguage":"pt-BR","@id":"https:\/\/portalmf.com.br\/index.php\/2023\/03\/20\/sound-mare-e-afro-pop-animaram-lavagem-dos-bancarios-2023\/#primaryimage","url":"https:\/\/portalmf.com.br\/wp-content\/uploads\/2023\/03\/lavagem-dos-bancarios-2-scaled.jpg","contentUrl":"https:\/\/portalmf.com.br\/wp-content\/uploads\/2023\/03\/lavagem-dos-bancarios-2-scaled.jpg","width":2560,"height":1152,"caption":"Foto: Reginaldo J\u00fanior \/ Portal MF"},{"@type":"BreadcrumbList","@id":"https:\/\/portalmf.com.br\/index.php\/2023\/03\/20\/sound-mare-e-afro-pop-animaram-lavagem-dos-bancarios-2023\/#breadcrumb","itemListElement":[{"@type":"ListItem","position":1,"name":"In\u00edcio","item":"https:\/\/portalmf.com.br\/"},{"@type":"ListItem","position":2,"name":"Sound Mar\u00e9 e Afro Pop animaram Lavagem dos Banc\u00e1rios 2023"}]},{"@type":"WebSite","@id":"https:\/\/portalmf.com.br\/#website","url":"https:\/\/portalmf.com.br\/","name":"Portal MF","description":"Voc\u00ea conectado com a informa\u00e7\u00e3o","potentialAction":[{"@type":"SearchAction","target":{"@type":"EntryPoint","urlTemplate":"https:\/\/portalmf.com.br\/?s={search_term_string}"},"query-input":"required name=search_term_string"}],"inLanguage":"pt-BR"},{"@type":"Person","@id":"https:\/\/portalmf.com.br\/#\/schema\/person\/11c82086fe8abc05a19147e964587285","name":"Reginaldo J\u00fanior","image":{"@type":"ImageObject","inLanguage":"pt-BR","@id":"https:\/\/portalmf.com.br\/#\/schema\/person\/image\/","url":"https:\/\/secure.gravatar.com\/avatar\/32a3c797cd0ac47cc53b8644c62776f9?s=96&d=mm&r=g","contentUrl":"https:\/\/secure.gravatar.com\/avatar\/32a3c797cd0ac47cc53b8644c62776f9?s=96&d=mm&r=g","caption":"Reginaldo J\u00fanior"},"description":"Jornalista e idealizador Portal MF","sameAs":["https:\/\/portalmf.com.br\/index.php\/author\/reginaldojr\/","reginaldojrfsa","reginaldojuniormf","https:\/\/x.com\/reginaldojrmf"],"url":"https:\/\/portalmf.com.br\/index.php\/author\/reginaldojr\/"}]}},"_links":{"self":[{"href":"https:\/\/portalmf.com.br\/index.php\/wp-json\/wp\/v2\/posts\/10169"}],"collection":[{"href":"https:\/\/portalmf.com.br\/index.php\/wp-json\/wp\/v2\/posts"}],"about":[{"href":"https:\/\/portalmf.com.br\/index.php\/wp-json\/wp\/v2\/types\/post"}],"author":[{"embeddable":true,"href":"https:\/\/portalmf.com.br\/index.php\/wp-json\/wp\/v2\/users\/2"}],"replies":[{"embeddable":true,"href":"https:\/\/portalmf.com.br\/index.php\/wp-json\/wp\/v2\/comments?post=10169"}],"version-history":[{"count":1,"href":"https:\/\/portalmf.com.br\/index.php\/wp-json\/wp\/v2\/posts\/10169\/revisions"}],"predecessor-version":[{"id":10173,"href":"https:\/\/portalmf.com.br\/index.php\/wp-json\/wp\/v2\/posts\/10169\/revisions\/10173"}],"wp:featuredmedia":[{"embeddable":true,"href":"https:\/\/portalmf.com.br\/index.php\/wp-json\/wp\/v2\/media\/10171"}],"wp:attachment":[{"href":"https:\/\/portalmf.com.br\/index.php\/wp-json\/wp\/v2\/media?parent=10169"}],"wp:term":[{"taxonomy":"category","embeddable":true,"href":"https:\/\/portalmf.com.br\/index.php\/wp-json\/wp\/v2\/categories?post=10169"},{"taxonomy":"post_tag","embeddable":true,"href":"https:\/\/portalmf.com.br\/index.php\/wp-json\/wp\/v2\/tags?post=10169"}],"curies":[{"name":"wp","href":"https:\/\/api.w.org\/{rel}","templated":true}]}}