{"id":10166,"date":"2023-03-20T18:56:49","date_gmt":"2023-03-20T21:56:49","guid":{"rendered":"https:\/\/portalmf.com.br\/?p=10166"},"modified":"2023-03-20T20:02:31","modified_gmt":"2023-03-20T23:02:31","slug":"pagodart-puxara-bloco-la-vem-elas-na-micareta-de-feira-2023","status":"publish","type":"post","link":"https:\/\/portalmf.com.br\/index.php\/2023\/03\/20\/pagodart-puxara-bloco-la-vem-elas-na-micareta-de-feira-2023\/","title":{"rendered":"Pagod&#8217;art puxar\u00e1 bloco L\u00e1 Vem Elas na Micareta de Feira 2023"},"content":{"rendered":"\n<p>Depois de tr\u00eas anos a Micareta de Feira de Santana ser\u00e1 realizada entre dos dias 20 a 23 de abril, no circuito Maneca Ferreira localizado na Avenida Presidente Dutra, e um dos mais tradicionais blocos da folia feirense, o L\u00e1 Vem Elas, confirmou a sua participa\u00e7\u00e3o no evento no S\u00e1bado (22).<\/p>\n\n\n\n<p>Neste ano o bloco travestido ser\u00e1 puxado pela banda Pagod&#8217;art, comandada pelo cantor Flavinho, uma das refer\u00eancias do pagode baiano, que em 2023 puxou o bloco As Muquiranas no carnaval e conta com milhares de f\u00e3s na cidade.<\/p>\n\n\n\n<p><em>\u201cEsse ano o comando do desfile ser\u00e1 da banda <\/em><em>Pagod&#8217;art, pois entendemos que eles est\u00e3o na integrados a proposta de puxar um bloco travestido, visto que esse ano o grupo foi atra\u00e7\u00e3o do primeiro dia das Muquiranas no Carnaval de Salvador e agora vem fazer a festa em Feira de Santana. \u201d,<\/em> disse Walter Lima, um dos diretores do bloco ao Portal MF.<\/p>\n\n\n\n<p>Em 2023 o L\u00e1 Vem Elas completa 39 anos de desfiles na Micareta de Feira, durante a entrevista ao Portal MF, Walter revelou o tema do bloco, As Ciganas.<\/p>\n\n\n\n<p><em>\u201cA fantasia do L\u00e1 Vem em 2023 ficou muito bonito e foi desenhada pelo estilista Fabio Sandes, que tamb\u00e9m \u00e9 respons\u00e1vel em desenhar as fantasias das Muquiranas\u201d,<\/em> revelou o diretor<\/p>\n\n\n\n<p>As fantasias para o L\u00e1 Vem Elas est\u00e3o \u00e0 venda na sede do bloco no Bar Resenharia, mesmo local onde ser\u00e3o entregue, no Balc\u00e3o do Abada e Cia no Shopping das Fabricas e Central Mix.<\/p>\n\n\n\n<p>Os foli\u00f5es que adquiram as fantasia em 2020, poder\u00e3o trocar o ingresso a partir do in\u00edcio de abril na sede do bloco.<\/p>\n\n\n\n<p><em>\u201cNeste ano estamos fazendo um esfor\u00e7o muito grande para colocar o bloco na rua em 2023, para honrar principalmente aquele que compraram a fantasia em 2020 e pela quest\u00e3o da pandemia muitos ficaram com seu ingresso em m\u00e3os, acreditando na hist\u00f3ria do bloco e ser\u00e3o contemplados com um grande desfile neste ano\u201d,<\/em> falou ao site.<\/p>\n","protected":false},"excerpt":{"rendered":"<p>Depois de tr\u00eas anos a Micareta de Feira de Santana ser\u00e1 realizada entre dos dias 20 a 23 de abril, no circuito Maneca Ferreira localizado na Avenida Presidente Dutra, e um dos mais tradicionais blocos da folia feirense, o L\u00e1 Vem Elas, confirmou a sua participa\u00e7\u00e3o no evento no S\u00e1bado (22). Neste ano o bloco [&hellip;]<\/p>\n","protected":false},"author":2,"featured_media":10167,"comment_status":"open","ping_status":"open","sticky":false,"template":"","format":"standard","meta":{"_monsterinsights_skip_tracking":false,"_monsterinsights_sitenote_active":false,"_monsterinsights_sitenote_note":"","_monsterinsights_sitenote_category":0,"footnotes":""},"categories":[47,39],"tags":[],"yoast_head":"<!-- This site is optimized with the Yoast SEO plugin v22.9 - https:\/\/yoast.com\/wordpress\/plugins\/seo\/ -->\n<title>Pagod&#039;art puxar\u00e1 bloco L\u00e1 Vem Elas na Micareta de Feira 2023 - Portal MF<\/title>\n<meta name=\"robots\" content=\"index, follow, max-snippet:-1, max-image-preview:large, max-video-preview:-1\" \/>\n<link rel=\"canonical\" href=\"https:\/\/portalmf.com.br\/index.php\/2023\/03\/20\/pagodart-puxara-bloco-la-vem-elas-na-micareta-de-feira-2023\/\" \/>\n<meta property=\"og:locale\" content=\"pt_BR\" \/>\n<meta property=\"og:type\" content=\"article\" \/>\n<meta property=\"og:title\" content=\"Pagod&#039;art puxar\u00e1 bloco L\u00e1 Vem Elas na Micareta de Feira 2023 - Portal MF\" \/>\n<meta property=\"og:description\" content=\"Depois de tr\u00eas anos a Micareta de Feira de Santana ser\u00e1 realizada entre dos dias 20 a 23 de abril, no circuito Maneca Ferreira localizado na Avenida Presidente Dutra, e um dos mais tradicionais blocos da folia feirense, o L\u00e1 Vem Elas, confirmou a sua participa\u00e7\u00e3o no evento no S\u00e1bado (22). Neste ano o bloco [&hellip;]\" \/>\n<meta property=\"og:url\" content=\"https:\/\/portalmf.com.br\/index.php\/2023\/03\/20\/pagodart-puxara-bloco-la-vem-elas-na-micareta-de-feira-2023\/\" \/>\n<meta property=\"og:site_name\" content=\"Portal MF\" \/>\n<meta property=\"article:author\" content=\"reginaldojrfsa\" \/>\n<meta property=\"article:published_time\" content=\"2023-03-20T21:56:49+00:00\" \/>\n<meta property=\"article:modified_time\" content=\"2023-03-20T23:02:31+00:00\" \/>\n<meta property=\"og:image\" content=\"https:\/\/portalmf.com.br\/wp-content\/uploads\/2023\/03\/banda_pagodart_foto_reproducao.jpg\" \/>\n\t<meta property=\"og:image:width\" content=\"1080\" \/>\n\t<meta property=\"og:image:height\" content=\"670\" \/>\n\t<meta property=\"og:image:type\" content=\"image\/jpeg\" \/>\n<meta name=\"author\" content=\"Reginaldo J\u00fanior\" \/>\n<meta name=\"twitter:card\" content=\"summary_large_image\" \/>\n<meta name=\"twitter:creator\" content=\"@reginaldojrmf\" \/>\n<meta name=\"twitter:label1\" content=\"Escrito por\" \/>\n\t<meta name=\"twitter:data1\" content=\"Reginaldo J\u00fanior\" \/>\n\t<meta name=\"twitter:label2\" content=\"Est. tempo de leitura\" \/>\n\t<meta name=\"twitter:data2\" content=\"2 minutos\" \/>\n<script type=\"application\/ld+json\" class=\"yoast-schema-graph\">{\"@context\":\"https:\/\/schema.org\",\"@graph\":[{\"@type\":\"WebPage\",\"@id\":\"https:\/\/portalmf.com.br\/index.php\/2023\/03\/20\/pagodart-puxara-bloco-la-vem-elas-na-micareta-de-feira-2023\/\",\"url\":\"https:\/\/portalmf.com.br\/index.php\/2023\/03\/20\/pagodart-puxara-bloco-la-vem-elas-na-micareta-de-feira-2023\/\",\"name\":\"Pagod'art puxar\u00e1 bloco L\u00e1 Vem Elas na Micareta de Feira 2023 - Portal MF\",\"isPartOf\":{\"@id\":\"https:\/\/portalmf.com.br\/#website\"},\"primaryImageOfPage\":{\"@id\":\"https:\/\/portalmf.com.br\/index.php\/2023\/03\/20\/pagodart-puxara-bloco-la-vem-elas-na-micareta-de-feira-2023\/#primaryimage\"},\"image\":{\"@id\":\"https:\/\/portalmf.com.br\/index.php\/2023\/03\/20\/pagodart-puxara-bloco-la-vem-elas-na-micareta-de-feira-2023\/#primaryimage\"},\"thumbnailUrl\":\"https:\/\/portalmf.com.br\/wp-content\/uploads\/2023\/03\/banda_pagodart_foto_reproducao.jpg\",\"datePublished\":\"2023-03-20T21:56:49+00:00\",\"dateModified\":\"2023-03-20T23:02:31+00:00\",\"author\":{\"@id\":\"https:\/\/portalmf.com.br\/#\/schema\/person\/11c82086fe8abc05a19147e964587285\"},\"breadcrumb\":{\"@id\":\"https:\/\/portalmf.com.br\/index.php\/2023\/03\/20\/pagodart-puxara-bloco-la-vem-elas-na-micareta-de-feira-2023\/#breadcrumb\"},\"inLanguage\":\"pt-BR\",\"potentialAction\":[{\"@type\":\"ReadAction\",\"target\":[\"https:\/\/portalmf.com.br\/index.php\/2023\/03\/20\/pagodart-puxara-bloco-la-vem-elas-na-micareta-de-feira-2023\/\"]}]},{\"@type\":\"ImageObject\",\"inLanguage\":\"pt-BR\",\"@id\":\"https:\/\/portalmf.com.br\/index.php\/2023\/03\/20\/pagodart-puxara-bloco-la-vem-elas-na-micareta-de-feira-2023\/#primaryimage\",\"url\":\"https:\/\/portalmf.com.br\/wp-content\/uploads\/2023\/03\/banda_pagodart_foto_reproducao.jpg\",\"contentUrl\":\"https:\/\/portalmf.com.br\/wp-content\/uploads\/2023\/03\/banda_pagodart_foto_reproducao.jpg\",\"width\":1080,\"height\":670,\"caption\":\"Foto: Reprodu\u00e7\u00e3o \/ Instagram\"},{\"@type\":\"BreadcrumbList\",\"@id\":\"https:\/\/portalmf.com.br\/index.php\/2023\/03\/20\/pagodart-puxara-bloco-la-vem-elas-na-micareta-de-feira-2023\/#breadcrumb\",\"itemListElement\":[{\"@type\":\"ListItem\",\"position\":1,\"name\":\"In\u00edcio\",\"item\":\"https:\/\/portalmf.com.br\/\"},{\"@type\":\"ListItem\",\"position\":2,\"name\":\"Pagod&#8217;art puxar\u00e1 bloco L\u00e1 Vem Elas na Micareta de Feira 2023\"}]},{\"@type\":\"WebSite\",\"@id\":\"https:\/\/portalmf.com.br\/#website\",\"url\":\"https:\/\/portalmf.com.br\/\",\"name\":\"Portal MF\",\"description\":\"Voc\u00ea conectado com a informa\u00e7\u00e3o\",\"potentialAction\":[{\"@type\":\"SearchAction\",\"target\":{\"@type\":\"EntryPoint\",\"urlTemplate\":\"https:\/\/portalmf.com.br\/?s={search_term_string}\"},\"query-input\":\"required name=search_term_string\"}],\"inLanguage\":\"pt-BR\"},{\"@type\":\"Person\",\"@id\":\"https:\/\/portalmf.com.br\/#\/schema\/person\/11c82086fe8abc05a19147e964587285\",\"name\":\"Reginaldo J\u00fanior\",\"image\":{\"@type\":\"ImageObject\",\"inLanguage\":\"pt-BR\",\"@id\":\"https:\/\/portalmf.com.br\/#\/schema\/person\/image\/\",\"url\":\"https:\/\/secure.gravatar.com\/avatar\/32a3c797cd0ac47cc53b8644c62776f9?s=96&d=mm&r=g\",\"contentUrl\":\"https:\/\/secure.gravatar.com\/avatar\/32a3c797cd0ac47cc53b8644c62776f9?s=96&d=mm&r=g\",\"caption\":\"Reginaldo J\u00fanior\"},\"description\":\"Jornalista e idealizador Portal MF\",\"sameAs\":[\"https:\/\/portalmf.com.br\/index.php\/author\/reginaldojr\/\",\"reginaldojrfsa\",\"reginaldojuniormf\",\"https:\/\/x.com\/reginaldojrmf\"],\"url\":\"https:\/\/portalmf.com.br\/index.php\/author\/reginaldojr\/\"}]}<\/script>\n<!-- \/ Yoast SEO plugin. -->","yoast_head_json":{"title":"Pagod'art puxar\u00e1 bloco L\u00e1 Vem Elas na Micareta de Feira 2023 - Portal MF","robots":{"index":"index","follow":"follow","max-snippet":"max-snippet:-1","max-image-preview":"max-image-preview:large","max-video-preview":"max-video-preview:-1"},"canonical":"https:\/\/portalmf.com.br\/index.php\/2023\/03\/20\/pagodart-puxara-bloco-la-vem-elas-na-micareta-de-feira-2023\/","og_locale":"pt_BR","og_type":"article","og_title":"Pagod'art puxar\u00e1 bloco L\u00e1 Vem Elas na Micareta de Feira 2023 - Portal MF","og_description":"Depois de tr\u00eas anos a Micareta de Feira de Santana ser\u00e1 realizada entre dos dias 20 a 23 de abril, no circuito Maneca Ferreira localizado na Avenida Presidente Dutra, e um dos mais tradicionais blocos da folia feirense, o L\u00e1 Vem Elas, confirmou a sua participa\u00e7\u00e3o no evento no S\u00e1bado (22). Neste ano o bloco [&hellip;]","og_url":"https:\/\/portalmf.com.br\/index.php\/2023\/03\/20\/pagodart-puxara-bloco-la-vem-elas-na-micareta-de-feira-2023\/","og_site_name":"Portal MF","article_author":"reginaldojrfsa","article_published_time":"2023-03-20T21:56:49+00:00","article_modified_time":"2023-03-20T23:02:31+00:00","og_image":[{"width":1080,"height":670,"url":"https:\/\/portalmf.com.br\/wp-content\/uploads\/2023\/03\/banda_pagodart_foto_reproducao.jpg","type":"image\/jpeg"}],"author":"Reginaldo J\u00fanior","twitter_card":"summary_large_image","twitter_creator":"@reginaldojrmf","twitter_misc":{"Escrito por":"Reginaldo J\u00fanior","Est. tempo de leitura":"2 minutos"},"schema":{"@context":"https:\/\/schema.org","@graph":[{"@type":"WebPage","@id":"https:\/\/portalmf.com.br\/index.php\/2023\/03\/20\/pagodart-puxara-bloco-la-vem-elas-na-micareta-de-feira-2023\/","url":"https:\/\/portalmf.com.br\/index.php\/2023\/03\/20\/pagodart-puxara-bloco-la-vem-elas-na-micareta-de-feira-2023\/","name":"Pagod'art puxar\u00e1 bloco L\u00e1 Vem Elas na Micareta de Feira 2023 - Portal MF","isPartOf":{"@id":"https:\/\/portalmf.com.br\/#website"},"primaryImageOfPage":{"@id":"https:\/\/portalmf.com.br\/index.php\/2023\/03\/20\/pagodart-puxara-bloco-la-vem-elas-na-micareta-de-feira-2023\/#primaryimage"},"image":{"@id":"https:\/\/portalmf.com.br\/index.php\/2023\/03\/20\/pagodart-puxara-bloco-la-vem-elas-na-micareta-de-feira-2023\/#primaryimage"},"thumbnailUrl":"https:\/\/portalmf.com.br\/wp-content\/uploads\/2023\/03\/banda_pagodart_foto_reproducao.jpg","datePublished":"2023-03-20T21:56:49+00:00","dateModified":"2023-03-20T23:02:31+00:00","author":{"@id":"https:\/\/portalmf.com.br\/#\/schema\/person\/11c82086fe8abc05a19147e964587285"},"breadcrumb":{"@id":"https:\/\/portalmf.com.br\/index.php\/2023\/03\/20\/pagodart-puxara-bloco-la-vem-elas-na-micareta-de-feira-2023\/#breadcrumb"},"inLanguage":"pt-BR","potentialAction":[{"@type":"ReadAction","target":["https:\/\/portalmf.com.br\/index.php\/2023\/03\/20\/pagodart-puxara-bloco-la-vem-elas-na-micareta-de-feira-2023\/"]}]},{"@type":"ImageObject","inLanguage":"pt-BR","@id":"https:\/\/portalmf.com.br\/index.php\/2023\/03\/20\/pagodart-puxara-bloco-la-vem-elas-na-micareta-de-feira-2023\/#primaryimage","url":"https:\/\/portalmf.com.br\/wp-content\/uploads\/2023\/03\/banda_pagodart_foto_reproducao.jpg","contentUrl":"https:\/\/portalmf.com.br\/wp-content\/uploads\/2023\/03\/banda_pagodart_foto_reproducao.jpg","width":1080,"height":670,"caption":"Foto: Reprodu\u00e7\u00e3o \/ Instagram"},{"@type":"BreadcrumbList","@id":"https:\/\/portalmf.com.br\/index.php\/2023\/03\/20\/pagodart-puxara-bloco-la-vem-elas-na-micareta-de-feira-2023\/#breadcrumb","itemListElement":[{"@type":"ListItem","position":1,"name":"In\u00edcio","item":"https:\/\/portalmf.com.br\/"},{"@type":"ListItem","position":2,"name":"Pagod&#8217;art puxar\u00e1 bloco L\u00e1 Vem Elas na Micareta de Feira 2023"}]},{"@type":"WebSite","@id":"https:\/\/portalmf.com.br\/#website","url":"https:\/\/portalmf.com.br\/","name":"Portal MF","description":"Voc\u00ea conectado com a informa\u00e7\u00e3o","potentialAction":[{"@type":"SearchAction","target":{"@type":"EntryPoint","urlTemplate":"https:\/\/portalmf.com.br\/?s={search_term_string}"},"query-input":"required name=search_term_string"}],"inLanguage":"pt-BR"},{"@type":"Person","@id":"https:\/\/portalmf.com.br\/#\/schema\/person\/11c82086fe8abc05a19147e964587285","name":"Reginaldo J\u00fanior","image":{"@type":"ImageObject","inLanguage":"pt-BR","@id":"https:\/\/portalmf.com.br\/#\/schema\/person\/image\/","url":"https:\/\/secure.gravatar.com\/avatar\/32a3c797cd0ac47cc53b8644c62776f9?s=96&d=mm&r=g","contentUrl":"https:\/\/secure.gravatar.com\/avatar\/32a3c797cd0ac47cc53b8644c62776f9?s=96&d=mm&r=g","caption":"Reginaldo J\u00fanior"},"description":"Jornalista e idealizador Portal MF","sameAs":["https:\/\/portalmf.com.br\/index.php\/author\/reginaldojr\/","reginaldojrfsa","reginaldojuniormf","https:\/\/x.com\/reginaldojrmf"],"url":"https:\/\/portalmf.com.br\/index.php\/author\/reginaldojr\/"}]}},"_links":{"self":[{"href":"https:\/\/portalmf.com.br\/index.php\/wp-json\/wp\/v2\/posts\/10166"}],"collection":[{"href":"https:\/\/portalmf.com.br\/index.php\/wp-json\/wp\/v2\/posts"}],"about":[{"href":"https:\/\/portalmf.com.br\/index.php\/wp-json\/wp\/v2\/types\/post"}],"author":[{"embeddable":true,"href":"https:\/\/portalmf.com.br\/index.php\/wp-json\/wp\/v2\/users\/2"}],"replies":[{"embeddable":true,"href":"https:\/\/portalmf.com.br\/index.php\/wp-json\/wp\/v2\/comments?post=10166"}],"version-history":[{"count":2,"href":"https:\/\/portalmf.com.br\/index.php\/wp-json\/wp\/v2\/posts\/10166\/revisions"}],"predecessor-version":[{"id":10181,"href":"https:\/\/portalmf.com.br\/index.php\/wp-json\/wp\/v2\/posts\/10166\/revisions\/10181"}],"wp:featuredmedia":[{"embeddable":true,"href":"https:\/\/portalmf.com.br\/index.php\/wp-json\/wp\/v2\/media\/10167"}],"wp:attachment":[{"href":"https:\/\/portalmf.com.br\/index.php\/wp-json\/wp\/v2\/media?parent=10166"}],"wp:term":[{"taxonomy":"category","embeddable":true,"href":"https:\/\/portalmf.com.br\/index.php\/wp-json\/wp\/v2\/categories?post=10166"},{"taxonomy":"post_tag","embeddable":true,"href":"https:\/\/portalmf.com.br\/index.php\/wp-json\/wp\/v2\/tags?post=10166"}],"curies":[{"name":"wp","href":"https:\/\/api.w.org\/{rel}","templated":true}]}}