{"id":10159,"date":"2023-03-20T14:06:26","date_gmt":"2023-03-20T17:06:26","guid":{"rendered":"https:\/\/portalmf.com.br\/?p=10159"},"modified":"2023-03-20T22:42:14","modified_gmt":"2023-03-21T01:42:14","slug":"prefeitura-divulga-primeiras-atracoes-para-a-micareta-de-feira-2023","status":"publish","type":"post","link":"https:\/\/portalmf.com.br\/index.php\/2023\/03\/20\/prefeitura-divulga-primeiras-atracoes-para-a-micareta-de-feira-2023\/","title":{"rendered":"Prefeitura divulga primeiras atra\u00e7\u00f5es para a Micareta de Feira 2023"},"content":{"rendered":"\n<p>Na manh\u00e3 deste segunda-feira (19), o prefeito Colbert Martins divulgou as primeiras atra\u00e7\u00f5es que animaram a Micareta de Feira de Santana, que acontece entre os dias 20 a 23 de abril no circuito Maneca Ferreira (Avenida Presidente Dutra).<\/p>\n\n\n\n<p>Cerca de 80 atra\u00e7\u00f5es ir\u00e3o se apresenta\u00e7\u00e3o na Avenida e outros pontos espalhados pela cidade.<\/p>\n\n\n\n<p><strong>Atra\u00e7\u00f5es<\/strong><\/p>\n\n\n\n<p>Uma das atra\u00e7\u00f5es mais aguardadas foi anunciada pelo prefeito, feirense Thiago Aquino, vai puxar a pipoca pela primeira vez na folia, outra estreia \u00e9 o cantor Jovem Dex.<\/p>\n\n\n\n<p>Tamb\u00e9m foram confirmadas as presen\u00e7as de Bell Marques, Claudia Leitte, L\u00e9o Santana, Oh Pol\u00eamico, Xanddy Harmonia, Timbalada, La F\u00faria, Edson Gomes, Olodum entre outras.<\/p>\n\n\n\n<p>Confira a lista completa das primeiras atra\u00e7\u00f5es confirmadas para Micareta de Feira 2023<\/p>\n\n\n\n<p>1- Xanddy Harmonia<\/p>\n\n\n\n<p>2- Olodum<\/p>\n\n\n\n<p>3- Claudia Leitte<\/p>\n\n\n\n<p>4- Oh Pol\u00eamico<\/p>\n\n\n\n<p>5- Jovem Dex<\/p>\n\n\n\n<p>6- Djalma Ferreira<\/p>\n\n\n\n<p>7- Psirico<\/p>\n\n\n\n<p>8- Libu do Reggae<\/p>\n\n\n\n<p>9- Edson Gomes<\/p>\n\n\n\n<p>10- Igor Kannario<\/p>\n\n\n\n<p>11- L\u00e9o Santana<\/p>\n\n\n\n<p>12- La F\u00faria<\/p>\n\n\n\n<p>13- Dionorina<\/p>\n\n\n\n<p>14- Tayrone<\/p>\n\n\n\n<p>15- Aud\u00e1cia Pura<\/p>\n\n\n\n<p>16- M\u00e1rcia Porto<\/p>\n\n\n\n<p>17- Timbalada<\/p>\n\n\n\n<p>18- Paulo Bind\u00e1<\/p>\n\n\n\n<p>19- Thiago Aquino<\/p>\n\n\n\n<p>20 &#8211; Bell Marques<\/p>\n\n\n\n<figure class=\"wp-block-embed is-type-video is-provider-youtube wp-block-embed-youtube wp-embed-aspect-16-9 wp-has-aspect-ratio\"><div class=\"wp-block-embed__wrapper\">\n<iframe title=\"Divulgadas primeiras atra\u00e7\u00f5es para Micareta de Feira 2023 - TvGeral.com.br\" width=\"696\" height=\"392\" src=\"https:\/\/www.youtube.com\/embed\/hKyNf1ZXvWs?feature=oembed\" frameborder=\"0\" allow=\"accelerometer; autoplay; clipboard-write; encrypted-media; gyroscope; picture-in-picture; web-share\" allowfullscreen><\/iframe>\n<\/div><\/figure>\n","protected":false},"excerpt":{"rendered":"<p>Na manh\u00e3 deste segunda-feira (19), o prefeito Colbert Martins divulgou as primeiras atra\u00e7\u00f5es que animaram a Micareta de Feira de Santana, que acontece entre os dias 20 a 23 de abril no circuito Maneca Ferreira (Avenida Presidente Dutra). Cerca de 80 atra\u00e7\u00f5es ir\u00e3o se apresenta\u00e7\u00e3o na Avenida e outros pontos espalhados pela cidade. Atra\u00e7\u00f5es Uma [&hellip;]<\/p>\n","protected":false},"author":2,"featured_media":10160,"comment_status":"open","ping_status":"open","sticky":false,"template":"","format":"standard","meta":{"_monsterinsights_skip_tracking":false,"_monsterinsights_sitenote_active":false,"_monsterinsights_sitenote_note":"","_monsterinsights_sitenote_category":0,"footnotes":""},"categories":[47,39],"tags":[],"yoast_head":"<!-- This site is optimized with the Yoast SEO plugin v22.9 - https:\/\/yoast.com\/wordpress\/plugins\/seo\/ -->\n<title>Prefeitura divulga primeiras atra\u00e7\u00f5es para a Micareta de Feira 2023 - Portal MF<\/title>\n<meta name=\"robots\" content=\"index, follow, max-snippet:-1, max-image-preview:large, max-video-preview:-1\" \/>\n<link rel=\"canonical\" href=\"https:\/\/portalmf.com.br\/index.php\/2023\/03\/20\/prefeitura-divulga-primeiras-atracoes-para-a-micareta-de-feira-2023\/\" \/>\n<meta property=\"og:locale\" content=\"pt_BR\" \/>\n<meta property=\"og:type\" content=\"article\" \/>\n<meta property=\"og:title\" content=\"Prefeitura divulga primeiras atra\u00e7\u00f5es para a Micareta de Feira 2023 - Portal MF\" \/>\n<meta property=\"og:description\" content=\"Na manh\u00e3 deste segunda-feira (19), o prefeito Colbert Martins divulgou as primeiras atra\u00e7\u00f5es que animaram a Micareta de Feira de Santana, que acontece entre os dias 20 a 23 de abril no circuito Maneca Ferreira (Avenida Presidente Dutra). Cerca de 80 atra\u00e7\u00f5es ir\u00e3o se apresenta\u00e7\u00e3o na Avenida e outros pontos espalhados pela cidade. Atra\u00e7\u00f5es Uma [&hellip;]\" \/>\n<meta property=\"og:url\" content=\"https:\/\/portalmf.com.br\/index.php\/2023\/03\/20\/prefeitura-divulga-primeiras-atracoes-para-a-micareta-de-feira-2023\/\" \/>\n<meta property=\"og:site_name\" content=\"Portal MF\" \/>\n<meta property=\"article:author\" content=\"reginaldojrfsa\" \/>\n<meta property=\"article:published_time\" content=\"2023-03-20T17:06:26+00:00\" \/>\n<meta property=\"article:modified_time\" content=\"2023-03-21T01:42:14+00:00\" \/>\n<meta property=\"og:image\" content=\"https:\/\/portalmf.com.br\/wp-content\/uploads\/2023\/03\/atracoes_micareta_2023.jpg\" \/>\n\t<meta property=\"og:image:width\" content=\"1024\" \/>\n\t<meta property=\"og:image:height\" content=\"500\" \/>\n\t<meta property=\"og:image:type\" content=\"image\/jpeg\" \/>\n<meta name=\"author\" content=\"Reginaldo J\u00fanior\" \/>\n<meta name=\"twitter:card\" content=\"summary_large_image\" \/>\n<meta name=\"twitter:creator\" content=\"@reginaldojrmf\" \/>\n<meta name=\"twitter:label1\" content=\"Escrito por\" \/>\n\t<meta name=\"twitter:data1\" content=\"Reginaldo J\u00fanior\" \/>\n\t<meta name=\"twitter:label2\" content=\"Est. tempo de leitura\" \/>\n\t<meta name=\"twitter:data2\" content=\"1 minuto\" \/>\n<script type=\"application\/ld+json\" class=\"yoast-schema-graph\">{\"@context\":\"https:\/\/schema.org\",\"@graph\":[{\"@type\":\"WebPage\",\"@id\":\"https:\/\/portalmf.com.br\/index.php\/2023\/03\/20\/prefeitura-divulga-primeiras-atracoes-para-a-micareta-de-feira-2023\/\",\"url\":\"https:\/\/portalmf.com.br\/index.php\/2023\/03\/20\/prefeitura-divulga-primeiras-atracoes-para-a-micareta-de-feira-2023\/\",\"name\":\"Prefeitura divulga primeiras atra\u00e7\u00f5es para a Micareta de Feira 2023 - Portal MF\",\"isPartOf\":{\"@id\":\"https:\/\/portalmf.com.br\/#website\"},\"primaryImageOfPage\":{\"@id\":\"https:\/\/portalmf.com.br\/index.php\/2023\/03\/20\/prefeitura-divulga-primeiras-atracoes-para-a-micareta-de-feira-2023\/#primaryimage\"},\"image\":{\"@id\":\"https:\/\/portalmf.com.br\/index.php\/2023\/03\/20\/prefeitura-divulga-primeiras-atracoes-para-a-micareta-de-feira-2023\/#primaryimage\"},\"thumbnailUrl\":\"https:\/\/portalmf.com.br\/wp-content\/uploads\/2023\/03\/atracoes_micareta_2023.jpg\",\"datePublished\":\"2023-03-20T17:06:26+00:00\",\"dateModified\":\"2023-03-21T01:42:14+00:00\",\"author\":{\"@id\":\"https:\/\/portalmf.com.br\/#\/schema\/person\/11c82086fe8abc05a19147e964587285\"},\"breadcrumb\":{\"@id\":\"https:\/\/portalmf.com.br\/index.php\/2023\/03\/20\/prefeitura-divulga-primeiras-atracoes-para-a-micareta-de-feira-2023\/#breadcrumb\"},\"inLanguage\":\"pt-BR\",\"potentialAction\":[{\"@type\":\"ReadAction\",\"target\":[\"https:\/\/portalmf.com.br\/index.php\/2023\/03\/20\/prefeitura-divulga-primeiras-atracoes-para-a-micareta-de-feira-2023\/\"]}]},{\"@type\":\"ImageObject\",\"inLanguage\":\"pt-BR\",\"@id\":\"https:\/\/portalmf.com.br\/index.php\/2023\/03\/20\/prefeitura-divulga-primeiras-atracoes-para-a-micareta-de-feira-2023\/#primaryimage\",\"url\":\"https:\/\/portalmf.com.br\/wp-content\/uploads\/2023\/03\/atracoes_micareta_2023.jpg\",\"contentUrl\":\"https:\/\/portalmf.com.br\/wp-content\/uploads\/2023\/03\/atracoes_micareta_2023.jpg\",\"width\":1024,\"height\":500},{\"@type\":\"BreadcrumbList\",\"@id\":\"https:\/\/portalmf.com.br\/index.php\/2023\/03\/20\/prefeitura-divulga-primeiras-atracoes-para-a-micareta-de-feira-2023\/#breadcrumb\",\"itemListElement\":[{\"@type\":\"ListItem\",\"position\":1,\"name\":\"In\u00edcio\",\"item\":\"https:\/\/portalmf.com.br\/\"},{\"@type\":\"ListItem\",\"position\":2,\"name\":\"Prefeitura divulga primeiras atra\u00e7\u00f5es para a Micareta de Feira 2023\"}]},{\"@type\":\"WebSite\",\"@id\":\"https:\/\/portalmf.com.br\/#website\",\"url\":\"https:\/\/portalmf.com.br\/\",\"name\":\"Portal MF\",\"description\":\"Voc\u00ea conectado com a informa\u00e7\u00e3o\",\"potentialAction\":[{\"@type\":\"SearchAction\",\"target\":{\"@type\":\"EntryPoint\",\"urlTemplate\":\"https:\/\/portalmf.com.br\/?s={search_term_string}\"},\"query-input\":\"required name=search_term_string\"}],\"inLanguage\":\"pt-BR\"},{\"@type\":\"Person\",\"@id\":\"https:\/\/portalmf.com.br\/#\/schema\/person\/11c82086fe8abc05a19147e964587285\",\"name\":\"Reginaldo J\u00fanior\",\"image\":{\"@type\":\"ImageObject\",\"inLanguage\":\"pt-BR\",\"@id\":\"https:\/\/portalmf.com.br\/#\/schema\/person\/image\/\",\"url\":\"https:\/\/secure.gravatar.com\/avatar\/32a3c797cd0ac47cc53b8644c62776f9?s=96&d=mm&r=g\",\"contentUrl\":\"https:\/\/secure.gravatar.com\/avatar\/32a3c797cd0ac47cc53b8644c62776f9?s=96&d=mm&r=g\",\"caption\":\"Reginaldo J\u00fanior\"},\"description\":\"Jornalista e idealizador Portal MF\",\"sameAs\":[\"https:\/\/portalmf.com.br\/index.php\/author\/reginaldojr\/\",\"reginaldojrfsa\",\"reginaldojuniormf\",\"https:\/\/x.com\/reginaldojrmf\"],\"url\":\"https:\/\/portalmf.com.br\/index.php\/author\/reginaldojr\/\"}]}<\/script>\n<!-- \/ Yoast SEO plugin. -->","yoast_head_json":{"title":"Prefeitura divulga primeiras atra\u00e7\u00f5es para a Micareta de Feira 2023 - Portal MF","robots":{"index":"index","follow":"follow","max-snippet":"max-snippet:-1","max-image-preview":"max-image-preview:large","max-video-preview":"max-video-preview:-1"},"canonical":"https:\/\/portalmf.com.br\/index.php\/2023\/03\/20\/prefeitura-divulga-primeiras-atracoes-para-a-micareta-de-feira-2023\/","og_locale":"pt_BR","og_type":"article","og_title":"Prefeitura divulga primeiras atra\u00e7\u00f5es para a Micareta de Feira 2023 - Portal MF","og_description":"Na manh\u00e3 deste segunda-feira (19), o prefeito Colbert Martins divulgou as primeiras atra\u00e7\u00f5es que animaram a Micareta de Feira de Santana, que acontece entre os dias 20 a 23 de abril no circuito Maneca Ferreira (Avenida Presidente Dutra). Cerca de 80 atra\u00e7\u00f5es ir\u00e3o se apresenta\u00e7\u00e3o na Avenida e outros pontos espalhados pela cidade. Atra\u00e7\u00f5es Uma [&hellip;]","og_url":"https:\/\/portalmf.com.br\/index.php\/2023\/03\/20\/prefeitura-divulga-primeiras-atracoes-para-a-micareta-de-feira-2023\/","og_site_name":"Portal MF","article_author":"reginaldojrfsa","article_published_time":"2023-03-20T17:06:26+00:00","article_modified_time":"2023-03-21T01:42:14+00:00","og_image":[{"width":1024,"height":500,"url":"https:\/\/portalmf.com.br\/wp-content\/uploads\/2023\/03\/atracoes_micareta_2023.jpg","type":"image\/jpeg"}],"author":"Reginaldo J\u00fanior","twitter_card":"summary_large_image","twitter_creator":"@reginaldojrmf","twitter_misc":{"Escrito por":"Reginaldo J\u00fanior","Est. tempo de leitura":"1 minuto"},"schema":{"@context":"https:\/\/schema.org","@graph":[{"@type":"WebPage","@id":"https:\/\/portalmf.com.br\/index.php\/2023\/03\/20\/prefeitura-divulga-primeiras-atracoes-para-a-micareta-de-feira-2023\/","url":"https:\/\/portalmf.com.br\/index.php\/2023\/03\/20\/prefeitura-divulga-primeiras-atracoes-para-a-micareta-de-feira-2023\/","name":"Prefeitura divulga primeiras atra\u00e7\u00f5es para a Micareta de Feira 2023 - Portal MF","isPartOf":{"@id":"https:\/\/portalmf.com.br\/#website"},"primaryImageOfPage":{"@id":"https:\/\/portalmf.com.br\/index.php\/2023\/03\/20\/prefeitura-divulga-primeiras-atracoes-para-a-micareta-de-feira-2023\/#primaryimage"},"image":{"@id":"https:\/\/portalmf.com.br\/index.php\/2023\/03\/20\/prefeitura-divulga-primeiras-atracoes-para-a-micareta-de-feira-2023\/#primaryimage"},"thumbnailUrl":"https:\/\/portalmf.com.br\/wp-content\/uploads\/2023\/03\/atracoes_micareta_2023.jpg","datePublished":"2023-03-20T17:06:26+00:00","dateModified":"2023-03-21T01:42:14+00:00","author":{"@id":"https:\/\/portalmf.com.br\/#\/schema\/person\/11c82086fe8abc05a19147e964587285"},"breadcrumb":{"@id":"https:\/\/portalmf.com.br\/index.php\/2023\/03\/20\/prefeitura-divulga-primeiras-atracoes-para-a-micareta-de-feira-2023\/#breadcrumb"},"inLanguage":"pt-BR","potentialAction":[{"@type":"ReadAction","target":["https:\/\/portalmf.com.br\/index.php\/2023\/03\/20\/prefeitura-divulga-primeiras-atracoes-para-a-micareta-de-feira-2023\/"]}]},{"@type":"ImageObject","inLanguage":"pt-BR","@id":"https:\/\/portalmf.com.br\/index.php\/2023\/03\/20\/prefeitura-divulga-primeiras-atracoes-para-a-micareta-de-feira-2023\/#primaryimage","url":"https:\/\/portalmf.com.br\/wp-content\/uploads\/2023\/03\/atracoes_micareta_2023.jpg","contentUrl":"https:\/\/portalmf.com.br\/wp-content\/uploads\/2023\/03\/atracoes_micareta_2023.jpg","width":1024,"height":500},{"@type":"BreadcrumbList","@id":"https:\/\/portalmf.com.br\/index.php\/2023\/03\/20\/prefeitura-divulga-primeiras-atracoes-para-a-micareta-de-feira-2023\/#breadcrumb","itemListElement":[{"@type":"ListItem","position":1,"name":"In\u00edcio","item":"https:\/\/portalmf.com.br\/"},{"@type":"ListItem","position":2,"name":"Prefeitura divulga primeiras atra\u00e7\u00f5es para a Micareta de Feira 2023"}]},{"@type":"WebSite","@id":"https:\/\/portalmf.com.br\/#website","url":"https:\/\/portalmf.com.br\/","name":"Portal MF","description":"Voc\u00ea conectado com a informa\u00e7\u00e3o","potentialAction":[{"@type":"SearchAction","target":{"@type":"EntryPoint","urlTemplate":"https:\/\/portalmf.com.br\/?s={search_term_string}"},"query-input":"required name=search_term_string"}],"inLanguage":"pt-BR"},{"@type":"Person","@id":"https:\/\/portalmf.com.br\/#\/schema\/person\/11c82086fe8abc05a19147e964587285","name":"Reginaldo J\u00fanior","image":{"@type":"ImageObject","inLanguage":"pt-BR","@id":"https:\/\/portalmf.com.br\/#\/schema\/person\/image\/","url":"https:\/\/secure.gravatar.com\/avatar\/32a3c797cd0ac47cc53b8644c62776f9?s=96&d=mm&r=g","contentUrl":"https:\/\/secure.gravatar.com\/avatar\/32a3c797cd0ac47cc53b8644c62776f9?s=96&d=mm&r=g","caption":"Reginaldo J\u00fanior"},"description":"Jornalista e idealizador Portal MF","sameAs":["https:\/\/portalmf.com.br\/index.php\/author\/reginaldojr\/","reginaldojrfsa","reginaldojuniormf","https:\/\/x.com\/reginaldojrmf"],"url":"https:\/\/portalmf.com.br\/index.php\/author\/reginaldojr\/"}]}},"_links":{"self":[{"href":"https:\/\/portalmf.com.br\/index.php\/wp-json\/wp\/v2\/posts\/10159"}],"collection":[{"href":"https:\/\/portalmf.com.br\/index.php\/wp-json\/wp\/v2\/posts"}],"about":[{"href":"https:\/\/portalmf.com.br\/index.php\/wp-json\/wp\/v2\/types\/post"}],"author":[{"embeddable":true,"href":"https:\/\/portalmf.com.br\/index.php\/wp-json\/wp\/v2\/users\/2"}],"replies":[{"embeddable":true,"href":"https:\/\/portalmf.com.br\/index.php\/wp-json\/wp\/v2\/comments?post=10159"}],"version-history":[{"count":3,"href":"https:\/\/portalmf.com.br\/index.php\/wp-json\/wp\/v2\/posts\/10159\/revisions"}],"predecessor-version":[{"id":10182,"href":"https:\/\/portalmf.com.br\/index.php\/wp-json\/wp\/v2\/posts\/10159\/revisions\/10182"}],"wp:featuredmedia":[{"embeddable":true,"href":"https:\/\/portalmf.com.br\/index.php\/wp-json\/wp\/v2\/media\/10160"}],"wp:attachment":[{"href":"https:\/\/portalmf.com.br\/index.php\/wp-json\/wp\/v2\/media?parent=10159"}],"wp:term":[{"taxonomy":"category","embeddable":true,"href":"https:\/\/portalmf.com.br\/index.php\/wp-json\/wp\/v2\/categories?post=10159"},{"taxonomy":"post_tag","embeddable":true,"href":"https:\/\/portalmf.com.br\/index.php\/wp-json\/wp\/v2\/tags?post=10159"}],"curies":[{"name":"wp","href":"https:\/\/api.w.org\/{rel}","templated":true}]}}